{"id":1154,"date":"2019-06-19T09:40:41","date_gmt":"2019-06-19T09:40:41","guid":{"rendered":"https:\/\/samba-resille.org\/international-platform\/?p=1154"},"modified":"2024-03-25T11:04:55","modified_gmt":"2024-03-25T11:04:55","slug":"samba-resille-a-helsinki-constructeurs-despaces-de-cooperations-multiculturelles","status":"publish","type":"post","link":"https:\/\/samba-resille.org\/international-platform\/en\/2019\/06\/19\/samba-resille-a-helsinki-constructeurs-despaces-de-cooperations-multiculturelles\/","title":{"rendered":"Samba R\u00e9sille \u00e0 Helsinki"},"content":{"rendered":"<div data-elementor-type=\"wp-post\" data-elementor-id=\"1154\" class=\"elementor elementor-1154\" wpc-filter-elementor-widget=\"1\" data-elementor-post-type=\"post\">\n\t\t\t\t\t\t<section class=\"elementor-section elementor-top-section elementor-element elementor-element-4c6b9814 elementor-section-boxed elementor-section-height-default elementor-section-height-default wpr-particle-no wpr-jarallax-no wpr-parallax-no wpr-sticky-section-no wpr-equal-height-no\" data-id=\"4c6b9814\" data-element_type=\"section\" data-e-type=\"section\">\n\t\t\t\t\t\t<div class=\"elementor-container elementor-column-gap-default\">\n\t\t\t\t\t<div class=\"elementor-column elementor-col-100 elementor-top-column elementor-element elementor-element-2b552f07\" data-id=\"2b552f07\" data-element_type=\"column\" data-e-type=\"column\">\n\t\t\t<div class=\"elementor-widget-wrap elementor-element-populated\">\n\t\t\t\t\t\t<div class=\"elementor-element elementor-element-5808e27b elementor-widget elementor-widget-text-editor\" data-id=\"5808e27b\" data-element_type=\"widget\" data-e-type=\"widget\" data-widget_type=\"text-editor.default\">\n\t\t\t\t<div class=\"elementor-widget-container\">\n\t\t\t\t\t\t\t\t\t<p><span style=\"color: #000000;\"><img decoding=\"async\" class=\"wp-image-964 alignleft\" src=\"https:\/\/samba-resille.org\/international-platform\/wp-content\/uploads\/2019\/06\/IMG_20190606_165433-300x225.jpg\" alt=\"\" width=\"188\" height=\"141\" srcset=\"https:\/\/samba-resille.org\/international-platform\/wp-content\/uploads\/2019\/06\/IMG_20190606_165433-300x225.jpg 300w, https:\/\/samba-resille.org\/international-platform\/wp-content\/uploads\/2019\/06\/IMG_20190606_165433-768x576.jpg 768w, https:\/\/samba-resille.org\/international-platform\/wp-content\/uploads\/2019\/06\/IMG_20190606_165433-1024x768.jpg 1024w\" sizes=\"(max-width: 188px) 100vw, 188px\" \/>Du 3 au 9 juin 2019, 50 membres de Samba R\u00e9sille \u00e9taient en terre finlandaise dans le cadre du projet europ\u00e9en \u00ab\u00a0<a style=\"color: #000000;\" href=\"https:\/\/samba-resille.org\/international-platform\/fi-fr-su\/\" target=\"_blank\" rel=\"noopener\">Manufacturers of multicultural cooperation spaces\u00a0<\/a>\u00bb<strong>.\u00a0<br \/><\/strong><br \/>Il s&rsquo;agit d&rsquo;une coop\u00e9ration entre trois structures europ\u00e9ennes, <strong>Samba R\u00e9sille<\/strong>, la <strong>F\u00e9d\u00e9ration finlandaise des \u00e9coles de samba<\/strong> and<strong> A Bunda - Sweden<\/strong> en Su\u00e8de, qui utilisent le samba pour mener des actions cr\u00e9atives, sociales et citoyennes. La coop\u00e9ration vise \u00e0 d\u00e9velopper les comp\u00e9tences artistiques et manag\u00e9riales des personnels impliqu\u00e9s pour consolider et amplifier les r\u00e9seaux sambistes en France et en Europe.<br \/><br \/>Deux mobilit\u00e9s apprenantes sont programm\u00e9es, pour r\u00e9pondre \u00e0 des objectifs bien sp\u00e9cifiques :<br \/>\u2022 Approfondir les comp\u00e9tences artistiques et \u00e9largir le spectre multidisciplinaire des activit\u00e9s des partenaires ;<br \/>\u2022 Se former et concevoir des outils pour structurer et faire grandir les r\u00e9seaux sambistes europ\u00e9ens ;<br \/>\u2022 Interroger la fusion de la culture br\u00e9silienne avec les cultures du Nord, pour s\u2019en inspirer et favoriser l\u2019engagement interculturel.<br \/><br \/>Premier \u00e9tape de ce projet, Samba R\u00e9sille a \u00e9t\u00e9 accueillie par la F\u00e9d\u00e9ration finlandaise des \u00e9coles de samba (<a style=\"background-color: #ffffff; color: #000000;\" href=\"https:\/\/samba.fi\/\" target=\"_blank\" rel=\"noopener\">Suomen sambakoulujen liitto ry<\/a>) qui \u0153uvre pour proposer exp\u00e9riences et savoirs sambistes, et pour promouvoir le samba comme loisir au niveau national et international. Elle repr\u00e9sente aujourd\u2019hui 7 \u00e9coles de samba \u00e0 travers la Finlande pour plus de 800 membres, et vise avant tout \u00e0 faire cro\u00eetre les comp\u00e9tences et les connaissances relatives au samba et \u00e0 mettre en \u0153uvre des coop\u00e9rations internationales entre les associations membres et d\u2019autres \u00e9coles de samba.<br \/><br \/><\/span><span style=\"color: #000000;\">D\u00e9couvrir le programme en d\u00e9tails <a style=\"color: #000000;\" href=\"https:\/\/samba-resille.org\/international-platform\/fi-fr-su\/\" target=\"_blank\" rel=\"noopener\">&gt;&gt;&gt;<\/a><strong><br \/><\/strong><\/span><\/p>\t\t\t\t\t\t\t\t<\/div>\n\t\t\t\t<\/div>\n\t\t\t\t\t<\/div>\n\t\t<\/div>\n\t\t\t\t\t<\/div>\n\t\t<\/section>\n\t\t\t\t<\/div>","protected":false},"excerpt":{"rendered":"<p>Du 3 au 9 juin 2019, 50 membres de Samba R\u00e9sille \u00e9taient en terre finlandaise dans le cadre du projet europ\u00e9en \u00ab\u00a0Constructeurs d\u2019espaces de coop\u00e9rations multiculturelles\u00a0\u00bb.\u00a0Il s&rsquo;agit d&rsquo;une coop\u00e9ration entre trois structures europ\u00e9ennes, Samba R\u00e9sille, la F\u00e9d\u00e9ration finlandaise des \u00e9coles de samba et A Bunda en Su\u00e8de, qui utilisent le samba pour mener des actions cr\u00e9atives, sociales et citoyennes. La coop\u00e9ration vise \u00e0 d\u00e9velopper les comp\u00e9tences artistiques et manag\u00e9riales des personnels impliqu\u00e9s pour consolider et amplifier les r\u00e9seaux sambistes en France et en Europe. Deux mobilit\u00e9s apprenantes sont programm\u00e9es, pour r\u00e9pondre \u00e0 des objectifs bien sp\u00e9cifiques :\u2022 Approfondir les comp\u00e9tences artistiques et \u00e9largir le spectre multidisciplinaire des activit\u00e9s des partenaires ;\u2022 Se former et concevoir des outils pour structurer et faire grandir les r\u00e9seaux sambistes europ\u00e9ens ;\u2022 Interroger la fusion de la culture br\u00e9silienne avec les cultures du Nord, pour s\u2019en inspirer et favoriser l\u2019engagement interculturel. Premier \u00e9tape de ce projet, Samba R\u00e9sille a \u00e9t\u00e9 accueillie par la F\u00e9d\u00e9ration finlandaise des \u00e9coles de samba (Suomen sambakoulujen liitto ry) qui \u0153uvre pour proposer exp\u00e9riences et savoirs sambistes, et pour promouvoir le samba comme loisir au niveau national et international. Elle repr\u00e9sente aujourd\u2019hui 7 \u00e9coles de samba \u00e0 travers la Finlande pour plus de 800 membres, et vise avant tout \u00e0 faire cro\u00eetre les comp\u00e9tences et les connaissances relatives au samba et \u00e0 mettre en \u0153uvre des coop\u00e9rations internationales entre les associations membres et d\u2019autres \u00e9coles de samba. D\u00e9couvrir le programme en d\u00e9tails &gt;&gt;&gt;<\/p>","protected":false},"author":2,"featured_media":1155,"comment_status":"closed","ping_status":"closed","sticky":false,"template":"","format":"standard","meta":{"footnotes":""},"categories":[66,45,74,41,54,28,75,76,40,43],"tags":[],"class_list":["post-1154","post","type-post","status-publish","format-standard","has-post-thumbnail","hentry","category-66","category-adultes","category-age","category-annee","category-finlande","category-formation","category-geographie","category-objectifs","category-pays","category-projet-europeen"],"_links":{"self":[{"href":"https:\/\/samba-resille.org\/international-platform\/en\/wp-json\/wp\/v2\/posts\/1154","targetHints":{"allow":["GET"]}}],"collection":[{"href":"https:\/\/samba-resille.org\/international-platform\/en\/wp-json\/wp\/v2\/posts"}],"about":[{"href":"https:\/\/samba-resille.org\/international-platform\/en\/wp-json\/wp\/v2\/types\/post"}],"author":[{"embeddable":true,"href":"https:\/\/samba-resille.org\/international-platform\/en\/wp-json\/wp\/v2\/users\/2"}],"replies":[{"embeddable":true,"href":"https:\/\/samba-resille.org\/international-platform\/en\/wp-json\/wp\/v2\/comments?post=1154"}],"version-history":[{"count":1,"href":"https:\/\/samba-resille.org\/international-platform\/en\/wp-json\/wp\/v2\/posts\/1154\/revisions"}],"predecessor-version":[{"id":7829,"href":"https:\/\/samba-resille.org\/international-platform\/en\/wp-json\/wp\/v2\/posts\/1154\/revisions\/7829"}],"wp:featuredmedia":[{"embeddable":true,"href":"https:\/\/samba-resille.org\/international-platform\/en\/wp-json\/wp\/v2\/media\/1155"}],"wp:attachment":[{"href":"https:\/\/samba-resille.org\/international-platform\/en\/wp-json\/wp\/v2\/media?parent=1154"}],"wp:term":[{"taxonomy":"category","embeddable":true,"href":"https:\/\/samba-resille.org\/international-platform\/en\/wp-json\/wp\/v2\/categories?post=1154"},{"taxonomy":"post_tag","embeddable":true,"href":"https:\/\/samba-resille.org\/international-platform\/en\/wp-json\/wp\/v2\/tags?post=1154"}],"curies":[{"name":"wp","href":"https:\/\/api.w.org\/{rel}","templated":true}]}}