{"id":2053,"date":"2019-10-16T16:19:51","date_gmt":"2019-10-16T16:19:51","guid":{"rendered":"https:\/\/samba-resille.org\/international-platform\/?p=2053"},"modified":"2024-03-25T11:04:25","modified_gmt":"2024-03-25T11:04:25","slug":"samba-resille-a-salvador-bresil-du-21-au-27-octobre-2019","status":"publish","type":"post","link":"https:\/\/samba-resille.org\/international-platform\/en\/2019\/10\/16\/samba-resille-a-salvador-bresil-du-21-au-27-octobre-2019\/","title":{"rendered":"Samba R\u00e9sille \u00e0 Salvador &#8211; Br\u00e9sil &#8211; du 21 au 27 octobre 2019"},"content":{"rendered":"<div data-elementor-type=\"wp-post\" data-elementor-id=\"2053\" class=\"elementor elementor-2053\" wpc-filter-elementor-widget=\"1\" data-elementor-post-type=\"post\">\n\t\t\t\t\t\t<section class=\"elementor-section elementor-top-section elementor-element elementor-element-7c8d01b elementor-section-boxed elementor-section-height-default elementor-section-height-default wpr-particle-no wpr-jarallax-no wpr-parallax-no wpr-sticky-section-no wpr-equal-height-no\" data-id=\"7c8d01b\" data-element_type=\"section\" data-e-type=\"section\">\n\t\t\t\t\t\t<div class=\"elementor-container elementor-column-gap-default\">\n\t\t\t\t\t<div class=\"elementor-column elementor-col-100 elementor-top-column elementor-element elementor-element-e287c48\" data-id=\"e287c48\" data-element_type=\"column\" data-e-type=\"column\">\n\t\t\t<div class=\"elementor-widget-wrap elementor-element-populated\">\n\t\t\t\t\t\t<div class=\"elementor-element elementor-element-5d88982 elementor-widget elementor-widget-text-editor\" data-id=\"5d88982\" data-element_type=\"widget\" data-e-type=\"widget\" data-widget_type=\"text-editor.default\">\n\t\t\t\t<div class=\"elementor-widget-container\">\n\t\t\t\t\t\t\t\t\t<div class=\"\" data-block=\"true\" data-editor=\"bosn\" data-offset-key=\"953gj-0-0\"><div class=\"_1mf _1mj\" data-offset-key=\"g63m-0-0\"><span data-offset-key=\"g63m-0-0\"><img decoding=\"async\" class=\"wp-image-688 alignleft\" src=\"https:\/\/samba-resille.org\/international-platform\/wp-content\/uploads\/2019\/05\/logo-idem.jpg\" alt=\"\" width=\"121\" height=\"121\" srcset=\"https:\/\/samba-resille.org\/international-platform\/wp-content\/uploads\/2019\/05\/logo-idem.jpg 228w, https:\/\/samba-resille.org\/international-platform\/wp-content\/uploads\/2019\/05\/logo-idem-150x150.jpg 150w\" sizes=\"(max-width: 121px) 100vw, 121px\" \/><\/span><\/div><div class=\"_1mf _1mj\" data-offset-key=\"g63m-0-0\"><p><span data-offset-key=\"g63m-0-0\">Du 21 au 27 octobre, accueillies par la Fondation Pierre Verger (c\u00e9l\u00e8bre photographe anthropologue fran\u00e7ais), les \u00e9quipes de Samba R\u00e9sille (France), P\u00e9niel (B\u00e9nin) et Chercheurs d\u2019Autres (Guyane) s\u2019immergeront dans la culture afro-br\u00e9silienne (candombl\u00e9, samba de roda) et tenteront de comprendre comment les Br\u00e9siliens vivent aujourd\u2019hui leur africanit\u00e9 tout en mettant l&rsquo;accent sur l&rsquo;importance de pr\u00e9server la richesse de cette identit\u00e9.<br \/><br \/><\/span><span data-offset-key=\"c5939-0-0\">Ateliers et visites culturelles alterneront afin d&rsquo;explorer les rythmes, danses et chants, de comprendre le d\u00e9veloppement historique du candombl\u00e9 \u00e0 travers son patrimoine.<br \/><br \/><\/span>D\u00e9couvrez le projet <a href=\"https:\/\/samba-resille.org\/international-platform\/fr-be-br-gu\/\" target=\"_blank\" rel=\"noopener\">&gt;&gt;&gt;<\/a><\/p><\/div><\/div><div class=\"\" data-block=\"true\" data-editor=\"bosn\" data-offset-key=\"c5939-0-0\"><div data-offset-key=\"c5939-0-0\">\u00a0<\/div><\/div>\t\t\t\t\t\t\t\t<\/div>\n\t\t\t\t<\/div>\n\t\t\t\t\t<\/div>\n\t\t<\/div>\n\t\t\t\t\t<\/div>\n\t\t<\/section>\n\t\t\t\t<\/div>","protected":false},"excerpt":{"rendered":"<p>Du 21 au 27 octobre, accueillies par la Fondation Pierre Verger (c\u00e9l\u00e8bre photographe anthropologue fran\u00e7ais), les \u00e9quipes de Samba R\u00e9sille (France), P\u00e9niel (B\u00e9nin) et Chercheurs d\u2019Autres (Guyane) s\u2019immergeront dans la culture afro-br\u00e9silienne (candombl\u00e9, samba de roda) et tenteront de comprendre comment les Br\u00e9siliens vivent aujourd\u2019hui leur africanit\u00e9 tout en mettant l&rsquo;accent sur l&rsquo;importance de pr\u00e9server la richesse de cette identit\u00e9. Ateliers et visites culturelles alterneront afin d&rsquo;explorer les rythmes, danses et chants, de comprendre le d\u00e9veloppement historique du candombl\u00e9 \u00e0 travers son patrimoine. D\u00e9couvrez le projet &gt;&gt;&gt; \u00a0<\/p>","protected":false},"author":2,"featured_media":2058,"comment_status":"closed","ping_status":"closed","sticky":false,"template":"","format":"standard","meta":{"footnotes":""},"categories":[66,45,74,41,52,28,75,76,40,42],"tags":[],"class_list":["post-2053","post","type-post","status-publish","format-standard","has-post-thumbnail","hentry","category-66","category-adultes","category-age","category-annee","category-bresil","category-formation","category-geographie","category-objectifs","category-pays","category-projet-international"],"_links":{"self":[{"href":"https:\/\/samba-resille.org\/international-platform\/en\/wp-json\/wp\/v2\/posts\/2053","targetHints":{"allow":["GET"]}}],"collection":[{"href":"https:\/\/samba-resille.org\/international-platform\/en\/wp-json\/wp\/v2\/posts"}],"about":[{"href":"https:\/\/samba-resille.org\/international-platform\/en\/wp-json\/wp\/v2\/types\/post"}],"author":[{"embeddable":true,"href":"https:\/\/samba-resille.org\/international-platform\/en\/wp-json\/wp\/v2\/users\/2"}],"replies":[{"embeddable":true,"href":"https:\/\/samba-resille.org\/international-platform\/en\/wp-json\/wp\/v2\/comments?post=2053"}],"version-history":[{"count":1,"href":"https:\/\/samba-resille.org\/international-platform\/en\/wp-json\/wp\/v2\/posts\/2053\/revisions"}],"predecessor-version":[{"id":7828,"href":"https:\/\/samba-resille.org\/international-platform\/en\/wp-json\/wp\/v2\/posts\/2053\/revisions\/7828"}],"wp:featuredmedia":[{"embeddable":true,"href":"https:\/\/samba-resille.org\/international-platform\/en\/wp-json\/wp\/v2\/media\/2058"}],"wp:attachment":[{"href":"https:\/\/samba-resille.org\/international-platform\/en\/wp-json\/wp\/v2\/media?parent=2053"}],"wp:term":[{"taxonomy":"category","embeddable":true,"href":"https:\/\/samba-resille.org\/international-platform\/en\/wp-json\/wp\/v2\/categories?post=2053"},{"taxonomy":"post_tag","embeddable":true,"href":"https:\/\/samba-resille.org\/international-platform\/en\/wp-json\/wp\/v2\/tags?post=2053"}],"curies":[{"name":"wp","href":"https:\/\/api.w.org\/{rel}","templated":true}]}}