{"id":2104,"date":"2019-11-06T12:50:53","date_gmt":"2019-11-06T12:50:53","guid":{"rendered":"https:\/\/samba-resille.org\/international-platform\/?p=2104"},"modified":"2024-03-25T11:04:07","modified_gmt":"2024-03-25T11:04:07","slug":"samba-resille-accueille-artscape-sa-suba-attila-and-the-soul-fool-band-hu-enjoy-it","status":"publish","type":"post","link":"https:\/\/samba-resille.org\/international-platform\/en\/2019\/11\/06\/samba-resille-accueille-artscape-sa-suba-attila-and-the-soul-fool-band-hu-enjoy-it\/","title":{"rendered":"Samba R\u00e9sille accueille Artscape (ZA) \/ Suba Attila and The Soul Fool Band (HU) \/ Enjoy (IT)"},"content":{"rendered":"<div data-elementor-type=\"wp-post\" data-elementor-id=\"2104\" class=\"elementor elementor-2104\" wpc-filter-elementor-widget=\"1\" data-elementor-post-type=\"post\">\n\t\t\t\t\t\t<section class=\"elementor-section elementor-top-section elementor-element elementor-element-5d77c9bc elementor-section-boxed elementor-section-height-default elementor-section-height-default wpr-particle-no wpr-jarallax-no wpr-parallax-no wpr-sticky-section-no wpr-equal-height-no\" data-id=\"5d77c9bc\" data-element_type=\"section\" data-e-type=\"section\">\n\t\t\t\t\t\t<div class=\"elementor-container elementor-column-gap-default\">\n\t\t\t\t\t<div class=\"elementor-column elementor-col-100 elementor-top-column elementor-element elementor-element-70fb028f\" data-id=\"70fb028f\" data-element_type=\"column\" data-e-type=\"column\">\n\t\t\t<div class=\"elementor-widget-wrap elementor-element-populated\">\n\t\t\t\t\t\t<div class=\"elementor-element elementor-element-44da99ac elementor-widget elementor-widget-text-editor\" data-id=\"44da99ac\" data-element_type=\"widget\" data-e-type=\"widget\" data-widget_type=\"text-editor.default\">\n\t\t\t\t<div class=\"elementor-widget-container\">\n\t\t\t\t\t\t\t\t\t<p>Dans le cadre de la coop\u00e9ration internationale <strong>\u00ab C\u00e9l\u00e9brer la diversit\u00e9 culturelle dans l\u2019espace urbain \u00bb \u2013 <\/strong><strong>D\u00e9velopper des dynamiques internationales d\u2019\u00e9changes cr\u00e9atifs et accro\u00eetre les comp\u00e9tences de coop\u00e9ration transnationale d\u2019apprentissages relatives aux imp\u00e9ratifs de s\u00e9curisation des espaces publics.<br \/><br \/><\/strong>Samba R\u00e9sille (France) coordonne un projet soutenu par la Commission europ\u00e9enne (Programme Erasmus+, Ka2, Partenariat strat\u00e9gique de l\u2019\u00e9ducation des adultes\u00a0\u2013 \u00e9change de bonne pratiques) en partenariat avec Artscape (Afrique Du Sud), Enjoy (Italie) et Soul Fool Band (Hongrie) autour des probl\u00e9matiques li\u00e9es \u00e0 l\u2019organisation d\u2019\u00e9v\u00e9nements culturels et les nouveaux imp\u00e9ratifs de s\u00e9curisations des espaces publics.<br \/><br \/><strong>Quatri\u00e8me \u00e9tape du projet\u00a0! Samba R\u00e9sille \u2013 France \u00a0<\/strong><strong><br \/>Du 11 au 17 novembre 2019<\/strong><br \/>Apr\u00e8s Cape Town en mai 2018, Turin en octobre 2018, Budapest en janvier 209, Samba R\u00e9sille accueille ses partenaires italiens (Associazione Enjoy), sud africains (Artscape centre) et hongrois (Soul Fool Band) \u00e0 Toulouse\u00a0 pour la 4e \u00e9tape de cette coop\u00e9ration internationale \u00ab\u00a0C\u00e9l\u00e9brer la diversit\u00e9 culturelle dans l\u2019espace urbain\u00a0\u00bb, soutenue par la Commission europ\u00e9enne dans le cadre du programme Erasmus+ (KA2 \u2013 Partenariat strat\u00e9gique dans le domaine de l\u2019\u00e9ducation des adultes).<br \/><br \/><strong>Conf\u00e9rence de presse \u2013\u00a0Vendredi 15 novembre 2019 \u00e0 15h00<br \/><\/strong>Le v\u00e9lo sentimental, 12 Boulevard Bonrepos, 31000 Toulouse<br \/><br \/><strong>Programme de travail composant le projet \u00ab C\u00e9l\u00e9brer la diversit\u00e9 culturelle dans l\u2019espace urbain \u00bb :<br \/><\/strong>Mobilit\u00e9 1 : Cape Town, Afrique du Sud, du 7 au 14 mai 2018<br \/>Mobilit\u00e9 2 : Turin, Italie, du 20 au 25 octobre 2018<br \/>Mobilit\u00e9 3 : Budapest, Hongrie, du 26 janvier au 1er f\u00e9vrier 2019<br \/>Mobilit\u00e9 4 : Toulouse, France, du 11 au 17 novembre 2019<br \/><br \/><strong>Pr\u00e9sentation du programme d\u2019\u00e9changes :<br \/><\/strong>Aujourd\u2019hui, les cadres r\u00e9glementaires de s\u00e9curisation des manifestations culturelles dans l\u2019espace urbain ont fortement \u00e9volu\u00e9 en Europe pour cause de risques d\u2019attentats, et connaissent des d\u00e9bats embryonnaires et antith\u00e9tiques entre acteurs culturels et autorit\u00e9s locales et nationales qui n\u00e9cessitent de renouveler les modes de concertation et de construire des r\u00e9ponses pragmatiques nouvelles qui facilitent la c\u00e9l\u00e9bration de la diversit\u00e9 culturelle dans l\u2019espace public. Quelles solutions d\u00e9ploy\u00e9es ? Quelles cons\u00e9quences sur la participation des publics ? Quelles sont les autres aspects s\u00e9curitaires pris en charge par les organisations culturelles (s\u00e9curit\u00e9 mat\u00e9rielle, p\u00e9dagogique, affective\u2026 des parcours professionnels) ? Comment les politiques nationales favorisent et\/ou freinent le d\u00e9ploiement des activit\u00e9s culturelles ? (sujet de l\u2019apr\u00e8s Apartheid, gouvernement hongrois populiste\u2026).<br \/><br \/><strong>Les apprentissages dans ce projet ciblent des comp\u00e9tences transversales autour de 4 th\u00e8mes :<br \/><\/strong>\u2022 d\u00e9velopper les capacit\u00e9s \u00e0 s&rsquo;organiser (en Afrique du Sud)<br \/>\u2022 d\u00e9velopper les capacit\u00e9s \u00e0 communiquer (en Italie)<br \/>\u2022 d\u00e9velopper les capacit\u00e9s \u00e0 s&rsquo;adapter (en Hongrie)<br \/>\u2022 d\u00e9velopper son savoir agir (en France)<br \/><br \/><strong>Men\u00e9e conjointement par Samba R\u00e9sille et ses partenaires, la rencontre \u00e0 Toulouse comprendra :<br \/><\/strong>\u2022 des tables rondes autour des proc\u00e9dures d\u2019organisation d\u2019\u00e9v\u00e9nements dans l\u2019espace urbain, du r\u00f4le des autorit\u00e9s locales et des organisations culturelles ;<br \/>\u2022 des rencontres avec les autorit\u00e9s locales fran\u00e7aises (Mairie de Toulouse et pr\u00e9fecture) et op\u00e9rateurs culturels (Carnaval de Toulouse)\u00a0;<br \/>\u2022 des visites culturelles afin de garantir une v\u00e9ritable immersion dans l\u2019environnement toulousain.<br \/>Merci au centre culturel Espace Bonnefoy d\u2019accueillir cette semaine de rencontre.<br \/><br \/><strong>D\u00e9couvrez le projet <\/strong><a href=\"https:\/\/samba-resille.org\/international-platform\/afrique-du-sud-france-hongrie-italie\/\" target=\"_blank\" rel=\"noopener\"><strong>&gt;&gt;&gt;<\/strong><\/a><\/p>\t\t\t\t\t\t\t\t<\/div>\n\t\t\t\t<\/div>\n\t\t\t\t\t<\/div>\n\t\t<\/div>\n\t\t\t\t\t<\/div>\n\t\t<\/section>\n\t\t\t\t<\/div>","protected":false},"excerpt":{"rendered":"<p>Dans le cadre de la coop\u00e9ration internationale \u00ab C\u00e9l\u00e9brer la diversit\u00e9 culturelle dans l\u2019espace urbain \u00bb \u2013 D\u00e9velopper des dynamiques internationales d\u2019\u00e9changes cr\u00e9atifs et accro\u00eetre les comp\u00e9tences de coop\u00e9ration transnationale d\u2019apprentissages relatives aux imp\u00e9ratifs de s\u00e9curisation des espaces publics. Samba R\u00e9sille (France) coordonne un projet soutenu par la Commission europ\u00e9enne (Programme Erasmus+, Ka2, Partenariat strat\u00e9gique de l\u2019\u00e9ducation des adultes\u00a0\u2013 \u00e9change de bonne pratiques) en partenariat avec Artscape (Afrique Du Sud), Enjoy (Italie) et Soul Fool Band (Hongrie) autour des probl\u00e9matiques li\u00e9es \u00e0 l\u2019organisation d\u2019\u00e9v\u00e9nements culturels et les nouveaux imp\u00e9ratifs de s\u00e9curisations des espaces publics. Quatri\u00e8me \u00e9tape du projet\u00a0! Samba R\u00e9sille \u2013 France \u00a0Du 11 au 17 novembre 2019Apr\u00e8s Cape Town en mai 2018, Turin en octobre 2018, Budapest en janvier 209, Samba R\u00e9sille accueille ses partenaires italiens (Associazione Enjoy), sud africains (Artscape centre) et hongrois (Soul Fool Band) \u00e0 Toulouse\u00a0 pour la 4e \u00e9tape de cette coop\u00e9ration internationale \u00ab\u00a0C\u00e9l\u00e9brer la diversit\u00e9 culturelle dans l\u2019espace urbain\u00a0\u00bb, soutenue par la Commission europ\u00e9enne dans le cadre du programme Erasmus+ (KA2 \u2013 Partenariat strat\u00e9gique dans le domaine de l\u2019\u00e9ducation des adultes). Conf\u00e9rence de presse \u2013\u00a0Vendredi 15 novembre 2019 \u00e0 15h00Le v\u00e9lo sentimental, 12 Boulevard Bonrepos, 31000 Toulouse Programme de travail composant le projet \u00ab C\u00e9l\u00e9brer la diversit\u00e9 culturelle dans l\u2019espace urbain \u00bb :Mobilit\u00e9 1 : Cape Town, Afrique du Sud, du 7 au 14 mai 2018Mobilit\u00e9 2 : Turin, Italie, du 20 au 25 octobre 2018Mobilit\u00e9 3 : Budapest, Hongrie, du 26 janvier au 1er f\u00e9vrier 2019Mobilit\u00e9 4 : Toulouse, France, du 11 au 17 novembre 2019 Pr\u00e9sentation du programme d\u2019\u00e9changes :Aujourd\u2019hui, les cadres r\u00e9glementaires de s\u00e9curisation des manifestations culturelles dans l\u2019espace urbain ont fortement \u00e9volu\u00e9 en Europe pour cause de risques d\u2019attentats, et connaissent des d\u00e9bats embryonnaires et antith\u00e9tiques entre acteurs culturels et autorit\u00e9s locales et nationales qui n\u00e9cessitent de renouveler les modes de concertation et de construire des r\u00e9ponses pragmatiques nouvelles qui facilitent la c\u00e9l\u00e9bration de la diversit\u00e9 culturelle dans l\u2019espace public. Quelles solutions d\u00e9ploy\u00e9es ? Quelles cons\u00e9quences sur la participation des publics ? Quelles sont les autres aspects s\u00e9curitaires pris en charge par les organisations culturelles (s\u00e9curit\u00e9 mat\u00e9rielle, p\u00e9dagogique, affective\u2026 des parcours professionnels) ? Comment les politiques nationales favorisent et\/ou freinent le d\u00e9ploiement des activit\u00e9s culturelles ? (sujet de l\u2019apr\u00e8s Apartheid, gouvernement hongrois populiste\u2026). Les apprentissages dans ce projet ciblent des comp\u00e9tences transversales autour de 4 th\u00e8mes :\u2022 d\u00e9velopper les capacit\u00e9s \u00e0 s&rsquo;organiser (en Afrique du Sud)\u2022 d\u00e9velopper les capacit\u00e9s \u00e0 communiquer (en Italie)\u2022 d\u00e9velopper les capacit\u00e9s \u00e0 s&rsquo;adapter (en Hongrie)\u2022 d\u00e9velopper son savoir agir (en France) Men\u00e9e conjointement par Samba R\u00e9sille et ses partenaires, la rencontre \u00e0 Toulouse comprendra :\u2022 des tables rondes autour des proc\u00e9dures d\u2019organisation d\u2019\u00e9v\u00e9nements dans l\u2019espace urbain, du r\u00f4le des autorit\u00e9s locales et des organisations culturelles ;\u2022 des rencontres avec les autorit\u00e9s locales fran\u00e7aises (Mairie de Toulouse et pr\u00e9fecture) et op\u00e9rateurs culturels (Carnaval de Toulouse)\u00a0;\u2022 des visites culturelles afin de garantir une v\u00e9ritable immersion dans l\u2019environnement toulousain.Merci au centre culturel Espace Bonnefoy d\u2019accueillir cette semaine de rencontre. D\u00e9couvrez le projet &gt;&gt;&gt;<\/p>","protected":false},"author":2,"featured_media":2105,"comment_status":"closed","ping_status":"closed","sticky":false,"template":"","format":"standard","meta":{"footnotes":""},"categories":[66,45,51,74,41,75,76,40,42,39,60],"tags":[],"class_list":["post-2104","post","type-post","status-publish","format-standard","has-post-thumbnail","hentry","category-66","category-adultes","category-afrique-du-sud","category-age","category-annee","category-geographie","category-objectifs","category-pays","category-projet-international","category-stage-dobservation","category-zambia"],"_links":{"self":[{"href":"https:\/\/samba-resille.org\/international-platform\/en\/wp-json\/wp\/v2\/posts\/2104","targetHints":{"allow":["GET"]}}],"collection":[{"href":"https:\/\/samba-resille.org\/international-platform\/en\/wp-json\/wp\/v2\/posts"}],"about":[{"href":"https:\/\/samba-resille.org\/international-platform\/en\/wp-json\/wp\/v2\/types\/post"}],"author":[{"embeddable":true,"href":"https:\/\/samba-resille.org\/international-platform\/en\/wp-json\/wp\/v2\/users\/2"}],"replies":[{"embeddable":true,"href":"https:\/\/samba-resille.org\/international-platform\/en\/wp-json\/wp\/v2\/comments?post=2104"}],"version-history":[{"count":1,"href":"https:\/\/samba-resille.org\/international-platform\/en\/wp-json\/wp\/v2\/posts\/2104\/revisions"}],"predecessor-version":[{"id":7824,"href":"https:\/\/samba-resille.org\/international-platform\/en\/wp-json\/wp\/v2\/posts\/2104\/revisions\/7824"}],"wp:featuredmedia":[{"embeddable":true,"href":"https:\/\/samba-resille.org\/international-platform\/en\/wp-json\/wp\/v2\/media\/2105"}],"wp:attachment":[{"href":"https:\/\/samba-resille.org\/international-platform\/en\/wp-json\/wp\/v2\/media?parent=2104"}],"wp:term":[{"taxonomy":"category","embeddable":true,"href":"https:\/\/samba-resille.org\/international-platform\/en\/wp-json\/wp\/v2\/categories?post=2104"},{"taxonomy":"post_tag","embeddable":true,"href":"https:\/\/samba-resille.org\/international-platform\/en\/wp-json\/wp\/v2\/tags?post=2104"}],"curies":[{"name":"wp","href":"https:\/\/api.w.org\/{rel}","templated":true}]}}