{"id":2621,"date":"2020-08-14T14:55:23","date_gmt":"2020-08-14T14:55:23","guid":{"rendered":"https:\/\/samba-resille.org\/international-platform\/?p=2621"},"modified":"2024-03-25T11:03:03","modified_gmt":"2024-03-25T11:03:03","slug":"samba-resille-a-goteborg-suede-du-20-au-27-aout-2020","status":"publish","type":"post","link":"https:\/\/samba-resille.org\/international-platform\/en\/2020\/08\/14\/samba-resille-a-goteborg-suede-du-20-au-27-aout-2020\/","title":{"rendered":"Samba R\u00e9sille \u00e0 G\u00f6teborg &#8211; Su\u00e8de &#8211; du 20 au 26 ao\u00fbt 2020"},"content":{"rendered":"<p><\/p>\n\n\n\n<p><span class=\"has-inline-color has-very-dark-gray-color\">26 membres de Samba R\u00e9sille partent \u00e0 la rencontre de<strong><a rel=\"noreferrer noopener\" href=\"http:\/\/www.abunda.se\/en\/#\" target=\"_blank\"> A Bunda - Sweden<\/a><\/strong>, l\u2019une des plus anciennes et des plus importantes \u00e9cole de samba en Europe.<\/span><br><span class=\"has-inline-color has-very-dark-gray-color\">Compos\u00e9e de plus de 300 membres, elle est organis\u00e9e autour de plusieurs p\u00f4les d\u2019activit\u00e9s de formation artistique, notamment en percussions br\u00e9siliennes, danse br\u00e9silienne, th\u00e9\u00e2tre de rue, arts du cirque, harmonie et chant br\u00e9silien\u2026<br>Cette rencontre est la seconde mobilit\u00e9 du projet &nbsp;\u00bb Constructeurs d\u2019espaces de coop\u00e9rations multiculturelles &nbsp;\u00bb est une coop\u00e9ration entre trois structures europ\u00e9ennes (La F\u00e9d\u00e9ration finlandaise des \u00e9coles de samba, A Bunda et Samba R\u00e9sille) qui utilisent le samba pour mener des actions cr\u00e9atives, sociales et citoyennes. La coop\u00e9ration vise \u00e0 d\u00e9velopper les comp\u00e9tences artistiques et manag\u00e9riales des personnels impliqu\u00e9s pour consolider et amplifier les r\u00e9seaux sambistes en France et en Europe.<br>Ce programme d\u2019\u00e9changes est financ\u00e9 par la Commission Europ\u00e9enne dans le cadre du programme Erasmus+ \u2013 Cl\u00e9 1, Mobilit\u00e9 du personnel de l\u2019\u00e9ducation des adultes.<\/span><\/p>\n\n\n\n<p>C<span class=\"has-inline-color has-very-dark-gray-color\">ette mobilit\u00e9 consiste en un partage de comp\u00e9tences artistiques et techniques. Les participants pourront acqu\u00e9rir un apprentissage pluridisciplinaire, m\u00ealant danse, musique, chant et partageront des s\u00e9ances de pr\u00e9sentation et de discussion.<\/span><\/p>\n\n\n\n<p>Su<span class=\"has-inline-color has-very-dark-gray-color\">ivez cette aventure sur :<br>Facebook : @sambaresille<br>Instagram : sambaresille<\/span><\/p>\n\n\n\n<p><strong><span class=\"has-inline-color has-very-dark-gray-color\">Plus d\u2019infos ici <a href=\"https:\/\/samba-resille.org\/international-platform\/fi-fr-su\/\">&gt;&gt;&gt;<\/a><\/span><\/strong><br><\/p>","protected":false},"excerpt":{"rendered":"<p>26 membres de Samba R\u00e9sille partent \u00e0 la rencontre de A Bunda, l\u2019une des plus anciennes et des plus importantes \u00e9cole de samba en Europe.Compos\u00e9e de plus de 300 membres, elle est organis\u00e9e autour de plusieurs p\u00f4les d\u2019activit\u00e9s de formation artistique, notamment en percussions br\u00e9siliennes, danse br\u00e9silienne, th\u00e9\u00e2tre de rue, arts du cirque, harmonie et chant br\u00e9silien\u2026Cette rencontre est la seconde mobilit\u00e9 du projet &nbsp;\u00bb Constructeurs d\u2019espaces de coop\u00e9rations multiculturelles &nbsp;\u00bb est une coop\u00e9ration entre trois structures europ\u00e9ennes (La F\u00e9d\u00e9ration finlandaise des \u00e9coles de samba, A Bunda et Samba R\u00e9sille) qui utilisent le samba pour mener des actions cr\u00e9atives, sociales et citoyennes. La coop\u00e9ration vise \u00e0 d\u00e9velopper les comp\u00e9tences artistiques et manag\u00e9riales des personnels impliqu\u00e9s pour consolider et amplifier les r\u00e9seaux sambistes en France et en Europe.Ce programme d\u2019\u00e9changes est financ\u00e9 par la Commission Europ\u00e9enne dans le cadre du programme Erasmus+ \u2013 Cl\u00e9 1, Mobilit\u00e9 du personnel de l\u2019\u00e9ducation des adultes. Cette mobilit\u00e9 consiste en un partage de comp\u00e9tences artistiques et techniques. Les participants pourront acqu\u00e9rir un apprentissage pluridisciplinaire, m\u00ealant danse, musique, chant et partageront des s\u00e9ances de pr\u00e9sentation et de discussion. Suivez cette aventure sur :Facebook : @sambaresilleInstagram : sambaresille Plus d\u2019infos ici &gt;&gt;&gt;<\/p>","protected":false},"author":2,"featured_media":2623,"comment_status":"closed","ping_status":"closed","sticky":false,"template":"","format":"standard","meta":{"footnotes":""},"categories":[71,45,74,41,28,75,76,40,43,68],"tags":[],"class_list":["post-2621","post","type-post","status-publish","format-standard","has-post-thumbnail","hentry","category-71","category-adultes","category-age","category-annee","category-formation","category-geographie","category-objectifs","category-pays","category-projet-europeen","category-suede"],"_links":{"self":[{"href":"https:\/\/samba-resille.org\/international-platform\/en\/wp-json\/wp\/v2\/posts\/2621","targetHints":{"allow":["GET"]}}],"collection":[{"href":"https:\/\/samba-resille.org\/international-platform\/en\/wp-json\/wp\/v2\/posts"}],"about":[{"href":"https:\/\/samba-resille.org\/international-platform\/en\/wp-json\/wp\/v2\/types\/post"}],"author":[{"embeddable":true,"href":"https:\/\/samba-resille.org\/international-platform\/en\/wp-json\/wp\/v2\/users\/2"}],"replies":[{"embeddable":true,"href":"https:\/\/samba-resille.org\/international-platform\/en\/wp-json\/wp\/v2\/comments?post=2621"}],"version-history":[{"count":1,"href":"https:\/\/samba-resille.org\/international-platform\/en\/wp-json\/wp\/v2\/posts\/2621\/revisions"}],"predecessor-version":[{"id":7816,"href":"https:\/\/samba-resille.org\/international-platform\/en\/wp-json\/wp\/v2\/posts\/2621\/revisions\/7816"}],"wp:featuredmedia":[{"embeddable":true,"href":"https:\/\/samba-resille.org\/international-platform\/en\/wp-json\/wp\/v2\/media\/2623"}],"wp:attachment":[{"href":"https:\/\/samba-resille.org\/international-platform\/en\/wp-json\/wp\/v2\/media?parent=2621"}],"wp:term":[{"taxonomy":"category","embeddable":true,"href":"https:\/\/samba-resille.org\/international-platform\/en\/wp-json\/wp\/v2\/categories?post=2621"},{"taxonomy":"post_tag","embeddable":true,"href":"https:\/\/samba-resille.org\/international-platform\/en\/wp-json\/wp\/v2\/tags?post=2621"}],"curies":[{"name":"wp","href":"https:\/\/api.w.org\/{rel}","templated":true}]}}