{"id":2664,"date":"2020-11-26T11:03:23","date_gmt":"2020-11-26T11:03:23","guid":{"rendered":"https:\/\/samba-resille.org\/international-platform\/?p=2664"},"modified":"2024-03-13T09:29:07","modified_gmt":"2024-03-13T09:29:07","slug":"retour-sur-goteborg-itw-de-fressia-par-olmo","status":"publish","type":"post","link":"https:\/\/samba-resille.org\/international-platform\/en\/2020\/11\/26\/retour-sur-goteborg-itw-de-fressia-par-olmo\/","title":{"rendered":"Interview de Fressia par Olmo"},"content":{"rendered":"\t\t<div data-elementor-type=\"wp-post\" data-elementor-id=\"2664\" class=\"elementor elementor-2664\" wpc-filter-elementor-widget=\"1\" data-elementor-post-type=\"post\">\n\t\t\t\t\t\t<section class=\"elementor-section elementor-top-section elementor-element elementor-element-cdf6c33 elementor-section-boxed elementor-section-height-default elementor-section-height-default wpr-particle-no wpr-jarallax-no wpr-parallax-no wpr-sticky-section-no wpr-equal-height-no\" data-id=\"cdf6c33\" data-element_type=\"section\" data-e-type=\"section\">\n\t\t\t\t\t\t<div class=\"elementor-container elementor-column-gap-default\">\n\t\t\t\t\t<div class=\"elementor-column elementor-col-100 elementor-top-column elementor-element elementor-element-d9cc96e\" data-id=\"d9cc96e\" data-element_type=\"column\" data-e-type=\"column\">\n\t\t\t<div class=\"elementor-widget-wrap elementor-element-populated\">\n\t\t\t\t\t\t<div class=\"elementor-element elementor-element-a785f62 elementor-widget elementor-widget-heading\" data-id=\"a785f62\" data-element_type=\"widget\" data-e-type=\"widget\" data-widget_type=\"heading.default\">\n\t\t\t\t<div class=\"elementor-widget-container\">\n\t\t\t\t\t<h6 class=\"elementor-heading-title elementor-size-default\">Interview r\u00e9alis\u00e9 par Olmo Denche, membre de Samba R\u00e9sille avec Fressia Merino Espinosa, membre de A Bunda, \u00e0 G\u00f6teborg, Su\u00e8de lors de la mobilit\u00e9 du 20 au 26 ao\u00fbt 2020.<\/h6>\t\t\t\t<\/div>\n\t\t\t\t<\/div>\n\t\t\t\t\t<\/div>\n\t\t<\/div>\n\t\t\t\t\t<\/div>\n\t\t<\/section>\n\t\t\t\t<section class=\"elementor-section elementor-top-section elementor-element elementor-element-2055a4e elementor-section-boxed elementor-section-height-default elementor-section-height-default wpr-particle-no wpr-jarallax-no wpr-parallax-no wpr-sticky-section-no wpr-equal-height-no\" data-id=\"2055a4e\" data-element_type=\"section\" data-e-type=\"section\">\n\t\t\t\t\t\t<div class=\"elementor-container elementor-column-gap-default\">\n\t\t\t\t\t<div class=\"elementor-column elementor-col-100 elementor-top-column elementor-element elementor-element-e55fce3\" data-id=\"e55fce3\" data-element_type=\"column\" data-e-type=\"column\">\n\t\t\t<div class=\"elementor-widget-wrap\">\n\t\t\t\t\t\t\t<\/div>\n\t\t<\/div>\n\t\t\t\t\t<\/div>\n\t\t<\/section>\n\t\t\t\t<section class=\"elementor-section elementor-top-section elementor-element elementor-element-1308708e elementor-section-boxed elementor-section-height-default elementor-section-height-default wpr-particle-no wpr-jarallax-no wpr-parallax-no wpr-sticky-section-no wpr-equal-height-no\" data-id=\"1308708e\" data-element_type=\"section\" data-e-type=\"section\">\n\t\t\t\t\t\t<div class=\"elementor-container elementor-column-gap-default\">\n\t\t\t\t\t<div class=\"elementor-column elementor-col-100 elementor-top-column elementor-element elementor-element-608725e0\" data-id=\"608725e0\" data-element_type=\"column\" data-e-type=\"column\">\n\t\t\t<div class=\"elementor-widget-wrap elementor-element-populated\">\n\t\t\t\t\t\t<div class=\"elementor-element elementor-element-78c8e7e2 elementor-widget elementor-widget-text-editor\" data-id=\"78c8e7e2\" data-element_type=\"widget\" data-e-type=\"widget\" data-widget_type=\"text-editor.default\">\n\t\t\t\t<div class=\"elementor-widget-container\">\n\t\t\t\t\t\t\t\t\t<p><\/p>\n<p><i>&#8211; Bonjour Fressia,<br \/>Pour commencer, peux-tu te pr\u00e9senter ?<\/i><br \/>&#8211; Bonjour, je m&rsquo;appelle Fressia Merino Espinosa. Je suis p\u00e9ruvienne, n\u00e9e \u00e0 Lima. Je vis en Su\u00e8de depuis pr\u00e8s de 17 ans maintenant, j\u2019ai aussi v\u00e9cu 3 ans et demi aux \u00eeles Canaries (\u00e0 Gran Canaria).<\/p>\n<p><i>&#8211; Comment as-tu d\u00e9couvert le Samba ?<\/i><br \/>&#8211; Eh bien&#8230; Quand je suis arriv\u00e9 en Su\u00e8de, je suis all\u00e9 vivre dans un village, c&rsquo;est \u00e0 environ une heure et demie d&rsquo;ici, de G\u00f6teborg. L\u00e0-bas je suis all\u00e9e \u00e0 l&rsquo;\u00e9cole et puis, pendant le lyc\u00e9e, j&rsquo;ai rencontr\u00e9 un professeur de musique. En Su\u00e8de, les lyc\u00e9es sont sp\u00e9cialis\u00e9s, on choisit un type de lyc\u00e9e qui nous int\u00e9resse\u00a0: science, musique, etc. Ce professeur \u00e9tait de G\u00f6teborg et avait fait partie d\u2019A Bunda. Il a commenc\u00e9 \u00e0 recruter beaucoup de jeunes du lyc\u00e9e pour cr\u00e9er un groupe de samba dans le village. Il nous parlait toujours d\u2019A Bunda et de Oludum (il adorait Olodum et le Samba Reggae\u00a0!). Et puis j&rsquo;ai commenc\u00e9 \u00e0 apprendre, et j&rsquo;ai commenc\u00e9 \u00e0 danser avec la professeure avec laquelle vous avez dans\u00e9 aujourd&rsquo;hui. Paola est ma premi\u00e8re professeure de samba. Mais j&rsquo;avais honte et finalement je suis all\u00e9e jouer des percussions au lieu de danser. J&rsquo;ai commenc\u00e9 \u00e0 jouer du Surdo en premier, et c&rsquo;est comme \u00e7a que j&rsquo;ai commenc\u00e9 !<\/p>\n<p><i>&#8211; Carioca ?<\/i><br \/>&#8211; Oui ! C&rsquo;\u00e9tait du Samba Carioca, du Samba Enredo de Rio.<\/p>\n<p><i>&#8211; Et c&rsquo;est comme \u00e7a que tu as appris un peu les \u00ab\u00a0codes\u00a0\u00bb du rythme du Samba ?<\/i><br \/>&#8211; Oui, exactement. Notre professeur ne faisait plus partie d\u2019A Bunda, mais il avait grandi avec eux et il nous en parlait toujours. \u00c0 l&rsquo;\u00e9poque, c&rsquo;\u00e9tait le r\u00eave des jeunes Sambistas du village. S&rsquo;installer \u00e0 G\u00f6teborg et commencer \u00e0 jouer avec le groupe et l&rsquo;\u00e9cole de Samba A Bunda !<\/p>\n<p><i>&#8211; Tout cela au lyc\u00e9e t\u2019a r\u00e9ellement motiv\u00e9. Est-ce que \u00e7a a \u00e9t\u00e9 un moteur ?<\/i><br \/>&#8211; Oui, oui, oui ! Je suis tomb\u00e9e instantan\u00e9ment amoureuse du Samba. C&rsquo;\u00e9tait incroyable.<\/p>\n<p><i>&#8211; Et combien de temps as-tu travaill\u00e9 avec ce professeur au lyc\u00e9e ?<\/i><br \/>&#8211; C&rsquo;\u00e9tait \u00e0 l&rsquo;automne 2016, c&rsquo;est l\u00e0 que j&rsquo;ai commenc\u00e9 avec le Samba. Ici, le lyc\u00e9e dure trois ans, j&rsquo;ai commenc\u00e9 en deuxi\u00e8me ann\u00e9e avec le Samba. Quand j\u2019ai termin\u00e9, j&rsquo;ai bien gard\u00e9 en t\u00eate tout ce que j&rsquo;avais appris sur le Samba et tout ce que la professeure de danse m&rsquo;avait appris, Paola. Je pratiquais toute seul \u00e0 la maison, tout le temps. J&rsquo;ai vol\u00e9 un CD et j&rsquo;ai copi\u00e9 les chansons qu&rsquo;elle avait donn\u00e9 au groupe de danseurs pour s&rsquo;entra\u00eener. A cette \u00e9poque, je jouais d\u00e9j\u00e0 et le CD tournait en boucle \u00e0 la maison. L&rsquo;une des premi\u00e8res \u00e9coles que j&rsquo;ai \u00e9cout\u00e9 \u00e9tait Acad\u00eamicos do Grande Rio, avec la chanson Enredo Amazonas. Ce n&rsquo;est pas une chanson super populaire, mais elle me motivait beaucoup\u00a0! Et je dansais \u00e0 la maison, avec mon \u00ab\u00a0demi Samba\u00a0\u00bb et le peu que je connaissais du Samba No P\u00e9. Deux ans apr\u00e8s m\u2019\u00eatre install\u00e9 \u00e0 G\u00f6teborg, j&rsquo;ai commenc\u00e9 \u00e0 A Bunda et l\u00e0 \u00e0 automne je commence ma dixi\u00e8me ann\u00e9e.<\/p>\n<p><i>&#8211; Quand tu es arriv\u00e9e \u00e0 A Bunda, as-tu abandonn\u00e9 les percussions pour te lancer dans la danse, ou as-tu fait les deux ?<\/i><br \/>&#8211; Les deux, en parall\u00e8le ! Je me suis mis \u00e0 apprendre le Tambourim et \u00e0 danser. Ensuite, j&rsquo;ai d\u00fb choisir, \u00e9tablir des priorit\u00e9s. Mais je continue \u00e0 jouer chaque fois que je peux.<\/p>\n<p><i>&#8211; Depuis combien de temps danses-tu avec A Bunda ?<\/i><br \/>&#8211; Depuis le d\u00e9but. Les percussions&#8230; C\u2019est un passe-temps \u00e0 la maison, ou parfois je vais au local pour jouer toute seul.<\/p>\n<p><i>&#8211; Et le Pagode ?<\/i><br \/>&#8211; C&rsquo;est venu par mon fr\u00e8re. Lui, il a commenc\u00e9 un an avant moi \u00e0 A Bunda. C&rsquo;est avec lui que vous avez eu l\u2019atelier Pagode, S\u00e9bastien, et c\u2019est lui qui m&rsquo;a fait d\u00e9couvrir le Pagode. Quand il a commenc\u00e9, il me disait : \u00ab\u00a0Tu dois \u00e9couter cette musique, cette chanson, cette chanson et cette chanson\u00a0\u00bb. Il m&rsquo;a mis cinq cent mille chansons dans la t\u00eate, et je suis tomb\u00e9e encore plus amoureuse du Samba.<\/p>\n<p><i>&#8211; Donc, le Samba t\u2019arrive aussi gr\u00e2ce \u00e0 ton fr\u00e8re.<\/i><br \/>&#8211; Oui. Il est tr\u00e8s musical, il est incroyable avec les instruments. D&rsquo;une certaine fa\u00e7on, c\u2019est moi qui l\u2019ait initi\u00e9 au Samba Bateria, au Samba Enredo, et lui m\u2019a initi\u00e9 au Samba Pagode.<\/p>\n<p><i>&#8211; Toi, tu sais aussi danser.<\/i><br \/>&#8211; Oui, exactement. C&rsquo;est l\u00e0 o\u00f9 je le d\u00e9passe\u00a0! [rires]<br \/><i>&#8211; Le Samba est un art populaire, la musique et la danse sont ins\u00e9parables. Il y a des gens qui sont plus sp\u00e9cialis\u00e9s dans l&rsquo;une ou l&rsquo;autre des disciplines.<\/i><br \/>&#8211; Oui, on ne peut pas avoir l&rsquo;un sans l&rsquo;autre Et si on a la passion, elle nous donne envie d\u2019apprendre.<\/p>\n<p><i>&#8211; Qu&rsquo;entends-tu par Samba art populaire ?<\/i><br \/>&#8211; Je dirais que c&rsquo;est le m\u00e9lange, quand le Samba est m\u00e9lang\u00e9 \u00e0 d&rsquo;autres styles. Le Samba, c&rsquo;est quelque chose d\u2019incroyable, la musique br\u00e9silienne en g\u00e9n\u00e9ral. Il se m\u00e9lange d&rsquo;une certaine mani\u00e8re et se d\u00e9veloppe de fa\u00e7on incroyable, en danse comme en musique.<\/p>\n<p><i>&#8211; Depuis que tu as commenc\u00e9, tu le vois dans la danse\u00a0? Est-ce que les musiques et les danses actuelles se m\u00e9langent\u00a0?\u00a0 Y a-t-il des pas de danse qui vont et viennent, qui proviennent d&rsquo;autres styles ?<\/i><br \/>&#8211; Oui, absolument. Par exemple, dans la danse, il y a beaucoup de choses qui, auparavant, ne se faisaient que dans d&rsquo;autres styles \u00ab\u00a0Latin Dance\u00a0\u00bb, dans la Salsa, ou encore dans la Ballroom Dancing. Et maintenant, tout se m\u00e9lange pour cr\u00e9er un monde plus grand et le rendre encore plus divers.<\/p>\n<p><i>&#8211; Pour enrichir davantage le Samba ?<\/i><br \/>&#8211; Oui, bien s\u00fbr ! Bien que le Samba No p\u00e9, qui est le pas basique, soit au c\u0153ur de tout. C&rsquo;est le pas que Paola vous a appris. Celui qui doit \u00eatre int\u00e9gr\u00e9, c\u2019est la racine. A ce pas, on peut y ajouter tout ce que l\u2019on veut\u00a0: des sauts, des jeux de pieds, un jeu avec un chapeau&#8230; Mais il doit toujours y avoir le pas Samba No p\u00e9. Sinon, ce n&rsquo;est pas de la danse Samba.<\/p>\n<p><i>&#8211; Quelles sont les modalit\u00e9s ou figures de danse (dans les \u00e9coles, les carnavals\u2026) que tu pr\u00e9f\u00e8res, que ce soit visuellement ou techniquement\u00a0?<\/i><br \/>&#8211; Je les ai toutes essay\u00e9 \u00e0 A Bunda. Par chance, nous avons eu un peu de tout, \u00e0 diff\u00e9rents moments. Et je les ai tous essay\u00e9s. Un peu d&rsquo;afro, de Porta Bandeira, de Classique, de Destaques, etc.<br \/><i>&#8211; Qu&rsquo;est-ce que \u00ab\u00a0Destaques\u00a0\u00bb ?<\/i><br \/>&#8211; A Rio, quand ils paradent dans le sambodrome, il y a Musa ou Destaques. Ce sont des gens qui se d\u00e9marquent, qui ont une position devant certaines ailes repr\u00e9sentant diff\u00e9rentes sections.<\/p>\n<p><i>&#8211; Changeons de sujet. A quel \u00e2ge es-tu arriv\u00e9 en Su\u00e8de ?<\/i><br \/>&#8211; J&rsquo;avais quinze, quatorze ans. Ce n&rsquo;\u00e9tait pas facile d\u2019arriver \u00e0 cet \u00e2ge-l\u00e0&#8230; Parce que c&rsquo;est bien difficile d&rsquo;apprendre la langue. J&rsquo;aime les langues et j&rsquo;ai eu beaucoup de chance, j&rsquo;\u00e9tais dans un lyc\u00e9e \u00e0 la campagne, un peu en dehors du village o\u00f9 nous vivions. C&rsquo;est dans ce lyc\u00e9e que j&rsquo;ai rencontr\u00e9 Paola et le professeur de musique dont je t\u2019ai parl\u00e9. Dans ce lyc\u00e9e, ils avaient un programme sp\u00e9cial pour int\u00e9grer peu \u00e0 peu les enfants \u00e9trangers dans les classes normales. Pendant toute une ann\u00e9e, nous avons appris le su\u00e9dois. J&rsquo;ai eu beaucoup de chance, c\u2019\u00e9tait un d\u00e9part en douceur et tr\u00e8s instructif.<\/p>\n<p><i>&#8211; Ce ne fut pas un coup dur sur le plan acad\u00e9mique ?<\/i><br \/>&#8211; Non, \u00e7a n\u2019a pas \u00e9t\u00e9 un choc. C&rsquo;\u00e9tait tr\u00e8s bien, parce que je connais des gens qui sont arriv\u00e9s et qui ont \u00e9t\u00e9 mis directement dans des classes normales, et c&rsquo;est horrible, parce que \u00e7a n&rsquo;a rien \u00e0 voir avec l&rsquo;espagnol. J&rsquo;ai \u00e9galement d\u00fb apprendre \u00e0 utiliser l&rsquo;anglais que j&rsquo;avais \u00e9tudi\u00e9 au P\u00e9rou et en Espagne. J&rsquo;apprenais deux langues.<br \/><i>&#8211; Beaucoup d&rsquo;efforts ?<\/i><br \/>&#8211; Oui ! La chance \u00e7a a \u00e9t\u00e9 qu&rsquo;au d\u00e9but, quand nous avons commenc\u00e9, nous n&rsquo;avions qu&rsquo;\u00e0 nous concentrer sur le su\u00e9dois et ensuite nous avons commenc\u00e9 \u00e0 suivre les cours normaux avec les Su\u00e9dois. C&rsquo;est une \u00e9cole incroyable, nous avons eu beaucoup de chance.<\/p>\n<p><i>&#8211; Comment as-tu v\u00e9cu l&rsquo;int\u00e9gration sociale ?<\/i><br \/>&#8211; [rires] C&rsquo;est tr\u00e8s diff\u00e9rent&#8230; J&rsquo;ai un caract\u00e8re latin, plus fou et plus ouvert, je ne sais pas\u2026 J&rsquo;ai d\u00fb diminuer ce c\u00f4t\u00e9-l\u00e0 et projeter mon c\u00f4t\u00e9 plus calme, parce que les Su\u00e9dois sont tr\u00e8s silencieux, plus r\u00e9serv\u00e9s. J&rsquo;ai toujours \u00e9t\u00e9 une personne qui s&rsquo;exprime avec le corps, et ici, \u00e7a ne se fait pas, ce n&rsquo;est pas tr\u00e8s courant, c&rsquo;est encore difficile pour moi.<br \/><i>&#8211; Est-ce qu\u2019ils per\u00e7oivent mal cette fa\u00e7on de s\u2019exprimer\u00a0?<\/i><br \/>&#8211; Oui, ils se trompent. On m&rsquo;a m\u00eame dit : tu flirtes ! Et ce n&rsquo;est pas \u00e7a. C&rsquo;est un moyen de m&rsquo;exprimer, des codes corporels, un langage, de l\u2019affection. C&rsquo;est toujours un probl\u00e8me. Ils n&rsquo;ont pas ces codes, c&rsquo;est comme une distance qu&rsquo;ils ont d\u2019un corps \u00e0 un autre. C\u2019est comme pour dire\u00a0: ceci est ton espace, ceci est mon espace\u00a0! Il faut conna\u00eetre quelqu&rsquo;un assez bien, ou bien il faut que ce soit quelqu&rsquo;un qui a rencontr\u00e9 beaucoup de gens, pour que ce soit compris, que ce soit accept\u00e9, et qu\u2019il n\u2019y ait pas ces barri\u00e8res. Cette personne s&rsquo;exprime ainsi et n&rsquo;est pas une attaque personnelle. Cela a toujours \u00e9t\u00e9 tr\u00e8s difficile.<\/p>\n<p><i>&#8211; Qu&rsquo;est-ce qui te pla\u00eet le plus ici, des gens, du pays, de la culture ?<\/i><br \/>&#8211; C&rsquo;est tr\u00e8s calme, vraiment. On n\u2019a pas \u00e0 s\u2019inqui\u00e9ter. C&rsquo;est une fa\u00e7on de socialiser diff\u00e9rente, plus calme. La situation politique aide aussi beaucoup, par rapport \u00e0 d&rsquo;autres pays comme en Am\u00e9rique du Sud. Mais il n&rsquo;y a pas de comparaison possible, que ce soit au niveau de la politique, de la criminalit\u00e9&#8230; Ce n\u2019est pas comparable.<br \/><i>&#8211; Au niveau de la tranquillit\u00e9 et de la s\u00e9curit\u00e9 sociale ?<\/i><br \/>&#8211; Oui, exactement. C&rsquo;est un pays tr\u00e8s calme et j&rsquo;aime \u00e7a. En tant que citoyen de Su\u00e8de, au travail, on a tellement de droits, on est pay\u00e9s \u00e0 l&rsquo;heure, on a une retraite\u2026 Tout est tr\u00e8s r\u00e9glement\u00e9 et, de cette fa\u00e7on, c&rsquo;est tr\u00e8s s\u00fbr. Je ne sais pas si j&rsquo;exag\u00e8re ou non&#8230;. Beaucoup de Su\u00e9dois n&rsquo;ont pas vu le monde mais il y a beaucoup de Su\u00e9dois qui aiment sortir, voyager. C\u2019est tr\u00e8s facile pour eux. Ils ont l&rsquo;argent, les papiers, ils ont les moyens de se d\u00e9placer. La Su\u00e8de ouvre de nombreuses portes. De cette fa\u00e7on, beaucoup aiment conna\u00eetre diff\u00e9rentes cultures, voire adopter les choses de ces cultures qu&rsquo;ils aiment, et appr\u00e9cient les choses d&rsquo;autres parties du monde. C\u2019est agr\u00e9able de conna\u00eetre ce genre de Su\u00e9dois, ils ont une mentalit\u00e9 ouverte et appr\u00e9cient les choses.<\/p>\n<p><i>&#8211; Et de l\u2019autre c\u00f4t\u00e9, qu&rsquo;est-ce qui est plus ferm\u00e9 ?<\/i><br \/>&#8211; En fait, heureusement, je n&rsquo;ai pas \u00e9t\u00e9 victime de discrimination ici en Su\u00e8de. A moins que je n&rsquo;ai rien remarqu\u00e9&#8230; [rires], j&rsquo;ai eu le sentiment que ce n&rsquo;\u00e9tait pas le cas. Je ne me souviens de rien. J&rsquo;ai eu de la chance, je touche du bois\u00a0! Ce que j&rsquo;ai le plus ressenti, c&rsquo;est que les gens qui ne connaissent pas beaucoup de monde sont plus timides, ferm\u00e9s. La Su\u00e8de compte aussi des gens venus de nombreux endroits, comme l&rsquo;Afghanistan, l&rsquo;Iran, l&rsquo;Irak\u2026 J&rsquo;ai rencontr\u00e9 beaucoup d&rsquo;Arabes ici. Au P\u00e9rou par contre non\u00a0! Mais en Espagne oui.<br \/><i>&#8211; Bien s\u00fbr, ce n&rsquo;est pas une population qui va au P\u00e9rou.<\/i><br \/>&#8211; Exactement [rires]. Non, ils n&rsquo;y vont pas. Les Allemands y sont arriv\u00e9s, mais&#8230;. [rires]<br \/><i>&#8211; Ce sont d&rsquo;autres migrations, \u00e0 d&rsquo;autres moments, ce sont d&rsquo;autres types de mouvements.<\/i><br \/>&#8211; Exactement. Mais ici, il y en a. Les su\u00e9dois sont ouverts d&rsquo;une certaine mani\u00e8re et ils int\u00e8grent les gens qui viennent d\u2019ailleurs. Dans les plus grandes villes, il y a les carnavals d&rsquo;\u00e9t\u00e9, les d\u00e9fil\u00e9s. Et l\u00e0, les organisateurs int\u00e8grent beaucoup de choses provenant d&rsquo;autres pays, avec des groupes provenant du monde entier, des groupes de danse, de musique\u2026<\/p>\n<p><i>-Y\u00a0 a-t-il un mouvement socioculturel \u00e0 G\u00f6teborg, avec des structures comme A Bunda par exemple ?<\/i><br \/>&#8211; Oui, il y a un peu de tout On n&rsquo;en entend pas beaucoup parler, jusqu&rsquo;\u00e0 ce qu\u2019un \u00e9v\u00e9nement ait lieu. L\u00e0, \u00e7a se voit. Parce que normalement, les Su\u00e9dois aiment beaucoup leur silence, pour ainsi dire. Il y a beaucoup de r\u00e8gles sur la fa\u00e7on et le lieu o\u00f9 on peut faire du bruit, faire la f\u00eate. Par exemple, ici, lorsque nous jouons, nous devons r\u00e9fl\u00e9chir \u00e0 l&rsquo;heure qu&rsquo;il est. Parfois, nous recevons des plaintes de voisins. Voici ce qu&rsquo;il en est chaque fois qu&rsquo;il y a un nouveau voisin, apr\u00e8s ils savent que nous jouons tous les dimanches et \u00e7a se passe bien.<\/p>\n<p><i>&#8211; Quand vous sortez avec le spectacle d\u2019A Bunda, comment les gens qui ne connaissent pas le Samba ou cette culture afro-br\u00e9silienne d&rsquo;art populaire r\u00e9agissent-ils ?<\/i><br \/>&#8211; C&rsquo;est un m\u00e9lange extraordinaire, vraiment Parce que tout d&rsquo;un coup, on voit un visage et un sourire qui sortent de nulle part. Et on lit dans les yeux qu&rsquo;il y a de l&rsquo;int\u00e9r\u00eat, m\u00eame si on n\u2019a aucune id\u00e9e de ce que c&rsquo;est. Mais ce \u00ab\u00a0wow, ils jouent bien, ils dansent bien&#8230;\u00a0\u00bb Et on voit aussi d&rsquo;autres personnes qui sont du genre \u00ab\u00a0Euuhh&#8230; Qu&rsquo;est-ce que c&rsquo;est&#8230; ?\u00a0\u00bb Et ils restent \u00e0 te regarder avec des yeux bizarres. C&rsquo;est un bon m\u00e9lange. G\u00f6teborg a heureusement un bon m\u00e9lange de cultures et c&rsquo;est pourquoi les gens sont en quelque sorte plus ouverts.<\/p>\n<p><i>&#8211; Il y a beaucoup de jeunes ici, n&rsquo;est-ce pas ? D\u2019un point de vue universitaire, c\u2019est une ville importante.<\/i><br \/>&#8211; Oui. Il y a de bonnes universit\u00e9s, c&rsquo;est pourquoi il y a aussi beaucoup de jeunes qui viennent s&rsquo;installer ici. Voir aussi des personnes plus adultes ou plus \u00e2g\u00e9es. Souvent, ils aiment acheter une maison et d\u00e9m\u00e9nager en banlieue, c&rsquo;est pourquoi le centre de la ville compte g\u00e9n\u00e9ralement plus de familles ou de jeunes et les personnes \u00e2g\u00e9es d\u00e9m\u00e9nagent g\u00e9n\u00e9ralement vers la p\u00e9riph\u00e9rie, dans une maison avec jardin.<\/p>\n<p><i>&#8211; Une question en relation avec l&rsquo;avenir du Samba pour toi : qu\u2019est-ce que tu aimerais le plus pour A bunda\u00a0?<\/i><br \/>&#8211; Mon r\u00eave serait qu&rsquo;A Bunda puisse acheter un local, parce que la situation est tr\u00e8s difficile avec les salles de r\u00e9p\u00e9tition. Mon r\u00eave serait que nous puissions acheter un local, avoir notre \u00e9cole et faire ce dont nous avons envie.<br \/><i>&#8211; Votre propre lieu de production musicale.<\/i><br \/>&#8211; Oui, et pour enseigner. Ici, nous avons des limitations d&rsquo;espace, de bruit, de voisins. Nous sommes tellement nombreux. L\u2019endroit o\u00f9 nous r\u00e9p\u00e9tons est tr\u00e8s petit, et l&rsquo;endroit o\u00f9 nous \u00e9tions aujourd&rsquo;hui, nous ne pouvons le louer que de temps en temps, parce qu\u2019il co\u00fbte plus cher. Ce serait un r\u00eave. Pour pouvoir continuer avec le Samba et contaminer encore plus de gens avec le Samba, pour ainsi dire [rires]<\/p>\n<p><i>&#8211; Tu veux dire quelque chose \u00e0 Samba R\u00e9sille ?<\/i><br \/>&#8211; J&rsquo;adore que vous soyez l\u00e0\u00a0! Et j&rsquo;esp\u00e8re pouvoir vous rendre visite un jour. Que j&rsquo;esp\u00e8re vous voir jouer, voir le r\u00e9pertoire de l&rsquo;\u00e9cole, mais aussi le Samba Reggae qui, pour moi, est un rythme incroyable. Et c\u2019est aussi incroyable le travail social que vous faites. En Su\u00e8de, nous n&rsquo;avons pas beaucoup d&rsquo;opportunit\u00e9s de ce c\u00f4t\u00e9 l\u00e0, c&rsquo;est malheureusement plus compliqu\u00e9. C\u2019est admirable, vraiment. J&rsquo;aime vous \u00e9couter et en apprendre davantage sur le travail que vous faites.<\/p>\n<p><i>&#8211; Merci beaucoup Fressia et ravi de t\u2019avoir rencontr\u00e9.<\/i><br \/>&#8211; Et moi de m\u00eame\u00a0!<\/p>\n<p><span style=\"color: #99ccff;\">Interview r\u00e9alis\u00e9 en espagnol, traduit en fran\u00e7ais par C\u00e9line Rodriguez.<\/span><\/p>\n<p><a href=\"https:\/\/samba-resille.org\/international-platform\/bwg_gallery\/finlande_france_suede\/\"><span style=\"color: #333333;\"><strong>Constructeurs <\/strong><\/span><strong><span style=\"color: #333333;\">d\u2019espaces de coop\u00e9rations multiculturelles<\/span><\/strong><\/a><br \/><strong>Programme Erasmus+<\/strong><br \/><strong>KA1 \u2013 Mobilit\u00e9 du personnel de l\u2019\u00e9ducation des adultes<\/strong><\/p>\n<p>\u00a0<\/p>\n<p><\/p>\t\t\t\t\t\t\t\t<\/div>\n\t\t\t\t<\/div>\n\t\t\t\t\t<\/div>\n\t\t<\/div>\n\t\t\t\t\t<\/div>\n\t\t<\/section>\n\t\t\t\t<section class=\"elementor-section elementor-top-section elementor-element elementor-element-2c7645b elementor-section-boxed elementor-section-height-default elementor-section-height-default wpr-particle-no wpr-jarallax-no wpr-parallax-no wpr-sticky-section-no wpr-equal-height-no\" data-id=\"2c7645b\" data-element_type=\"section\" data-e-type=\"section\">\n\t\t\t\t\t\t<div class=\"elementor-container elementor-column-gap-default\">\n\t\t\t\t\t<div class=\"elementor-column elementor-col-100 elementor-top-column elementor-element elementor-element-439e39e\" data-id=\"439e39e\" data-element_type=\"column\" data-e-type=\"column\">\n\t\t\t<div class=\"elementor-widget-wrap elementor-element-populated\">\n\t\t\t\t\t\t<div class=\"elementor-element elementor-element-719f0bc elementor-widget elementor-widget-image\" data-id=\"719f0bc\" data-element_type=\"widget\" data-e-type=\"widget\" data-widget_type=\"image.default\">\n\t\t\t\t<div class=\"elementor-widget-container\">\n\t\t\t\t\t\t\t\t\t\t\t\t\t\t\t<img fetchpriority=\"high\" decoding=\"async\" width=\"800\" height=\"600\" src=\"https:\/\/samba-resille.org\/international-platform\/wp-content\/uploads\/2020\/09\/IMG_20200822_102531-1024x768.jpg\" class=\"attachment-large size-large wp-image-2638\" alt=\"\" srcset=\"https:\/\/samba-resille.org\/international-platform\/wp-content\/uploads\/2020\/09\/IMG_20200822_102531-1024x768.jpg 1024w, https:\/\/samba-resille.org\/international-platform\/wp-content\/uploads\/2020\/09\/IMG_20200822_102531-300x225.jpg 300w, https:\/\/samba-resille.org\/international-platform\/wp-content\/uploads\/2020\/09\/IMG_20200822_102531-768x576.jpg 768w, https:\/\/samba-resille.org\/international-platform\/wp-content\/uploads\/2020\/09\/IMG_20200822_102531-1536x1152.jpg 1536w, https:\/\/samba-resille.org\/international-platform\/wp-content\/uploads\/2020\/09\/IMG_20200822_102531-2048x1536.jpg 2048w\" sizes=\"(max-width: 800px) 100vw, 800px\" \/>\t\t\t\t\t\t\t\t\t\t\t\t\t\t\t<\/div>\n\t\t\t\t<\/div>\n\t\t\t\t\t<\/div>\n\t\t<\/div>\n\t\t\t\t\t<\/div>\n\t\t<\/section>\n\t\t\t\t<\/div>\n\t\t","protected":false},"excerpt":{"rendered":"<p>Interview r\u00e9alis\u00e9 par Olmo Denche, membre de Samba R\u00e9sille avec Fressia Merino Espinosa, membre de A Bunda, \u00e0 G\u00f6teborg, Su\u00e8de lors de la mobilit\u00e9 du 20 au 26 ao\u00fbt 2020. &#8211; Bonjour Fressia,Pour commencer, peux-tu te pr\u00e9senter ?&#8211; Bonjour, je m&rsquo;appelle Fressia Merino Espinosa. Je suis p\u00e9ruvienne, n\u00e9e \u00e0 Lima. Je vis en Su\u00e8de depuis pr\u00e8s de 17 ans maintenant, j\u2019ai aussi v\u00e9cu 3 ans et demi aux \u00eeles Canaries (\u00e0 Gran Canaria). &#8211; Comment as-tu d\u00e9couvert le Samba ?&#8211; Eh bien&#8230; Quand je suis arriv\u00e9 en Su\u00e8de, je suis all\u00e9 vivre dans un village, c&rsquo;est \u00e0 environ une heure et demie d&rsquo;ici, de G\u00f6teborg. L\u00e0-bas je suis all\u00e9e \u00e0 l&rsquo;\u00e9cole et puis, pendant le lyc\u00e9e, j&rsquo;ai rencontr\u00e9 un professeur de musique. En Su\u00e8de, les lyc\u00e9es sont sp\u00e9cialis\u00e9s, on choisit un type de lyc\u00e9e qui nous int\u00e9resse\u00a0: science, musique, etc. Ce professeur \u00e9tait de G\u00f6teborg et avait fait partie d\u2019A Bunda. Il a commenc\u00e9 \u00e0 recruter beaucoup de jeunes du lyc\u00e9e pour cr\u00e9er un groupe de samba dans le village. Il nous parlait toujours d\u2019A Bunda et de Oludum (il adorait Olodum et le Samba Reggae\u00a0!). Et puis j&rsquo;ai commenc\u00e9 \u00e0 apprendre, et j&rsquo;ai commenc\u00e9 \u00e0 danser avec la professeure avec laquelle vous avez dans\u00e9 aujourd&rsquo;hui. Paola est ma premi\u00e8re professeure de samba. Mais j&rsquo;avais honte et finalement je suis all\u00e9e jouer des percussions au lieu de danser. J&rsquo;ai commenc\u00e9 \u00e0 jouer du Surdo en premier, et c&rsquo;est comme \u00e7a que j&rsquo;ai commenc\u00e9 ! &#8211; Carioca ?&#8211; Oui ! C&rsquo;\u00e9tait du Samba Carioca, du Samba Enredo de Rio. &#8211; Et c&rsquo;est comme \u00e7a que tu as appris un peu les \u00ab\u00a0codes\u00a0\u00bb du rythme du Samba ?&#8211; Oui, exactement. Notre professeur ne faisait plus partie d\u2019A Bunda, mais il avait grandi avec eux et il nous en parlait toujours. \u00c0 l&rsquo;\u00e9poque, c&rsquo;\u00e9tait le r\u00eave des jeunes Sambistas du village. S&rsquo;installer \u00e0 G\u00f6teborg et commencer \u00e0 jouer avec le groupe et l&rsquo;\u00e9cole de Samba A Bunda ! &#8211; Tout cela au lyc\u00e9e t\u2019a r\u00e9ellement motiv\u00e9. Est-ce que \u00e7a a \u00e9t\u00e9 un moteur ?&#8211; Oui, oui, oui ! Je suis tomb\u00e9e instantan\u00e9ment amoureuse du Samba. C&rsquo;\u00e9tait incroyable. &#8211; Et combien de temps as-tu travaill\u00e9 avec ce professeur au lyc\u00e9e ?&#8211; C&rsquo;\u00e9tait \u00e0 l&rsquo;automne 2016, c&rsquo;est l\u00e0 que j&rsquo;ai commenc\u00e9 avec le Samba. Ici, le lyc\u00e9e dure trois ans, j&rsquo;ai commenc\u00e9 en deuxi\u00e8me ann\u00e9e avec le Samba. Quand j\u2019ai termin\u00e9, j&rsquo;ai bien gard\u00e9 en t\u00eate tout ce que j&rsquo;avais appris sur le Samba et tout ce que la professeure de danse m&rsquo;avait appris, Paola. Je pratiquais toute seul \u00e0 la maison, tout le temps. J&rsquo;ai vol\u00e9 un CD et j&rsquo;ai copi\u00e9 les chansons qu&rsquo;elle avait donn\u00e9 au groupe de danseurs pour s&rsquo;entra\u00eener. A cette \u00e9poque, je jouais d\u00e9j\u00e0 et le CD tournait en boucle \u00e0 la maison. L&rsquo;une des premi\u00e8res \u00e9coles que j&rsquo;ai \u00e9cout\u00e9 \u00e9tait Acad\u00eamicos do Grande Rio, avec la chanson Enredo Amazonas. Ce n&rsquo;est pas une chanson super populaire, mais elle me motivait beaucoup\u00a0! Et je dansais \u00e0 la maison, avec mon \u00ab\u00a0demi Samba\u00a0\u00bb et le peu que je connaissais du Samba No P\u00e9. Deux ans apr\u00e8s m\u2019\u00eatre install\u00e9 \u00e0 G\u00f6teborg, j&rsquo;ai commenc\u00e9 \u00e0 A Bunda et l\u00e0 \u00e0 automne je commence ma dixi\u00e8me ann\u00e9e. &#8211; Quand tu es arriv\u00e9e \u00e0 A Bunda, as-tu abandonn\u00e9 les percussions pour te lancer dans la danse, ou as-tu fait les deux ?&#8211; Les deux, en parall\u00e8le ! Je me suis mis \u00e0 apprendre le Tambourim et \u00e0 danser. Ensuite, j&rsquo;ai d\u00fb choisir, \u00e9tablir des priorit\u00e9s. Mais je continue \u00e0 jouer chaque fois que je peux. &#8211; Depuis combien de temps danses-tu avec A Bunda ?&#8211; Depuis le d\u00e9but. Les percussions&#8230; C\u2019est un passe-temps \u00e0 la maison, ou parfois je vais au local pour jouer toute seul. &#8211; Et le Pagode ?&#8211; C&rsquo;est venu par mon fr\u00e8re. Lui, il a commenc\u00e9 un an avant moi \u00e0 A Bunda. C&rsquo;est avec lui que vous avez eu l\u2019atelier Pagode, S\u00e9bastien, et c\u2019est lui qui m&rsquo;a fait d\u00e9couvrir le Pagode. Quand il a commenc\u00e9, il me disait : \u00ab\u00a0Tu dois \u00e9couter cette musique, cette chanson, cette chanson et cette chanson\u00a0\u00bb. Il m&rsquo;a mis cinq cent mille chansons dans la t\u00eate, et je suis tomb\u00e9e encore plus amoureuse du Samba. &#8211; Donc, le Samba t\u2019arrive aussi gr\u00e2ce \u00e0 ton fr\u00e8re.&#8211; Oui. Il est tr\u00e8s musical, il est incroyable avec les instruments. D&rsquo;une certaine fa\u00e7on, c\u2019est moi qui l\u2019ait initi\u00e9 au Samba Bateria, au Samba Enredo, et lui m\u2019a initi\u00e9 au Samba Pagode. &#8211; Toi, tu sais aussi danser.&#8211; Oui, exactement. C&rsquo;est l\u00e0 o\u00f9 je le d\u00e9passe\u00a0! [rires]&#8211; Le Samba est un art populaire, la musique et la danse sont ins\u00e9parables. Il y a des gens qui sont plus sp\u00e9cialis\u00e9s dans l&rsquo;une ou l&rsquo;autre des disciplines.&#8211; Oui, on ne peut pas avoir l&rsquo;un sans l&rsquo;autre Et si on a la passion, elle nous donne envie d\u2019apprendre. &#8211; Qu&rsquo;entends-tu par Samba art populaire ?&#8211; Je dirais que c&rsquo;est le m\u00e9lange, quand le Samba est m\u00e9lang\u00e9 \u00e0 d&rsquo;autres styles. Le Samba, c&rsquo;est quelque chose d\u2019incroyable, la musique br\u00e9silienne en g\u00e9n\u00e9ral. Il se m\u00e9lange d&rsquo;une certaine mani\u00e8re et se d\u00e9veloppe de fa\u00e7on incroyable, en danse comme en musique. &#8211; Depuis que tu as commenc\u00e9, tu le vois dans la danse\u00a0? Est-ce que les musiques et les danses actuelles se m\u00e9langent\u00a0?\u00a0 Y a-t-il des pas de danse qui vont et viennent, qui proviennent d&rsquo;autres styles ?&#8211; Oui, absolument. Par exemple, dans la danse, il y a beaucoup de choses qui, auparavant, ne se faisaient que dans d&rsquo;autres styles \u00ab\u00a0Latin Dance\u00a0\u00bb, dans la Salsa, ou encore dans la Ballroom Dancing. Et maintenant, tout se m\u00e9lange pour cr\u00e9er un monde plus grand et le rendre encore plus divers. &#8211; Pour enrichir davantage le Samba ?&#8211; Oui, bien s\u00fbr ! Bien que le Samba No p\u00e9, qui est le pas basique, soit au c\u0153ur de tout. C&rsquo;est le pas que Paola vous a appris. Celui qui doit \u00eatre int\u00e9gr\u00e9, c\u2019est la racine. A ce pas, on peut y ajouter tout ce que l\u2019on veut\u00a0: des sauts, des<\/p>\n","protected":false},"author":2,"featured_media":2672,"comment_status":"closed","ping_status":"closed","sticky":false,"template":"","format":"standard","meta":{"footnotes":""},"categories":[71,43,39,68,26],"tags":[],"class_list":["post-2664","post","type-post","status-publish","format-standard","has-post-thumbnail","hentry","category-71","category-projet-europeen","category-stage-dobservation","category-suede","category-zoom"],"_links":{"self":[{"href":"https:\/\/samba-resille.org\/international-platform\/en\/wp-json\/wp\/v2\/posts\/2664","targetHints":{"allow":["GET"]}}],"collection":[{"href":"https:\/\/samba-resille.org\/international-platform\/en\/wp-json\/wp\/v2\/posts"}],"about":[{"href":"https:\/\/samba-resille.org\/international-platform\/en\/wp-json\/wp\/v2\/types\/post"}],"author":[{"embeddable":true,"href":"https:\/\/samba-resille.org\/international-platform\/en\/wp-json\/wp\/v2\/users\/2"}],"replies":[{"embeddable":true,"href":"https:\/\/samba-resille.org\/international-platform\/en\/wp-json\/wp\/v2\/comments?post=2664"}],"version-history":[{"count":1,"href":"https:\/\/samba-resille.org\/international-platform\/en\/wp-json\/wp\/v2\/posts\/2664\/revisions"}],"predecessor-version":[{"id":7808,"href":"https:\/\/samba-resille.org\/international-platform\/en\/wp-json\/wp\/v2\/posts\/2664\/revisions\/7808"}],"wp:featuredmedia":[{"embeddable":true,"href":"https:\/\/samba-resille.org\/international-platform\/en\/wp-json\/wp\/v2\/media\/2672"}],"wp:attachment":[{"href":"https:\/\/samba-resille.org\/international-platform\/en\/wp-json\/wp\/v2\/media?parent=2664"}],"wp:term":[{"taxonomy":"category","embeddable":true,"href":"https:\/\/samba-resille.org\/international-platform\/en\/wp-json\/wp\/v2\/categories?post=2664"},{"taxonomy":"post_tag","embeddable":true,"href":"https:\/\/samba-resille.org\/international-platform\/en\/wp-json\/wp\/v2\/tags?post=2664"}],"curies":[{"name":"wp","href":"https:\/\/api.w.org\/{rel}","templated":true}]}}