{"id":3328,"date":"2021-10-19T13:25:43","date_gmt":"2021-10-19T13:25:43","guid":{"rendered":"https:\/\/samba-resille.org\/international-platform\/?p=3328"},"modified":"2024-03-25T11:01:55","modified_gmt":"2024-03-25T11:01:55","slug":"depart-imminent-pour-goteborg-oct-2021","status":"publish","type":"post","link":"https:\/\/samba-resille.org\/international-platform\/en\/2021\/10\/19\/depart-imminent-pour-goteborg-oct-2021\/","title":{"rendered":"Imminent departure for Gothenburg! October 2021"},"content":{"rendered":"<div data-elementor-type=\"wp-post\" data-elementor-id=\"3328\" class=\"elementor elementor-3328\" wpc-filter-elementor-widget=\"1\" data-elementor-post-type=\"post\">\n\t\t\t\t\t\t<section class=\"elementor-section elementor-top-section elementor-element elementor-element-ce48500 elementor-section-boxed elementor-section-height-default elementor-section-height-default wpr-particle-no wpr-jarallax-no wpr-parallax-no wpr-sticky-section-no wpr-equal-height-no\" data-id=\"ce48500\" data-element_type=\"section\" data-e-type=\"section\">\n\t\t\t\t\t\t<div class=\"elementor-container elementor-column-gap-default\">\n\t\t\t\t\t<div class=\"elementor-column elementor-col-100 elementor-top-column elementor-element elementor-element-e54489d\" data-id=\"e54489d\" data-element_type=\"column\" data-e-type=\"column\">\n\t\t\t<div class=\"elementor-widget-wrap elementor-element-populated\">\n\t\t\t\t\t\t<div class=\"elementor-element elementor-element-17d1146 elementor-widget elementor-widget-heading\" data-id=\"17d1146\" data-element_type=\"widget\" data-e-type=\"widget\" data-widget_type=\"heading.default\">\n\t\t\t\t<div class=\"elementor-widget-container\">\n\t\t\t\t\t<h2 class=\"elementor-heading-title elementor-size-default\"><div><div><div><div><main role=\"main\"><article><div><div data-elementor-type=\"wp-post\" data-elementor-id=\"1543\" data-elementor-settings=\"[]\"><div><div><section data-id=\"8ac88bb\" data-element_type=\"section\"><div><div><div data-id=\"43a5d54\" data-element_type=\"column\"><div><div><div data-id=\"ebf10d0\" data-element_type=\"widget\" data-widget_type=\"text-editor.default\"><div><div><h4><strong>La p\u00e9pini\u00e8re des \u00e9mergences cr\u00e9atives \/ <\/strong>Programme Erasmus+ KA1 \u2013 Mobilit\u00e9 du personnel de l\u2019\u00e9ducation des adultes<br>From October 24 to 31, 2021<\/h4><p>\u00ab La p\u00e9pini\u00e8re des \u00e9mergences cr\u00e9atives \u00bb est un projet qui s\u2019inscrit dans les priorit\u00e9s \u00e9nonc\u00e9es dans le \u00ab Nouvel Agenda Europ\u00e9en de la Culture \u00bb d\u2019exploiter tout le potentiel de la culture comme moteur de l\u2019\u00e9quit\u00e9 sociale et de la citoyennet\u00e9 active par la cr\u00e9ation d\u2019environnements de soutien pour l\u2019innovation fond\u00e9s sur la cr\u00e9ativit\u00e9 et adapt\u00e9s aux capacit\u00e9s des publics.<\/p><\/div><\/div><\/div><\/div><\/div><\/div><\/div><\/div><\/section><\/div><\/div><\/div><\/div><\/article><\/main><\/div><\/div><\/div><\/div><\/h2>\t\t\t\t<\/div>\n\t\t\t\t<\/div>\n\t\t\t\t<div class=\"elementor-element elementor-element-de7c896 elementor-widget elementor-widget-text-editor\" data-id=\"de7c896\" data-element_type=\"widget\" data-e-type=\"widget\" data-widget_type=\"text-editor.default\">\n\t\t\t\t<div class=\"elementor-widget-container\">\n\t\t\t\t\t\t\t\t\t<p>La mobilit\u00e9 G\u00f6teborg 2021 a \u00e9t\u00e9 con\u00e7ue pour suivre des cours structur\u00e9s autour du croisement entre Batucada et Chant br\u00e9silien, style Enredo pr\u00e9sent\u00e9 dans les traditionnels d\u00e9fil\u00e9s des \u00e9coles de samba au Br\u00e9sil. Nous explorerons ainsi le mod\u00e8le de notre partenaire A Bunda en mati\u00e8re de pratique musicale et de diffusion. L\u2019occasion d\u2019exp\u00e9rimenter des croisements entre ateliers de percussions et de chants br\u00e9siliens et cr\u00e9er les conditions pour cr\u00e9er des espaces de diffusion commune. <br \/>In addition, A Bunda is preparing its installation in a new place and will present its projections in terms of identity \/ function of the place, development of new activities. The organization is also actively working on its inclusion in European cultural networks, in particular the sambist network, and seeks to develop the circulation of artists on a European scale. These issues are widely shared by Samba R\u00e9sille due to our recent installation in our premises and the restart of post-covid activities.<br \/>In addition to musical activities and activities related to broadcasting\/programming, we also wish to strengthen through this project the appropriation of the tools that accompany the digital adaptation effort implemented at Samba R\u00e9sille since the beginning of the health crisis.<br \/>\u2022 Seminars on the theme of social and cultural development from local to European level<br \/>\u2022 Ateliers de pratique musicale batucada et pagode, centr\u00e9s sur la th\u00e9matique de l\u2019enredo carioca<br \/>\u2022 Dance workshops on the carioca samba<br \/>\u2022 Digital experimentation workshops (before, during and after mobility)<\/p>\t\t\t\t\t\t\t\t<\/div>\n\t\t\t\t<\/div>\n\t\t\t\t\t<\/div>\n\t\t<\/div>\n\t\t\t\t\t<\/div>\n\t\t<\/section>\n\t\t\t\t<section class=\"elementor-section elementor-top-section elementor-element elementor-element-7212a943 elementor-section-boxed elementor-section-height-default elementor-section-height-default wpr-particle-no wpr-jarallax-no wpr-parallax-no wpr-sticky-section-no wpr-equal-height-no\" data-id=\"7212a943\" data-element_type=\"section\" data-e-type=\"section\">\n\t\t\t\t\t\t<div class=\"elementor-container elementor-column-gap-default\">\n\t\t\t\t\t<div class=\"elementor-column elementor-col-100 elementor-top-column elementor-element elementor-element-66f0b33\" data-id=\"66f0b33\" data-element_type=\"column\" data-e-type=\"column\">\n\t\t\t<div class=\"elementor-widget-wrap elementor-element-populated\">\n\t\t\t\t\t\t\t<\/div>\n\t\t<\/div>\n\t\t\t\t\t<\/div>\n\t\t<\/section>\n\t\t\t\t<\/div>","protected":false},"excerpt":{"rendered":"<p>La p\u00e9pini\u00e8re des \u00e9mergences cr\u00e9atives \/ Programme Erasmus+ KA1 \u2013 Mobilit\u00e9 du personnel de l\u2019\u00e9ducation des adultesdu 24 au 31 octobre 2021 \u00ab La p\u00e9pini\u00e8re des \u00e9mergences cr\u00e9atives \u00bb est un projet qui s\u2019inscrit dans les priorit\u00e9s \u00e9nonc\u00e9es dans le \u00ab Nouvel Agenda Europ\u00e9en de la Culture \u00bb d\u2019exploiter tout le potentiel de la culture comme moteur de l\u2019\u00e9quit\u00e9 sociale et de la citoyennet\u00e9 active par la cr\u00e9ation d\u2019environnements de soutien pour l\u2019innovation fond\u00e9s sur la cr\u00e9ativit\u00e9 et adapt\u00e9s aux capacit\u00e9s des publics. La mobilit\u00e9 G\u00f6teborg 2021 a \u00e9t\u00e9 con\u00e7ue pour suivre des cours structur\u00e9s autour du croisement entre Batucada et Chant br\u00e9silien, style Enredo pr\u00e9sent\u00e9 dans les traditionnels d\u00e9fil\u00e9s des \u00e9coles de samba au Br\u00e9sil. Nous explorerons ainsi le mod\u00e8le de notre partenaire A Bunda en mati\u00e8re de pratique musicale et de diffusion. L\u2019occasion d\u2019exp\u00e9rimenter des croisements entre ateliers de percussions et de chants br\u00e9siliens et cr\u00e9er les conditions pour cr\u00e9er des espaces de diffusion commune. De plus, A Bunda pr\u00e9pare son installation dans un nouveau lieu et nous exposera ses projections en mati\u00e8re d\u2019identit\u00e9\/de fonction du lieu, de d\u00e9veloppement de nouvelles activit\u00e9s. L\u2019organisation travaille aussi activement son inscription dans les r\u00e9seaux culturels europ\u00e9ens, notamment le r\u00e9seau sambiste, et cherche \u00e0 d\u00e9velopper la circulation d\u2019artistes \u00e0 l\u2019\u00e9chelle europ\u00e9enne. Ces enjeux sont largement partag\u00e9s par Samba R\u00e9sille du fait de notre installation r\u00e9cente dans nos locaux et le red\u00e9marrage des activit\u00e9s post-covid.En plus des activit\u00e9s musicales et des activit\u00e9s li\u00e9es \u00e0 la diffusion\/programmation, nous souhaitons \u00e9galement renforcer par ce projet l\u2019appropriation des outils qui accompagnent l\u2019effort d\u2019adaptation num\u00e9rique mise en oeuvre \u00e0 Samba R\u00e9sille depuis les d\u00e9buts de la crise sanitaire.\u2022 S\u00e9minaires sur la th\u00e9matique du d\u00e9veloppement social et culturel de l\u2019\u00e9chelon local \u00e0 l\u2019\u00e9chelon europ\u00e9en\u2022 Ateliers de pratique musicale batucada et pagode, centr\u00e9s sur la th\u00e9matique de l\u2019enredo carioca\u2022 Ateliers de danse sur le samba carioca\u2022 Ateliers d\u2019exp\u00e9rimentation num\u00e9rique (avant, pendant et apr\u00e8s la mobilit\u00e9)<\/p>","protected":false},"author":2,"featured_media":2638,"comment_status":"closed","ping_status":"closed","sticky":false,"template":"","format":"standard","meta":{"footnotes":""},"categories":[65,45,74,41,28,75,76,40,43,68],"tags":[],"class_list":["post-3328","post","type-post","status-publish","format-standard","has-post-thumbnail","hentry","category-65","category-adultes","category-age","category-annee","category-formation","category-geographie","category-objectifs","category-pays","category-projet-europeen","category-suede"],"_links":{"self":[{"href":"https:\/\/samba-resille.org\/international-platform\/en\/wp-json\/wp\/v2\/posts\/3328","targetHints":{"allow":["GET"]}}],"collection":[{"href":"https:\/\/samba-resille.org\/international-platform\/en\/wp-json\/wp\/v2\/posts"}],"about":[{"href":"https:\/\/samba-resille.org\/international-platform\/en\/wp-json\/wp\/v2\/types\/post"}],"author":[{"embeddable":true,"href":"https:\/\/samba-resille.org\/international-platform\/en\/wp-json\/wp\/v2\/users\/2"}],"replies":[{"embeddable":true,"href":"https:\/\/samba-resille.org\/international-platform\/en\/wp-json\/wp\/v2\/comments?post=3328"}],"version-history":[{"count":1,"href":"https:\/\/samba-resille.org\/international-platform\/en\/wp-json\/wp\/v2\/posts\/3328\/revisions"}],"predecessor-version":[{"id":7804,"href":"https:\/\/samba-resille.org\/international-platform\/en\/wp-json\/wp\/v2\/posts\/3328\/revisions\/7804"}],"wp:featuredmedia":[{"embeddable":true,"href":"https:\/\/samba-resille.org\/international-platform\/en\/wp-json\/wp\/v2\/media\/2638"}],"wp:attachment":[{"href":"https:\/\/samba-resille.org\/international-platform\/en\/wp-json\/wp\/v2\/media?parent=3328"}],"wp:term":[{"taxonomy":"category","embeddable":true,"href":"https:\/\/samba-resille.org\/international-platform\/en\/wp-json\/wp\/v2\/categories?post=3328"},{"taxonomy":"post_tag","embeddable":true,"href":"https:\/\/samba-resille.org\/international-platform\/en\/wp-json\/wp\/v2\/tags?post=3328"}],"curies":[{"name":"wp","href":"https:\/\/api.w.org\/{rel}","templated":true}]}}