{"id":4477,"date":"2022-06-28T11:47:30","date_gmt":"2022-06-28T11:47:30","guid":{"rendered":"https:\/\/samba-resille.org\/international-platform\/?p=4477"},"modified":"2024-03-25T11:00:47","modified_gmt":"2024-03-25T11:00:47","slug":"musicpreneur-premiere-etape-a-toulouse","status":"publish","type":"post","link":"https:\/\/samba-resille.org\/international-platform\/en\/2022\/06\/28\/musicpreneur-premiere-etape-a-toulouse\/","title":{"rendered":"MUSICPRENEUR \u2013 first stop in Toulouse"},"content":{"rendered":"<div data-elementor-type=\"wp-post\" data-elementor-id=\"4477\" class=\"elementor elementor-4477\" wpc-filter-elementor-widget=\"1\" data-elementor-post-type=\"post\">\n\t\t\t\t\t\t<section class=\"elementor-section elementor-top-section elementor-element elementor-element-36c4c3f elementor-section-boxed elementor-section-height-default elementor-section-height-default wpr-particle-no wpr-jarallax-no wpr-parallax-no wpr-sticky-section-no wpr-equal-height-no\" data-id=\"36c4c3f\" data-element_type=\"section\" data-e-type=\"section\">\n\t\t\t\t\t\t<div class=\"elementor-container elementor-column-gap-default\">\n\t\t\t\t\t<div class=\"elementor-column elementor-col-100 elementor-top-column elementor-element elementor-element-fcd91dd\" data-id=\"fcd91dd\" data-element_type=\"column\" data-e-type=\"column\">\n\t\t\t<div class=\"elementor-widget-wrap elementor-element-populated\">\n\t\t\t\t\t\t<div class=\"elementor-element elementor-element-c4fbe17 elementor-widget elementor-widget-text-editor\" data-id=\"c4fbe17\" data-element_type=\"widget\" data-e-type=\"widget\" data-widget_type=\"text-editor.default\">\n\t\t\t\t<div class=\"elementor-widget-container\">\n\t\t\t\t\t\t\t\t\t<p>La premi\u00e8re mobilit\u00e9 du projet Musicpreneur s&rsquo;est d\u00e9roul\u00e9e \u00e0 Toulouse dans nos locaux <strong>du 11 au 17 juin <\/strong>!<\/p><p>Musicpreneur responds to the need of cultural actors (artists and operators) to develop their power and ability to act, in other words the capacity to mobilise and combine effectively a variety of internal and external resources in a given situation in order to organise, adapt, empower, socialise, communicate, cooperate and create.<\/p><p>Les contenus d\u2019activit\u00e9 se sont construits sur le principe :<\/p><ul><li>a multidisciplinary (music, dance, staging) and intercultural artistic cooperation around the African musical heritage in the world<\/li><\/ul><ul><li>raising participants\u2019 awareness of managerial resources, network resources and knowledge of contexts that can help the consolidation of careers at both local and international levels<\/li><\/ul>\t\t\t\t\t\t\t\t<\/div>\n\t\t\t\t<\/div>\n\t\t\t\t<div class=\"elementor-element elementor-element-558a958 elementor-widget elementor-widget-image\" data-id=\"558a958\" data-element_type=\"widget\" data-e-type=\"widget\" data-widget_type=\"image.default\">\n\t\t\t\t<div class=\"elementor-widget-container\">\n\t\t\t\t\t\t\t\t\t\t\t\t\t\t\t<img decoding=\"async\" width=\"300\" height=\"137\" src=\"https:\/\/samba-resille.org\/international-platform\/wp-content\/uploads\/2022\/06\/bandeau-musicpreneur-300x137.png\" class=\"attachment-medium size-medium wp-image-4482\" alt=\"\" srcset=\"https:\/\/samba-resille.org\/international-platform\/wp-content\/uploads\/2022\/06\/bandeau-musicpreneur-300x137.png 300w, https:\/\/samba-resille.org\/international-platform\/wp-content\/uploads\/2022\/06\/bandeau-musicpreneur-1024x467.png 1024w, https:\/\/samba-resille.org\/international-platform\/wp-content\/uploads\/2022\/06\/bandeau-musicpreneur-768x350.png 768w, https:\/\/samba-resille.org\/international-platform\/wp-content\/uploads\/2022\/06\/bandeau-musicpreneur.png 1535w\" sizes=\"(max-width: 300px) 100vw, 300px\" \/>\t\t\t\t\t\t\t\t\t\t\t\t\t\t\t<\/div>\n\t\t\t\t<\/div>\n\t\t\t\t\t<\/div>\n\t\t<\/div>\n\t\t\t\t\t<\/div>\n\t\t<\/section>\n\t\t\t\t<section class=\"elementor-section elementor-top-section elementor-element elementor-element-09f6697 elementor-section-boxed elementor-section-height-default elementor-section-height-default wpr-particle-no wpr-jarallax-no wpr-parallax-no wpr-sticky-section-no wpr-equal-height-no\" data-id=\"09f6697\" data-element_type=\"section\" data-e-type=\"section\">\n\t\t\t\t\t\t<div class=\"elementor-container elementor-column-gap-default\">\n\t\t\t\t\t<div class=\"elementor-column elementor-col-100 elementor-top-column elementor-element elementor-element-544e229\" data-id=\"544e229\" data-element_type=\"column\" data-e-type=\"column\">\n\t\t\t<div class=\"elementor-widget-wrap elementor-element-populated\">\n\t\t\t\t\t\t<div class=\"elementor-element elementor-element-9dec88f elementor-widget elementor-widget-text-editor\" data-id=\"9dec88f\" data-element_type=\"widget\" data-e-type=\"widget\" data-widget_type=\"text-editor.default\">\n\t\t\t\t<div class=\"elementor-widget-container\">\n\t\t\t\t\t\t\t\t\t<p>Dans le cadre de ce projet, Samba R\u00e9sille a travaill\u00e9 avec les d\u00e9l\u00e9gations de <strong>MetX<\/strong> (Belgique), <strong>Abunda<\/strong> (Su\u00e8de) et <strong>Artscape<\/strong> (Afrique du Sud).<\/p><p>Ils se sont ainsi joint \u00e0 nous dans la musique et la bonne humeur, participant avec implication. L&rsquo;\u00e9quipe de Samba R\u00e9sille a pu proposer divers ateliers, tels que \u00ab\u00a0Coop\u00e9ration artistique dans l&rsquo;espace public\u00a0\u00bb par Ma\u00ebva Longvert, \u00ab\u00a0Mon univers Samba\u00a0\u00bb par Elaine Lopes, \u00ab\u00a0Entre diff\u00e9rentes cultures\u00a0\u00bb par Momar D\u00e9sir\u00e9 Kane, ou encore une activit\u00e9 sons et mouvement tenue par Lisa Biscarro-Balle. <\/p><p>Nous avons \u00e9galement eu la chance d&rsquo;accueillir Marl\u00e8ne Leroux, directrice d&rsquo;Artscape, lors d&rsquo;une conf\u00e9rence d\u00e9bat avec d&rsquo;autres repr\u00e9sentants d&rsquo;institutions locales et d&rsquo;une visite de l&rsquo;IJA de Toulouse.<\/p><p>Cette mobilit\u00e9 s&rsquo;est conclue par un premier concert de restitution, le 16 juin, avec le groupe Duo Leve, dans le cadre du festival Rio Loco.<\/p>\t\t\t\t\t\t\t\t<\/div>\n\t\t\t\t<\/div>\n\t\t\t\t\t<\/div>\n\t\t<\/div>\n\t\t\t\t\t<\/div>\n\t\t<\/section>\n\t\t\t\t<section class=\"elementor-section elementor-top-section elementor-element elementor-element-5118f42 elementor-section-boxed elementor-section-height-default elementor-section-height-default wpr-particle-no wpr-jarallax-no wpr-parallax-no wpr-sticky-section-no wpr-equal-height-no\" data-id=\"5118f42\" data-element_type=\"section\" data-e-type=\"section\">\n\t\t\t\t\t\t<div class=\"elementor-container elementor-column-gap-default\">\n\t\t\t\t\t<div class=\"elementor-column elementor-col-100 elementor-top-column elementor-element elementor-element-2e3e25c\" data-id=\"2e3e25c\" data-element_type=\"column\" data-e-type=\"column\">\n\t\t\t<div class=\"elementor-widget-wrap elementor-element-populated\">\n\t\t\t\t\t\t<div class=\"elementor-element elementor-element-c014484 elementor-arrows-position-inside elementor-pagination-position-outside elementor-widget elementor-widget-image-carousel\" data-id=\"c014484\" data-element_type=\"widget\" data-e-type=\"widget\" data-settings=\"{&quot;navigation&quot;:&quot;both&quot;,&quot;autoplay&quot;:&quot;yes&quot;,&quot;pause_on_hover&quot;:&quot;yes&quot;,&quot;pause_on_interaction&quot;:&quot;yes&quot;,&quot;autoplay_speed&quot;:5000,&quot;infinite&quot;:&quot;yes&quot;,&quot;speed&quot;:500}\" data-widget_type=\"image-carousel.default\">\n\t\t\t\t<div class=\"elementor-widget-container\">\n\t\t\t\t\t\t\t<div class=\"elementor-image-carousel-wrapper swiper\" role=\"region\" aria-roledescription=\"carousel\" aria-label=\"Image Carousel\" dir=\"ltr\">\n\t\t\t<div class=\"elementor-image-carousel swiper-wrapper\" aria-live=\"off\">\n\t\t\t\t\t\t\t\t<div class=\"swiper-slide\" role=\"group\" aria-roledescription=\"slide\" aria-label=\"1 of 7\" data-no-translation-aria-label=\"\"><figure class=\"swiper-slide-inner\"><img decoding=\"async\" class=\"swiper-slide-image\" src=\"https:\/\/samba-resille.org\/international-platform\/wp-content\/uploads\/2022\/06\/P1002629-150x150.jpg\" alt=\"P1002629\" \/><\/figure><\/div><div class=\"swiper-slide\" role=\"group\" aria-roledescription=\"slide\" aria-label=\"2 of 7\" data-no-translation-aria-label=\"\"><figure class=\"swiper-slide-inner\"><img decoding=\"async\" class=\"swiper-slide-image\" src=\"https:\/\/samba-resille.org\/international-platform\/wp-content\/uploads\/2022\/06\/P1002710-150x150.jpg\" alt=\"P1002710\" \/><\/figure><\/div><div class=\"swiper-slide\" role=\"group\" aria-roledescription=\"slide\" aria-label=\"3 of 7\" data-no-translation-aria-label=\"\"><figure class=\"swiper-slide-inner\"><img decoding=\"async\" class=\"swiper-slide-image\" src=\"https:\/\/samba-resille.org\/international-platform\/wp-content\/uploads\/2022\/06\/P1002378-150x150.jpg\" alt=\"P1002378\" \/><\/figure><\/div><div class=\"swiper-slide\" role=\"group\" aria-roledescription=\"slide\" aria-label=\"4 of 7\" data-no-translation-aria-label=\"\"><figure class=\"swiper-slide-inner\"><img decoding=\"async\" class=\"swiper-slide-image\" src=\"https:\/\/samba-resille.org\/international-platform\/wp-content\/uploads\/2022\/06\/P1002576-150x150.jpg\" alt=\"P1002576\" \/><\/figure><\/div><div class=\"swiper-slide\" role=\"group\" aria-roledescription=\"slide\" aria-label=\"5 of 7\" data-no-translation-aria-label=\"\"><figure class=\"swiper-slide-inner\"><img decoding=\"async\" class=\"swiper-slide-image\" src=\"https:\/\/samba-resille.org\/international-platform\/wp-content\/uploads\/2022\/06\/P1002583-150x150.jpg\" alt=\"P1002583\" \/><\/figure><\/div><div class=\"swiper-slide\" role=\"group\" aria-roledescription=\"slide\" aria-label=\"6 of 7\" data-no-translation-aria-label=\"\"><figure class=\"swiper-slide-inner\"><img decoding=\"async\" class=\"swiper-slide-image\" src=\"https:\/\/samba-resille.org\/international-platform\/wp-content\/uploads\/2022\/06\/P1002379-150x150.jpg\" alt=\"P1002379\" \/><\/figure><\/div><div class=\"swiper-slide\" role=\"group\" aria-roledescription=\"slide\" aria-label=\"7 of 7\" data-no-translation-aria-label=\"\"><figure class=\"swiper-slide-inner\"><img decoding=\"async\" class=\"swiper-slide-image\" src=\"https:\/\/samba-resille.org\/international-platform\/wp-content\/uploads\/2022\/06\/P1002738-150x150.jpg\" alt=\"P1002738\" \/><\/figure><\/div>\t\t\t<\/div>\n\t\t\t\t\t\t\t\t\t\t\t\t<div class=\"elementor-swiper-button elementor-swiper-button-prev\" role=\"button\" tabindex=\"0\">\n\t\t\t\t\t\t<i aria-hidden=\"true\" class=\"eicon-chevron-left\"><\/i>\t\t\t\t\t<\/div>\n\t\t\t\t\t<div class=\"elementor-swiper-button elementor-swiper-button-next\" role=\"button\" tabindex=\"0\">\n\t\t\t\t\t\t<i aria-hidden=\"true\" class=\"eicon-chevron-right\"><\/i>\t\t\t\t\t<\/div>\n\t\t\t\t\n\t\t\t\t\t\t\t\t\t<div class=\"swiper-pagination\"><\/div>\n\t\t\t\t\t\t\t\t\t<\/div>\n\t\t\t\t\t\t<\/div>\n\t\t\t\t<\/div>\n\t\t\t\t\t<\/div>\n\t\t<\/div>\n\t\t\t\t\t<\/div>\n\t\t<\/section>\n\t\t\t\t<section class=\"elementor-section elementor-top-section elementor-element elementor-element-c20dbc9 elementor-section-boxed elementor-section-height-default elementor-section-height-default wpr-particle-no wpr-jarallax-no wpr-parallax-no wpr-sticky-section-no wpr-equal-height-no\" data-id=\"c20dbc9\" data-element_type=\"section\" data-e-type=\"section\">\n\t\t\t\t\t\t<div class=\"elementor-container elementor-column-gap-default\">\n\t\t\t\t\t<div class=\"elementor-column elementor-col-100 elementor-top-column elementor-element elementor-element-a26b64b\" data-id=\"a26b64b\" data-element_type=\"column\" data-e-type=\"column\">\n\t\t\t<div class=\"elementor-widget-wrap elementor-element-populated\">\n\t\t\t\t\t\t<div class=\"elementor-element elementor-element-4d916e0 elementor-widget elementor-widget-text-editor\" data-id=\"4d916e0\" data-element_type=\"widget\" data-e-type=\"widget\" data-widget_type=\"text-editor.default\">\n\t\t\t\t<div class=\"elementor-widget-container\">\n\t\t\t\t\t\t\t\t\t<p>Prochaine \u00e9tape de cette belle collaboration : G\u00f6teborg, en Su\u00e8de !<\/p><p>Pour plus d&rsquo;information sur le projet, vous pouvez consulter la page d\u00e9di\u00e9e au projet <a href=\"https:\/\/samba-resille.org\/international-platform\/musicpreneur\/\" target=\"_blank\" rel=\"noopener\">&gt;&gt;&gt;<\/a><\/p>\t\t\t\t\t\t\t\t<\/div>\n\t\t\t\t<\/div>\n\t\t\t\t\t<\/div>\n\t\t<\/div>\n\t\t\t\t\t<\/div>\n\t\t<\/section>\n\t\t\t\t<\/div>","protected":false},"excerpt":{"rendered":"<p>La premi\u00e8re mobilit\u00e9 du projet Musicpreneur s&rsquo;est d\u00e9roul\u00e9e \u00e0 Toulouse dans nos locaux du 11 au 17 juin ! Musicpreneur r\u00e9pond au besoin des acteurs culturels (artistes et op\u00e9rateurs) de d\u00e9velopper leur pouvoir et savoir agir, autrement dit les capacit\u00e9s \u00e0 mobiliser et \u00e0 combiner efficacement une vari\u00e9t\u00e9 de ressources internes et de ressources externes dans une situation donn\u00e9e pour s\u2019organiser, s\u2019adapter, s\u2019autonomiser, sociabiliser, communiquer, coop\u00e9rer et cr\u00e9er. Les contenus d\u2019activit\u00e9 se sont construits sur le principe : d\u2019une coop\u00e9ration artistique pluridisciplinaire (musique, danse, mise en sc\u00e8ne) et interculturelle, autour des h\u00e9ritages musicaux africains dans le monde d\u2019une sensibilisation des participants aux ressources manag\u00e9riales, aux ressources r\u00e9seaux et \u00e0 la connaissance des contextes pouvant permettre la consolidation des carri\u00e8res au niveau local comme international Dans le cadre de ce projet, Samba R\u00e9sille a travaill\u00e9 avec les d\u00e9l\u00e9gations de MetX (Belgique), Abunda (Su\u00e8de) et Artscape (Afrique du Sud). Ils se sont ainsi joint \u00e0 nous dans la musique et la bonne humeur, participant avec implication. L&rsquo;\u00e9quipe de Samba R\u00e9sille a pu proposer divers ateliers, tels que \u00ab\u00a0Coop\u00e9ration artistique dans l&rsquo;espace public\u00a0\u00bb par Ma\u00ebva Longvert, \u00ab\u00a0Mon univers Samba\u00a0\u00bb par Elaine Lopes, \u00ab\u00a0Entre diff\u00e9rentes cultures\u00a0\u00bb par Momar D\u00e9sir\u00e9 Kane, ou encore une activit\u00e9 sons et mouvement tenue par Lisa Biscarro-Balle. Nous avons \u00e9galement eu la chance d&rsquo;accueillir Marl\u00e8ne Leroux, directrice d&rsquo;Artscape, lors d&rsquo;une conf\u00e9rence d\u00e9bat avec d&rsquo;autres repr\u00e9sentants d&rsquo;institutions locales et d&rsquo;une visite de l&rsquo;IJA de Toulouse. Cette mobilit\u00e9 s&rsquo;est conclue par un premier concert de restitution, le 16 juin, avec le groupe Duo Leve, dans le cadre du festival Rio Loco. Pr\u00e9c\u00e9dent Suivant Prochaine \u00e9tape de cette belle collaboration : G\u00f6teborg, en Su\u00e8de ! Pour plus d&rsquo;information sur le projet, vous pouvez consulter la page d\u00e9di\u00e9e au projet &gt;&gt;&gt;<\/p>","protected":false},"author":2,"featured_media":4476,"comment_status":"closed","ping_status":"closed","sticky":false,"template":"","format":"standard","meta":{"footnotes":""},"categories":[62,45,74,41,50,28,75,40,43,68],"tags":[],"class_list":["post-4477","post","type-post","status-publish","format-standard","has-post-thumbnail","hentry","category-62","category-adultes","category-age","category-annee","category-belgique","category-formation","category-geographie","category-pays","category-projet-europeen","category-suede"],"_links":{"self":[{"href":"https:\/\/samba-resille.org\/international-platform\/en\/wp-json\/wp\/v2\/posts\/4477","targetHints":{"allow":["GET"]}}],"collection":[{"href":"https:\/\/samba-resille.org\/international-platform\/en\/wp-json\/wp\/v2\/posts"}],"about":[{"href":"https:\/\/samba-resille.org\/international-platform\/en\/wp-json\/wp\/v2\/types\/post"}],"author":[{"embeddable":true,"href":"https:\/\/samba-resille.org\/international-platform\/en\/wp-json\/wp\/v2\/users\/2"}],"replies":[{"embeddable":true,"href":"https:\/\/samba-resille.org\/international-platform\/en\/wp-json\/wp\/v2\/comments?post=4477"}],"version-history":[{"count":1,"href":"https:\/\/samba-resille.org\/international-platform\/en\/wp-json\/wp\/v2\/posts\/4477\/revisions"}],"predecessor-version":[{"id":7800,"href":"https:\/\/samba-resille.org\/international-platform\/en\/wp-json\/wp\/v2\/posts\/4477\/revisions\/7800"}],"wp:featuredmedia":[{"embeddable":true,"href":"https:\/\/samba-resille.org\/international-platform\/en\/wp-json\/wp\/v2\/media\/4476"}],"wp:attachment":[{"href":"https:\/\/samba-resille.org\/international-platform\/en\/wp-json\/wp\/v2\/media?parent=4477"}],"wp:term":[{"taxonomy":"category","embeddable":true,"href":"https:\/\/samba-resille.org\/international-platform\/en\/wp-json\/wp\/v2\/categories?post=4477"},{"taxonomy":"post_tag","embeddable":true,"href":"https:\/\/samba-resille.org\/international-platform\/en\/wp-json\/wp\/v2\/tags?post=4477"}],"curies":[{"name":"wp","href":"https:\/\/api.w.org\/{rel}","templated":true}]}}