{"id":4568,"date":"2022-08-02T09:29:55","date_gmt":"2022-08-02T09:29:55","guid":{"rendered":"https:\/\/samba-resille.org\/international-platform\/?p=4568"},"modified":"2024-03-25T10:57:46","modified_gmt":"2024-03-25T10:57:46","slug":"dream-up-drum-up-depart-pour-cape-town","status":"publish","type":"post","link":"https:\/\/samba-resille.org\/international-platform\/en\/2022\/08\/02\/dream-up-drum-up-depart-pour-cape-town\/","title":{"rendered":"\u00ab\u00a0Dream up! Drum up!\u00a0\u00bb \u2013 Departure for Cape Town"},"content":{"rendered":"<div data-elementor-type=\"wp-post\" data-elementor-id=\"4568\" class=\"elementor elementor-4568\" wpc-filter-elementor-widget=\"1\" data-elementor-post-type=\"post\">\n\t\t\t\t\t\t<section class=\"elementor-section elementor-top-section elementor-element elementor-element-ca965f2 elementor-section-boxed elementor-section-height-default elementor-section-height-default wpr-particle-no wpr-jarallax-no wpr-parallax-no wpr-sticky-section-no wpr-equal-height-no\" data-id=\"ca965f2\" data-element_type=\"section\" data-e-type=\"section\">\n\t\t\t\t\t\t<div class=\"elementor-container elementor-column-gap-default\">\n\t\t\t\t\t<div class=\"elementor-column elementor-col-50 elementor-top-column elementor-element elementor-element-e9ae853\" data-id=\"e9ae853\" data-element_type=\"column\" data-e-type=\"column\">\n\t\t\t<div class=\"elementor-widget-wrap elementor-element-populated\">\n\t\t\t\t\t\t<div class=\"elementor-element elementor-element-406e748 elementor-widget elementor-widget-image\" data-id=\"406e748\" data-element_type=\"widget\" data-e-type=\"widget\" data-widget_type=\"image.default\">\n\t\t\t\t<div class=\"elementor-widget-container\">\n\t\t\t\t\t\t\t\t\t\t\t\t\t\t\t<img fetchpriority=\"high\" decoding=\"async\" width=\"400\" height=\"151\" src=\"https:\/\/samba-resille.org\/international-platform\/wp-content\/uploads\/2022\/03\/logo-dream-up.jpg\" class=\"attachment-large size-large wp-image-4190\" alt=\"\" srcset=\"https:\/\/samba-resille.org\/international-platform\/wp-content\/uploads\/2022\/03\/logo-dream-up.jpg 400w, https:\/\/samba-resille.org\/international-platform\/wp-content\/uploads\/2022\/03\/logo-dream-up-300x113.jpg 300w\" sizes=\"(max-width: 400px) 100vw, 400px\" \/>\t\t\t\t\t\t\t\t\t\t\t\t\t\t\t<\/div>\n\t\t\t\t<\/div>\n\t\t\t\t\t<\/div>\n\t\t<\/div>\n\t\t\t\t<div class=\"elementor-column elementor-col-50 elementor-top-column elementor-element elementor-element-230bfb9\" data-id=\"230bfb9\" data-element_type=\"column\" data-e-type=\"column\">\n\t\t\t<div class=\"elementor-widget-wrap elementor-element-populated\">\n\t\t\t\t\t\t<div class=\"elementor-element elementor-element-ca2571e elementor-widget elementor-widget-text-editor\" data-id=\"ca2571e\" data-element_type=\"widget\" data-e-type=\"widget\" data-widget_type=\"text-editor.default\">\n\t\t\t\t<div class=\"elementor-widget-container\">\n\t\t\t\t\t\t\t\t\t<p>Samba R\u00e9sille pr\u00e9pare ses valises direction Wellington et Cape Town pour la derni\u00e8re \u00e9tape collective du projet \u00ab Dream up! Drum up! \u00bb, du 2 au 11 septembre ! Notre petit groupe est tr\u00e8s motiv\u00e9 et retrouvera sur place nos partenaires zambiens de Barefeet, ainsi que le pacific brass band sud-africain d\u2019Artscape.<\/p>\t\t\t\t\t\t\t\t<\/div>\n\t\t\t\t<\/div>\n\t\t\t\t\t<\/div>\n\t\t<\/div>\n\t\t\t\t\t<\/div>\n\t\t<\/section>\n\t\t\t\t<section class=\"elementor-section elementor-top-section elementor-element elementor-element-712c4ae elementor-section-boxed elementor-section-height-default elementor-section-height-default wpr-particle-no wpr-jarallax-no wpr-parallax-no wpr-sticky-section-no wpr-equal-height-no\" data-id=\"712c4ae\" data-element_type=\"section\" data-e-type=\"section\">\n\t\t\t\t\t\t<div class=\"elementor-container elementor-column-gap-default\">\n\t\t\t\t\t<div class=\"elementor-column elementor-col-100 elementor-top-column elementor-element elementor-element-91108cf\" data-id=\"91108cf\" data-element_type=\"column\" data-e-type=\"column\">\n\t\t\t<div class=\"elementor-widget-wrap elementor-element-populated\">\n\t\t\t\t\t\t<div class=\"elementor-element elementor-element-86a71b0 elementor-widget elementor-widget-image\" data-id=\"86a71b0\" data-element_type=\"widget\" data-e-type=\"widget\" data-widget_type=\"image.default\">\n\t\t\t\t<div class=\"elementor-widget-container\">\n\t\t\t\t\t\t\t\t\t\t\t\t\t\t\t<img decoding=\"async\" width=\"800\" height=\"430\" src=\"https:\/\/samba-resille.org\/international-platform\/wp-content\/uploads\/2022\/08\/carte-wellington-1024x551.png\" class=\"attachment-large size-large wp-image-4570\" alt=\"\" srcset=\"https:\/\/samba-resille.org\/international-platform\/wp-content\/uploads\/2022\/08\/carte-wellington-1024x551.png 1024w, https:\/\/samba-resille.org\/international-platform\/wp-content\/uploads\/2022\/08\/carte-wellington-300x162.png 300w, https:\/\/samba-resille.org\/international-platform\/wp-content\/uploads\/2022\/08\/carte-wellington-768x414.png 768w, https:\/\/samba-resille.org\/international-platform\/wp-content\/uploads\/2022\/08\/carte-wellington.png 1404w\" sizes=\"(max-width: 800px) 100vw, 800px\" \/>\t\t\t\t\t\t\t\t\t\t\t\t\t\t\t<\/div>\n\t\t\t\t<\/div>\n\t\t\t\t\t<\/div>\n\t\t<\/div>\n\t\t\t\t\t<\/div>\n\t\t<\/section>\n\t\t\t\t<section class=\"elementor-section elementor-top-section elementor-element elementor-element-b73bebc elementor-section-boxed elementor-section-height-default elementor-section-height-default wpr-particle-no wpr-jarallax-no wpr-parallax-no wpr-sticky-section-no wpr-equal-height-no\" data-id=\"b73bebc\" data-element_type=\"section\" data-e-type=\"section\">\n\t\t\t\t\t\t<div class=\"elementor-container elementor-column-gap-default\">\n\t\t\t\t\t<div class=\"elementor-column elementor-col-100 elementor-top-column elementor-element elementor-element-4200e61\" data-id=\"4200e61\" data-element_type=\"column\" data-e-type=\"column\">\n\t\t\t<div class=\"elementor-widget-wrap elementor-element-populated\">\n\t\t\t\t\t\t<div class=\"elementor-element elementor-element-a423162 elementor-widget elementor-widget-text-editor\" data-id=\"a423162\" data-element_type=\"widget\" data-e-type=\"widget\" data-widget_type=\"text-editor.default\">\n\t\t\t\t<div class=\"elementor-widget-container\">\n\t\t\t\t\t\t\t\t\t<p>Depuis la deuxi\u00e8me \u00e9tape \u00e0 Toulouse, le travail s\u2019est poursuivi dans chaque structure, permettant une bonne avanc\u00e9e globale pour cette mobilit\u00e9.<\/p><p>Un programme prometteur est pr\u00e9vu pour ces belles journ\u00e9es ensemble ! Entre workshops, rencontres, visites et autres surprises, le projet continue dans sa lanc\u00e9e et nous pr\u00e9pare d\u00e9j\u00e0 \u00e0 un retour tr\u00e8s riche.<\/p><p>Nous avons d\u2019ores et d\u00e9j\u00e0 h\u00e2te de vous partager le fruit de ces retrouvailles !<\/p><p>Pour plus d\u2019informations sur le projet et les \u00e9tapes pr\u00e9c\u00e9dentes, nous vous invitons \u00e0 cliquer sur ce lien pour consulter la page d\u00e9di\u00e9e <a href=\"https:\/\/samba-resille.org\/international-platform\/dream-up-drum-up\/\" target=\"_blank\" rel=\"noopener\"><strong>&gt;&gt;&gt;<\/strong><\/a><\/p>\t\t\t\t\t\t\t\t<\/div>\n\t\t\t\t<\/div>\n\t\t\t\t\t<\/div>\n\t\t<\/div>\n\t\t\t\t\t<\/div>\n\t\t<\/section>\n\t\t\t\t<\/div>","protected":false},"excerpt":{"rendered":"<p>Samba R\u00e9sille pr\u00e9pare ses valises direction Wellington et Cape Town pour la derni\u00e8re \u00e9tape collective du projet \u00ab Dream up! Drum up! \u00bb, du 2 au 11 septembre ! Notre petit groupe est tr\u00e8s motiv\u00e9 et retrouvera sur place nos partenaires zambiens de Barefeet, ainsi que le pacific brass band sud-africain d\u2019Artscape. Depuis la deuxi\u00e8me \u00e9tape \u00e0 Toulouse, le travail s\u2019est poursuivi dans chaque structure, permettant une bonne avanc\u00e9e globale pour cette mobilit\u00e9. Un programme prometteur est pr\u00e9vu pour ces belles journ\u00e9es ensemble ! Entre workshops, rencontres, visites et autres surprises, le projet continue dans sa lanc\u00e9e et nous pr\u00e9pare d\u00e9j\u00e0 \u00e0 un retour tr\u00e8s riche. Nous avons d\u2019ores et d\u00e9j\u00e0 h\u00e2te de vous partager le fruit de ces retrouvailles ! Pour plus d\u2019informations sur le projet et les \u00e9tapes pr\u00e9c\u00e9dentes, nous vous invitons \u00e0 cliquer sur ce lien pour consulter la page d\u00e9di\u00e9e &gt;&gt;&gt;<\/p>","protected":false},"author":2,"featured_media":4517,"comment_status":"closed","ping_status":"closed","sticky":false,"template":"","format":"standard","meta":{"footnotes":""},"categories":[62,45,51,74,41,28,76,40,42],"tags":[],"class_list":["post-4568","post","type-post","status-publish","format-standard","has-post-thumbnail","hentry","category-62","category-adultes","category-afrique-du-sud","category-age","category-annee","category-formation","category-objectifs","category-pays","category-projet-international"],"_links":{"self":[{"href":"https:\/\/samba-resille.org\/international-platform\/en\/wp-json\/wp\/v2\/posts\/4568","targetHints":{"allow":["GET"]}}],"collection":[{"href":"https:\/\/samba-resille.org\/international-platform\/en\/wp-json\/wp\/v2\/posts"}],"about":[{"href":"https:\/\/samba-resille.org\/international-platform\/en\/wp-json\/wp\/v2\/types\/post"}],"author":[{"embeddable":true,"href":"https:\/\/samba-resille.org\/international-platform\/en\/wp-json\/wp\/v2\/users\/2"}],"replies":[{"embeddable":true,"href":"https:\/\/samba-resille.org\/international-platform\/en\/wp-json\/wp\/v2\/comments?post=4568"}],"version-history":[{"count":1,"href":"https:\/\/samba-resille.org\/international-platform\/en\/wp-json\/wp\/v2\/posts\/4568\/revisions"}],"predecessor-version":[{"id":7797,"href":"https:\/\/samba-resille.org\/international-platform\/en\/wp-json\/wp\/v2\/posts\/4568\/revisions\/7797"}],"wp:featuredmedia":[{"embeddable":true,"href":"https:\/\/samba-resille.org\/international-platform\/en\/wp-json\/wp\/v2\/media\/4517"}],"wp:attachment":[{"href":"https:\/\/samba-resille.org\/international-platform\/en\/wp-json\/wp\/v2\/media?parent=4568"}],"wp:term":[{"taxonomy":"category","embeddable":true,"href":"https:\/\/samba-resille.org\/international-platform\/en\/wp-json\/wp\/v2\/categories?post=4568"},{"taxonomy":"post_tag","embeddable":true,"href":"https:\/\/samba-resille.org\/international-platform\/en\/wp-json\/wp\/v2\/tags?post=4568"}],"curies":[{"name":"wp","href":"https:\/\/api.w.org\/{rel}","templated":true}]}}