{"id":4575,"date":"2022-09-16T09:19:19","date_gmt":"2022-09-16T09:19:19","guid":{"rendered":"https:\/\/samba-resille.org\/international-platform\/?p=4575"},"modified":"2024-03-25T10:57:18","modified_gmt":"2024-03-25T10:57:18","slug":"lart-en-contre-depart-pour-berlin","status":"publish","type":"post","link":"https:\/\/samba-resille.org\/international-platform\/en\/2022\/09\/16\/lart-en-contre-depart-pour-berlin\/","title":{"rendered":"\u201cArt Against\u201d \u2013 Departure for Berlin"},"content":{"rendered":"<div data-elementor-type=\"wp-post\" data-elementor-id=\"4575\" class=\"elementor elementor-4575\" wpc-filter-elementor-widget=\"1\" data-elementor-post-type=\"post\">\n\t\t\t\t\t\t<section class=\"elementor-section elementor-top-section elementor-element elementor-element-d42fa68 elementor-section-boxed elementor-section-height-default elementor-section-height-default wpr-particle-no wpr-jarallax-no wpr-parallax-no wpr-sticky-section-no wpr-equal-height-no\" data-id=\"d42fa68\" data-element_type=\"section\" data-e-type=\"section\">\n\t\t\t\t\t\t<div class=\"elementor-container elementor-column-gap-default\">\n\t\t\t\t\t<div class=\"elementor-column elementor-col-100 elementor-top-column elementor-element elementor-element-2f3ccba\" data-id=\"2f3ccba\" data-element_type=\"column\" data-e-type=\"column\">\n\t\t\t<div class=\"elementor-widget-wrap elementor-element-populated\">\n\t\t\t\t\t\t<div class=\"elementor-element elementor-element-992eb35 elementor-widget elementor-widget-text-editor\" data-id=\"992eb35\" data-element_type=\"widget\" data-e-type=\"widget\" data-widget_type=\"text-editor.default\">\n\t\t\t\t<div class=\"elementor-widget-container\">\n\t\t\t\t\t\t\t\t\t<p><strong>L\u2019Art En Contre : de la m\u00e9diation artistique en travail social et de la m\u00e9diation sociale en travail artistique<\/strong><\/p><p>Cette mobilit\u00e9 fait suite \u00e0 la premi\u00e8re qui s&rsquo;\u00e9tait d\u00e9roul\u00e9e en Finlande \u00e0 Helsinki en mai 2022 ! Nous allons retrouver notre partenaire Piranha \u00e0 Berlin en Allemagne en poursuivant l&rsquo;objectif de ce projet : Faciliter l\u2019acc\u00e8s \u00e0 la fili\u00e8re culturelle dans toutes ses composantes et sur tous les m\u00e9tiers artistiques, techniques ou manag\u00e9riaux aux personnes en situation de vuln\u00e9rabilit\u00e9. <\/p>\t\t\t\t\t\t\t\t<\/div>\n\t\t\t\t<\/div>\n\t\t\t\t\t<\/div>\n\t\t<\/div>\n\t\t\t\t\t<\/div>\n\t\t<\/section>\n\t\t\t\t<section class=\"elementor-section elementor-top-section elementor-element elementor-element-30d54ff elementor-section-boxed elementor-section-height-default elementor-section-height-default wpr-particle-no wpr-jarallax-no wpr-parallax-no wpr-sticky-section-no wpr-equal-height-no\" data-id=\"30d54ff\" data-element_type=\"section\" data-e-type=\"section\">\n\t\t\t\t\t\t<div class=\"elementor-container elementor-column-gap-default\">\n\t\t\t\t\t<div class=\"elementor-column elementor-col-100 elementor-top-column elementor-element elementor-element-69bfe57\" data-id=\"69bfe57\" data-element_type=\"column\" data-e-type=\"column\">\n\t\t\t<div class=\"elementor-widget-wrap elementor-element-populated\">\n\t\t\t\t\t\t<div class=\"elementor-element elementor-element-3a341ed elementor-widget elementor-widget-text-editor\" data-id=\"3a341ed\" data-element_type=\"widget\" data-e-type=\"widget\" data-widget_type=\"text-editor.default\">\n\t\t\t\t<div class=\"elementor-widget-container\">\n\t\t\t\t\t\t\t\t\t<p><em>Suivez l&rsquo;avanc\u00e9e de ce projet sur nos r\u00e9seaux sociaux ! <a href=\"https:\/\/www.facebook.com\/sambaresille\" target=\"_blank\" rel=\"noopener\">&gt;&gt; Facebook<\/a> <a href=\"https:\/\/www.instagram.com\/sambaresille\/?hl=fr\" target=\"_blank\" rel=\"noopener\">&gt;&gt; Instagram<\/a><\/em><\/p>\t\t\t\t\t\t\t\t<\/div>\n\t\t\t\t<\/div>\n\t\t\t\t\t<\/div>\n\t\t<\/div>\n\t\t\t\t\t<\/div>\n\t\t<\/section>\n\t\t\t\t<\/div>","protected":false},"excerpt":{"rendered":"<p>L\u2019Art En Contre : de la m\u00e9diation artistique en travail social et de la m\u00e9diation sociale en travail artistique Cette mobilit\u00e9 fait suite \u00e0 la premi\u00e8re qui s&rsquo;\u00e9tait d\u00e9roul\u00e9e en Finlande \u00e0 Helsinki en mai 2022 ! Nous allons retrouver notre partenaire Piranha \u00e0 Berlin en Allemagne en poursuivant l&rsquo;objectif de ce projet : Faciliter l\u2019acc\u00e8s \u00e0 la fili\u00e8re culturelle dans toutes ses composantes et sur tous les m\u00e9tiers artistiques, techniques ou manag\u00e9riaux aux personnes en situation de vuln\u00e9rabilit\u00e9. Suivez l&rsquo;avanc\u00e9e de ce projet sur nos r\u00e9seaux sociaux ! &gt;&gt; Facebook &gt;&gt; Instagram<\/p>","protected":false},"author":5,"featured_media":4576,"comment_status":"closed","ping_status":"closed","sticky":false,"template":"","format":"standard","meta":{"footnotes":""},"categories":[62,61,45,74,57,41,54,75,76,40,43,39],"tags":[],"class_list":["post-4575","post","type-post","status-publish","format-standard","has-post-thumbnail","hentry","category-62","category-61","category-adultes","category-age","category-allemagne","category-annee","category-finlande","category-geographie","category-objectifs","category-pays","category-projet-europeen","category-stage-dobservation"],"_links":{"self":[{"href":"https:\/\/samba-resille.org\/international-platform\/en\/wp-json\/wp\/v2\/posts\/4575","targetHints":{"allow":["GET"]}}],"collection":[{"href":"https:\/\/samba-resille.org\/international-platform\/en\/wp-json\/wp\/v2\/posts"}],"about":[{"href":"https:\/\/samba-resille.org\/international-platform\/en\/wp-json\/wp\/v2\/types\/post"}],"author":[{"embeddable":true,"href":"https:\/\/samba-resille.org\/international-platform\/en\/wp-json\/wp\/v2\/users\/5"}],"replies":[{"embeddable":true,"href":"https:\/\/samba-resille.org\/international-platform\/en\/wp-json\/wp\/v2\/comments?post=4575"}],"version-history":[{"count":1,"href":"https:\/\/samba-resille.org\/international-platform\/en\/wp-json\/wp\/v2\/posts\/4575\/revisions"}],"predecessor-version":[{"id":7796,"href":"https:\/\/samba-resille.org\/international-platform\/en\/wp-json\/wp\/v2\/posts\/4575\/revisions\/7796"}],"wp:featuredmedia":[{"embeddable":true,"href":"https:\/\/samba-resille.org\/international-platform\/en\/wp-json\/wp\/v2\/media\/4576"}],"wp:attachment":[{"href":"https:\/\/samba-resille.org\/international-platform\/en\/wp-json\/wp\/v2\/media?parent=4575"}],"wp:term":[{"taxonomy":"category","embeddable":true,"href":"https:\/\/samba-resille.org\/international-platform\/en\/wp-json\/wp\/v2\/categories?post=4575"},{"taxonomy":"post_tag","embeddable":true,"href":"https:\/\/samba-resille.org\/international-platform\/en\/wp-json\/wp\/v2\/tags?post=4575"}],"curies":[{"name":"wp","href":"https:\/\/api.w.org\/{rel}","templated":true}]}}