{"id":6064,"date":"2023-03-10T15:58:14","date_gmt":"2023-03-10T15:58:14","guid":{"rendered":"https:\/\/samba-resille.org\/international-platform\/?p=6064"},"modified":"2024-03-25T10:55:27","modified_gmt":"2024-03-25T10:55:27","slug":"berlin-artistania-mars-2023","status":"publish","type":"post","link":"https:\/\/samba-resille.org\/international-platform\/en\/2023\/03\/10\/berlin-artistania-mars-2023\/","title":{"rendered":"Berlin \/ Artistania &#8211; mars 2023"},"content":{"rendered":"<div data-elementor-type=\"wp-post\" data-elementor-id=\"6064\" class=\"elementor elementor-6064\" wpc-filter-elementor-widget=\"1\" data-elementor-post-type=\"post\">\n\t\t\t\t\t\t<section class=\"elementor-section elementor-top-section elementor-element elementor-element-c58f9b1 elementor-section-boxed elementor-section-height-default elementor-section-height-default wpr-particle-no wpr-jarallax-no wpr-parallax-no wpr-sticky-section-no wpr-equal-height-no\" data-id=\"c58f9b1\" data-element_type=\"section\" data-e-type=\"section\">\n\t\t\t\t\t\t<div class=\"elementor-container elementor-column-gap-default\">\n\t\t\t\t\t<div class=\"elementor-column elementor-col-50 elementor-top-column elementor-element elementor-element-015d609\" data-id=\"015d609\" data-element_type=\"column\" data-e-type=\"column\">\n\t\t\t<div class=\"elementor-widget-wrap elementor-element-populated\">\n\t\t\t\t\t\t<div class=\"elementor-element elementor-element-0b90418 elementor-widget elementor-widget-image\" data-id=\"0b90418\" data-element_type=\"widget\" data-e-type=\"widget\" data-widget_type=\"image.default\">\n\t\t\t\t<div class=\"elementor-widget-container\">\n\t\t\t\t\t\t\t\t\t\t\t\t\t\t\t<img fetchpriority=\"high\" decoding=\"async\" width=\"800\" height=\"600\" src=\"https:\/\/samba-resille.org\/international-platform\/wp-content\/uploads\/2023\/03\/P9201224-1024x768.jpg\" class=\"attachment-large size-large wp-image-6066\" alt=\"\" srcset=\"https:\/\/samba-resille.org\/international-platform\/wp-content\/uploads\/2023\/03\/P9201224-1024x768.jpg 1024w, https:\/\/samba-resille.org\/international-platform\/wp-content\/uploads\/2023\/03\/P9201224-300x225.jpg 300w, https:\/\/samba-resille.org\/international-platform\/wp-content\/uploads\/2023\/03\/P9201224-768x576.jpg 768w, https:\/\/samba-resille.org\/international-platform\/wp-content\/uploads\/2023\/03\/P9201224-1536x1152.jpg 1536w, https:\/\/samba-resille.org\/international-platform\/wp-content\/uploads\/2023\/03\/P9201224-2048x1536.jpg 2048w, https:\/\/samba-resille.org\/international-platform\/wp-content\/uploads\/2023\/03\/P9201224-16x12.jpg 16w, https:\/\/samba-resille.org\/international-platform\/wp-content\/uploads\/2023\/03\/P9201224-24x18.jpg 24w, https:\/\/samba-resille.org\/international-platform\/wp-content\/uploads\/2023\/03\/P9201224-36x27.jpg 36w, https:\/\/samba-resille.org\/international-platform\/wp-content\/uploads\/2023\/03\/P9201224-48x36.jpg 48w\" sizes=\"(max-width: 800px) 100vw, 800px\" \/>\t\t\t\t\t\t\t\t\t\t\t\t\t\t\t<\/div>\n\t\t\t\t<\/div>\n\t\t\t\t\t<\/div>\n\t\t<\/div>\n\t\t\t\t<div class=\"elementor-column elementor-col-50 elementor-top-column elementor-element elementor-element-03ebd88\" data-id=\"03ebd88\" data-element_type=\"column\" data-e-type=\"column\">\n\t\t\t<div class=\"elementor-widget-wrap elementor-element-populated\">\n\t\t\t\t\t\t<div class=\"elementor-element elementor-element-fbbc02b elementor-widget elementor-widget-text-editor\" data-id=\"fbbc02b\" data-element_type=\"widget\" data-e-type=\"widget\" data-widget_type=\"text-editor.default\">\n\t\t\t\t<div class=\"elementor-widget-container\">\n\t\t\t\t\t\t\t\t\t<p><strong>Du 13 au 19 mars 2023, Samba R\u00e9sille rencontre <a href=\"https:\/\/www.artistania.org\/\" target=\"_blank\" rel=\"noopener\">Artistania<\/a> \u00e0 Berlin pour une session de formation \u00ab\u00a0techniques d&rsquo;animation, de concertation et d&rsquo;\u00e9valuation\u00a0\u00bb dans le cadre des mobilit\u00e9s du Consortium KA1 mobilit\u00e9s de l&rsquo;\u00e9ducation des adultes &#8211; Erasmus+<br><\/strong><\/p>\n<p><img decoding=\"async\" class=\"alignnone size-medium wp-image-5539\" src=\"https:\/\/samba-resille.org\/international-platform\/wp-content\/uploads\/2022\/12\/erasmus-300x86.png\" alt=\"\" width=\"300\" height=\"86\" srcset=\"https:\/\/samba-resille.org\/international-platform\/wp-content\/uploads\/2022\/12\/erasmus-300x86.png 300w, https:\/\/samba-resille.org\/international-platform\/wp-content\/uploads\/2022\/12\/erasmus-1024x294.png 1024w, https:\/\/samba-resille.org\/international-platform\/wp-content\/uploads\/2022\/12\/erasmus-768x220.png 768w, https:\/\/samba-resille.org\/international-platform\/wp-content\/uploads\/2022\/12\/erasmus-1536x440.png 1536w, https:\/\/samba-resille.org\/international-platform\/wp-content\/uploads\/2022\/12\/erasmus-2048x587.png 2048w, https:\/\/samba-resille.org\/international-platform\/wp-content\/uploads\/2022\/12\/erasmus-18x5.png 18w, https:\/\/samba-resille.org\/international-platform\/wp-content\/uploads\/2022\/12\/erasmus-24x7.png 24w, https:\/\/samba-resille.org\/international-platform\/wp-content\/uploads\/2022\/12\/erasmus-36x10.png 36w, https:\/\/samba-resille.org\/international-platform\/wp-content\/uploads\/2022\/12\/erasmus-48x14.png 48w\" sizes=\"(max-width: 300px) 100vw, 300px\" \/><\/p>\t\t\t\t\t\t\t\t<\/div>\n\t\t\t\t<\/div>\n\t\t\t\t<div class=\"elementor-element elementor-element-f84de50 elementor-widget elementor-widget-text-editor\" data-id=\"f84de50\" data-element_type=\"widget\" data-e-type=\"widget\" data-widget_type=\"text-editor.default\">\n\t\t\t\t<div class=\"elementor-widget-container\">\n\t\t\t\t\t\t\t\t\t<p><strong>Les 25 participants prendront part \u00e0 une formation sous forme d&rsquo;un cours structur\u00e9\u00a0en fran\u00e7ais\u00a0autour de techniques d&rsquo;animations tr\u00e8s utiles dans le travail avec les jeunes et les adultes et en contexte interculturel ainsi que des m\u00e9thodologies de conduite de situations de coop\u00e9rations autour des th\u00e9matique\/probl\u00e9matiques suivantes :<\/strong><\/p><ul><li>Comment amorcer la rencontre entre participants ?<\/li><li>Quel(s) r\u00f4le(s) dans la m\u00e9diation\/mod\u00e9ration\/Facilitation dans la cr\u00e9ation d&rsquo;espaces s\u00e9curisants ?<\/li><li>Quels sujets\/Th\u00e8mes pour les \u00e9changes entre jeunes ou entre adultes ?<\/li><li>Quels outils\/M\u00e9thodes\/bonne pratiques pour cr\u00e9er des interactions ludiques ?<\/li><li>Comment partager\/Donner des responsabilit\u00e9s aux jeunes adultes ?<\/li><li>Les r\u00e8gles li\u00e9es \u00e0 la m\u00e9diation ou comment g\u00e9rer les conflits ?<\/li><li>Comment g\u00e9rer certaines situations\/Comportements comme la consommation de drogues chez les jeunes adultes, l&rsquo;expression de racisme, sexisme&#8230;?<\/li><li>Comment planifier un \u00e9change entre jeunes ou entre adultes et construire un programme adapt\u00e9 ?<\/li><li>Quid de l&rsquo;\u00e9valuation participative ?<\/li><\/ul>\t\t\t\t\t\t\t\t<\/div>\n\t\t\t\t<\/div>\n\t\t\t\t\t<\/div>\n\t\t<\/div>\n\t\t\t\t\t<\/div>\n\t\t<\/section>\n\t\t\t\t<section class=\"elementor-section elementor-top-section elementor-element elementor-element-367e050 elementor-section-boxed elementor-section-height-default elementor-section-height-default wpr-particle-no wpr-jarallax-no wpr-parallax-no wpr-sticky-section-no wpr-equal-height-no\" data-id=\"367e050\" data-element_type=\"section\" data-e-type=\"section\">\n\t\t\t\t\t\t<div class=\"elementor-container elementor-column-gap-default\">\n\t\t\t\t\t<div class=\"elementor-column elementor-col-50 elementor-top-column elementor-element elementor-element-9dda785\" data-id=\"9dda785\" data-element_type=\"column\" data-e-type=\"column\">\n\t\t\t<div class=\"elementor-widget-wrap elementor-element-populated\">\n\t\t\t\t\t\t<div class=\"elementor-element elementor-element-c244a8a elementor-widget elementor-widget-image\" data-id=\"c244a8a\" data-element_type=\"widget\" data-e-type=\"widget\" data-widget_type=\"image.default\">\n\t\t\t\t<div class=\"elementor-widget-container\">\n\t\t\t\t\t\t\t\t\t\t\t\t<figure class=\"wp-caption\">\n\t\t\t\t\t\t\t\t\t\t<img decoding=\"async\" width=\"800\" height=\"600\" src=\"https:\/\/samba-resille.org\/international-platform\/wp-content\/uploads\/2023\/03\/P9241691-1024x768.jpg\" class=\"attachment-large size-large wp-image-6067\" alt=\"\" srcset=\"https:\/\/samba-resille.org\/international-platform\/wp-content\/uploads\/2023\/03\/P9241691-1024x768.jpg 1024w, https:\/\/samba-resille.org\/international-platform\/wp-content\/uploads\/2023\/03\/P9241691-300x225.jpg 300w, https:\/\/samba-resille.org\/international-platform\/wp-content\/uploads\/2023\/03\/P9241691-768x576.jpg 768w, https:\/\/samba-resille.org\/international-platform\/wp-content\/uploads\/2023\/03\/P9241691-1536x1152.jpg 1536w, https:\/\/samba-resille.org\/international-platform\/wp-content\/uploads\/2023\/03\/P9241691-2048x1536.jpg 2048w, https:\/\/samba-resille.org\/international-platform\/wp-content\/uploads\/2023\/03\/P9241691-16x12.jpg 16w, https:\/\/samba-resille.org\/international-platform\/wp-content\/uploads\/2023\/03\/P9241691-24x18.jpg 24w, https:\/\/samba-resille.org\/international-platform\/wp-content\/uploads\/2023\/03\/P9241691-36x27.jpg 36w, https:\/\/samba-resille.org\/international-platform\/wp-content\/uploads\/2023\/03\/P9241691-48x36.jpg 48w\" sizes=\"(max-width: 800px) 100vw, 800px\" \/>\t\t\t\t\t\t\t\t\t\t\t<figcaption class=\"widget-image-caption wp-caption-text\">Claire Chaulet, Artistania<\/figcaption>\n\t\t\t\t\t\t\t\t\t\t<\/figure>\n\t\t\t\t\t\t\t\t\t<\/div>\n\t\t\t\t<\/div>\n\t\t\t\t\t<\/div>\n\t\t<\/div>\n\t\t\t\t<div class=\"elementor-column elementor-col-50 elementor-top-column elementor-element elementor-element-d84656e\" data-id=\"d84656e\" data-element_type=\"column\" data-e-type=\"column\">\n\t\t\t<div class=\"elementor-widget-wrap elementor-element-populated\">\n\t\t\t\t\t\t<div class=\"elementor-element elementor-element-686f838 elementor-widget elementor-widget-text-editor\" data-id=\"686f838\" data-element_type=\"widget\" data-e-type=\"widget\" data-widget_type=\"text-editor.default\">\n\t\t\t\t<div class=\"elementor-widget-container\">\n\t\t\t\t\t\t\t\t\t<p>Artistania est une organisation \u00e0 but non lucratif qui offre un espace et des opportunit\u00e9s pour encourager les individus de diff\u00e9rents milieux culturels et sociaux \u00e0 travailler ensemble sur des projets artistiques et socioculturels. Notre objectif est de favoriser la cr\u00e9ativit\u00e9 transculturelle, la participation, la tol\u00e9rance et l&rsquo;apprentissage mutuel.<\/p><p><a href=\"https:\/\/www.artistania.org\/\" target=\"_blank\" rel=\"noopener\"><img loading=\"lazy\" decoding=\"async\" class=\"size-full wp-image-6091 alignleft\" src=\"https:\/\/samba-resille.org\/international-platform\/wp-content\/uploads\/2023\/03\/Artistania.webp\" alt=\"\" width=\"93\" height=\"97\" srcset=\"https:\/\/samba-resille.org\/international-platform\/wp-content\/uploads\/2023\/03\/Artistania.webp 93w, https:\/\/samba-resille.org\/international-platform\/wp-content\/uploads\/2023\/03\/Artistania-12x12.webp 12w, https:\/\/samba-resille.org\/international-platform\/wp-content\/uploads\/2023\/03\/Artistania-24x24.webp 24w, https:\/\/samba-resille.org\/international-platform\/wp-content\/uploads\/2023\/03\/Artistania-46x48.webp 46w\" sizes=\"(max-width: 93px) 100vw, 93px\" \/><\/a><\/p>\t\t\t\t\t\t\t\t<\/div>\n\t\t\t\t<\/div>\n\t\t\t\t\t<\/div>\n\t\t<\/div>\n\t\t\t\t\t<\/div>\n\t\t<\/section>\n\t\t\t\t<\/div>","protected":false},"excerpt":{"rendered":"<p>Du 13 au 19 mars 2023, Samba R\u00e9sille rencontre Artistania \u00e0 Berlin pour une session de formation \u00ab\u00a0techniques d&rsquo;animation, de concertation et d&rsquo;\u00e9valuation\u00a0\u00bb dans le cadre des mobilit\u00e9s du Consortium KA1 mobilit\u00e9s de l&rsquo;\u00e9ducation des adultes &#8211; Erasmus+ Les 25 participants prendront part \u00e0 une formation sous forme d&rsquo;un cours structur\u00e9\u00a0en fran\u00e7ais\u00a0autour de techniques d&rsquo;animations tr\u00e8s utiles dans le travail avec les jeunes et les adultes et en contexte interculturel ainsi que des m\u00e9thodologies de conduite de situations de coop\u00e9rations autour des th\u00e9matique\/probl\u00e9matiques suivantes : Comment amorcer la rencontre entre participants ? Quel(s) r\u00f4le(s) dans la m\u00e9diation\/mod\u00e9ration\/Facilitation dans la cr\u00e9ation d&rsquo;espaces s\u00e9curisants ? Quels sujets\/Th\u00e8mes pour les \u00e9changes entre jeunes ou entre adultes ? Quels outils\/M\u00e9thodes\/bonne pratiques pour cr\u00e9er des interactions ludiques ? Comment partager\/Donner des responsabilit\u00e9s aux jeunes adultes ? Les r\u00e8gles li\u00e9es \u00e0 la m\u00e9diation ou comment g\u00e9rer les conflits ? Comment g\u00e9rer certaines situations\/Comportements comme la consommation de drogues chez les jeunes adultes, l&rsquo;expression de racisme, sexisme&#8230;? Comment planifier un \u00e9change entre jeunes ou entre adultes et construire un programme adapt\u00e9 ? Quid de l&rsquo;\u00e9valuation participative ? Claire Chaulet, Artistania Artistania est une organisation \u00e0 but non lucratif qui offre un espace et des opportunit\u00e9s pour encourager les individus de diff\u00e9rents milieux culturels et sociaux \u00e0 travailler ensemble sur des projets artistiques et socioculturels. Notre objectif est de favoriser la cr\u00e9ativit\u00e9 transculturelle, la participation, la tol\u00e9rance et l&rsquo;apprentissage mutuel.<\/p>","protected":false},"author":2,"featured_media":6065,"comment_status":"closed","ping_status":"closed","sticky":false,"template":"","format":"standard","meta":{"footnotes":""},"categories":[61,45,74,57,41,28,75,76,40,43],"tags":[],"class_list":["post-6064","post","type-post","status-publish","format-standard","has-post-thumbnail","hentry","category-61","category-adultes","category-age","category-allemagne","category-annee","category-formation","category-geographie","category-objectifs","category-pays","category-projet-europeen"],"_links":{"self":[{"href":"https:\/\/samba-resille.org\/international-platform\/en\/wp-json\/wp\/v2\/posts\/6064","targetHints":{"allow":["GET"]}}],"collection":[{"href":"https:\/\/samba-resille.org\/international-platform\/en\/wp-json\/wp\/v2\/posts"}],"about":[{"href":"https:\/\/samba-resille.org\/international-platform\/en\/wp-json\/wp\/v2\/types\/post"}],"author":[{"embeddable":true,"href":"https:\/\/samba-resille.org\/international-platform\/en\/wp-json\/wp\/v2\/users\/2"}],"replies":[{"embeddable":true,"href":"https:\/\/samba-resille.org\/international-platform\/en\/wp-json\/wp\/v2\/comments?post=6064"}],"version-history":[{"count":37,"href":"https:\/\/samba-resille.org\/international-platform\/en\/wp-json\/wp\/v2\/posts\/6064\/revisions"}],"predecessor-version":[{"id":6107,"href":"https:\/\/samba-resille.org\/international-platform\/en\/wp-json\/wp\/v2\/posts\/6064\/revisions\/6107"}],"wp:featuredmedia":[{"embeddable":true,"href":"https:\/\/samba-resille.org\/international-platform\/en\/wp-json\/wp\/v2\/media\/6065"}],"wp:attachment":[{"href":"https:\/\/samba-resille.org\/international-platform\/en\/wp-json\/wp\/v2\/media?parent=6064"}],"wp:term":[{"taxonomy":"category","embeddable":true,"href":"https:\/\/samba-resille.org\/international-platform\/en\/wp-json\/wp\/v2\/categories?post=6064"},{"taxonomy":"post_tag","embeddable":true,"href":"https:\/\/samba-resille.org\/international-platform\/en\/wp-json\/wp\/v2\/tags?post=6064"}],"curies":[{"name":"wp","href":"https:\/\/api.w.org\/{rel}","templated":true}]}}