{"id":6125,"date":"2023-03-16T09:39:09","date_gmt":"2023-03-16T09:39:09","guid":{"rendered":"https:\/\/samba-resille.org\/international-platform\/?p=6125"},"modified":"2024-03-25T10:55:08","modified_gmt":"2024-03-25T10:55:08","slug":"bruxelles-masterclass-samba-choro","status":"publish","type":"post","link":"https:\/\/samba-resille.org\/international-platform\/en\/2023\/03\/16\/bruxelles-masterclass-samba-choro\/","title":{"rendered":"Bruxelles &#8211; Masterclass samba choro"},"content":{"rendered":"<div data-elementor-type=\"wp-post\" data-elementor-id=\"6125\" class=\"elementor elementor-6125\" wpc-filter-elementor-widget=\"1\" data-elementor-post-type=\"post\">\n\t\t\t\t\t\t<section class=\"elementor-section elementor-top-section elementor-element elementor-element-b473859 elementor-section-boxed elementor-section-height-default elementor-section-height-default wpr-particle-no wpr-jarallax-no wpr-parallax-no wpr-sticky-section-no wpr-equal-height-no\" data-id=\"b473859\" data-element_type=\"section\" data-e-type=\"section\">\n\t\t\t\t\t\t<div class=\"elementor-container elementor-column-gap-default\">\n\t\t\t\t\t<div class=\"elementor-column elementor-col-50 elementor-top-column elementor-element elementor-element-cbd1cb3\" data-id=\"cbd1cb3\" data-element_type=\"column\" data-e-type=\"column\">\n\t\t\t<div class=\"elementor-widget-wrap elementor-element-populated\">\n\t\t\t\t\t\t<div class=\"elementor-element elementor-element-4a82af2 elementor-widget elementor-widget-image\" data-id=\"4a82af2\" data-element_type=\"widget\" data-e-type=\"widget\" data-widget_type=\"image.default\">\n\t\t\t\t<div class=\"elementor-widget-container\">\n\t\t\t\t\t\t\t\t\t\t\t\t\t\t\t<img fetchpriority=\"high\" decoding=\"async\" width=\"800\" height=\"389\" src=\"https:\/\/samba-resille.org\/international-platform\/wp-content\/uploads\/2023\/03\/pagode-fev23-1024x498.jpg\" class=\"attachment-large size-large wp-image-6126\" alt=\"\" srcset=\"https:\/\/samba-resille.org\/international-platform\/wp-content\/uploads\/2023\/03\/pagode-fev23-1024x498.jpg 1024w, https:\/\/samba-resille.org\/international-platform\/wp-content\/uploads\/2023\/03\/pagode-fev23-300x146.jpg 300w, https:\/\/samba-resille.org\/international-platform\/wp-content\/uploads\/2023\/03\/pagode-fev23-768x373.jpg 768w, https:\/\/samba-resille.org\/international-platform\/wp-content\/uploads\/2023\/03\/pagode-fev23-1536x747.jpg 1536w, https:\/\/samba-resille.org\/international-platform\/wp-content\/uploads\/2023\/03\/pagode-fev23-18x9.jpg 18w, https:\/\/samba-resille.org\/international-platform\/wp-content\/uploads\/2023\/03\/pagode-fev23-24x12.jpg 24w, https:\/\/samba-resille.org\/international-platform\/wp-content\/uploads\/2023\/03\/pagode-fev23-36x18.jpg 36w, https:\/\/samba-resille.org\/international-platform\/wp-content\/uploads\/2023\/03\/pagode-fev23-48x23.jpg 48w, https:\/\/samba-resille.org\/international-platform\/wp-content\/uploads\/2023\/03\/pagode-fev23.jpg 2016w\" sizes=\"(max-width: 800px) 100vw, 800px\" \/>\t\t\t\t\t\t\t\t\t\t\t\t\t\t\t<\/div>\n\t\t\t\t<\/div>\n\t\t\t\t\t<\/div>\n\t\t<\/div>\n\t\t\t\t<div class=\"elementor-column elementor-col-50 elementor-top-column elementor-element elementor-element-7d7c648\" data-id=\"7d7c648\" data-element_type=\"column\" data-e-type=\"column\">\n\t\t\t<div class=\"elementor-widget-wrap elementor-element-populated\">\n\t\t\t\t\t\t<div class=\"elementor-element elementor-element-d2841b9 elementor-widget elementor-widget-text-editor\" data-id=\"d2841b9\" data-element_type=\"widget\" data-e-type=\"widget\" data-widget_type=\"text-editor.default\">\n\t\t\t\t<div class=\"elementor-widget-container\">\n\t\t\t\t\t\t\t\t\t<p><strong>Masterclass samba choro &#8211; 27 f\u00e9vrier\/5 mars 2023<\/strong><\/p><p>Du 27 f\u00e9vrier au 5 mars, les \u00e9l\u00e8ves des cours de samba pagode de Samba R\u00e9sille ont particip\u00e9 \u00e0 une masterclass samba et choro construite avec notre partenaire le club de choro de Bruxelles.\u00a0<\/p><p>Une mobilit\u00e9 tr\u00e8s int\u00e9ressante et \u00e9panouissante, o\u00f9 nous avons pu consolider les techniques samba en chant, percussion et harmonie, ainsi que d\u00e9couvrir l\u2019univers riche et diversifi\u00e9 du choro br\u00e9silien, avec en particulier l\u2019\u00e9tude du maxixe, style rond et enveloppant qui fait le pont avec les genres typiques d\u2019Am\u00e9rique du Sud, comme le tango et la milonga !<\/p>\t\t\t\t\t\t\t\t<\/div>\n\t\t\t\t<\/div>\n\t\t\t\t\t<\/div>\n\t\t<\/div>\n\t\t\t\t\t<\/div>\n\t\t<\/section>\n\t\t\t\t<\/div>","protected":false},"excerpt":{"rendered":"<p>Du 27 f\u00e9vrier au 5 mars, les \u00e9l\u00e8ves des cours de samba pagode de Samba R\u00e9sille ont particip\u00e9 \u00e0 une masterclass samba et choro construite avec notre partenaire le club de choro de Bruxelles. <\/p>","protected":false},"author":2,"featured_media":6126,"comment_status":"closed","ping_status":"closed","sticky":false,"template":"","format":"standard","meta":{"footnotes":""},"categories":[61,45,74,41,50,28,75,76,40,43],"tags":[],"class_list":["post-6125","post","type-post","status-publish","format-standard","has-post-thumbnail","hentry","category-61","category-adultes","category-age","category-annee","category-belgique","category-formation","category-geographie","category-objectifs","category-pays","category-projet-europeen"],"_links":{"self":[{"href":"https:\/\/samba-resille.org\/international-platform\/en\/wp-json\/wp\/v2\/posts\/6125","targetHints":{"allow":["GET"]}}],"collection":[{"href":"https:\/\/samba-resille.org\/international-platform\/en\/wp-json\/wp\/v2\/posts"}],"about":[{"href":"https:\/\/samba-resille.org\/international-platform\/en\/wp-json\/wp\/v2\/types\/post"}],"author":[{"embeddable":true,"href":"https:\/\/samba-resille.org\/international-platform\/en\/wp-json\/wp\/v2\/users\/2"}],"replies":[{"embeddable":true,"href":"https:\/\/samba-resille.org\/international-platform\/en\/wp-json\/wp\/v2\/comments?post=6125"}],"version-history":[{"count":5,"href":"https:\/\/samba-resille.org\/international-platform\/en\/wp-json\/wp\/v2\/posts\/6125\/revisions"}],"predecessor-version":[{"id":6131,"href":"https:\/\/samba-resille.org\/international-platform\/en\/wp-json\/wp\/v2\/posts\/6125\/revisions\/6131"}],"wp:featuredmedia":[{"embeddable":true,"href":"https:\/\/samba-resille.org\/international-platform\/en\/wp-json\/wp\/v2\/media\/6126"}],"wp:attachment":[{"href":"https:\/\/samba-resille.org\/international-platform\/en\/wp-json\/wp\/v2\/media?parent=6125"}],"wp:term":[{"taxonomy":"category","embeddable":true,"href":"https:\/\/samba-resille.org\/international-platform\/en\/wp-json\/wp\/v2\/categories?post=6125"},{"taxonomy":"post_tag","embeddable":true,"href":"https:\/\/samba-resille.org\/international-platform\/en\/wp-json\/wp\/v2\/tags?post=6125"}],"curies":[{"name":"wp","href":"https:\/\/api.w.org\/{rel}","templated":true}]}}