{"id":6250,"date":"2023-09-28T14:56:30","date_gmt":"2023-09-28T14:56:30","guid":{"rendered":"https:\/\/samba-resille.org\/international-platform\/?p=6250"},"modified":"2024-03-25T10:54:21","modified_gmt":"2024-03-25T10:54:21","slug":"retour-en-video-sur-dublin-fevrier-2023","status":"publish","type":"post","link":"https:\/\/samba-resille.org\/international-platform\/en\/2023\/09\/28\/retour-en-video-sur-dublin-fevrier-2023\/","title":{"rendered":"Retour en vid\u00e9o sur Dublin f\u00e9vrier 2023"},"content":{"rendered":"\t\t<div data-elementor-type=\"wp-post\" data-elementor-id=\"6250\" class=\"elementor elementor-6250\" wpc-filter-elementor-widget=\"1\" data-elementor-post-type=\"post\">\n\t\t\t\t\t\t<section class=\"elementor-section elementor-top-section elementor-element elementor-element-19c9626 elementor-section-boxed elementor-section-height-default elementor-section-height-default wpr-particle-no wpr-jarallax-no wpr-parallax-no wpr-sticky-section-no wpr-equal-height-no\" data-id=\"19c9626\" data-element_type=\"section\" data-e-type=\"section\">\n\t\t\t\t\t\t<div class=\"elementor-container elementor-column-gap-default\">\n\t\t\t\t\t<div class=\"elementor-column elementor-col-50 elementor-top-column elementor-element elementor-element-d36e646\" data-id=\"d36e646\" data-element_type=\"column\" data-e-type=\"column\">\n\t\t\t<div class=\"elementor-widget-wrap elementor-element-populated\">\n\t\t\t\t\t\t<div class=\"elementor-element elementor-element-a931a23 elementor-widget elementor-widget-video\" data-id=\"a931a23\" data-element_type=\"widget\" data-e-type=\"widget\" data-settings=\"{&quot;youtube_url&quot;:&quot;https:\\\/\\\/youtu.be\\\/mkjeqdO2coA&quot;,&quot;video_type&quot;:&quot;youtube&quot;,&quot;controls&quot;:&quot;yes&quot;}\" data-widget_type=\"video.default\">\n\t\t\t\t<div class=\"elementor-widget-container\">\n\t\t\t\t\t\t\t<div class=\"elementor-wrapper elementor-open-inline\">\n\t\t\t<div class=\"elementor-video\"><\/div>\t\t<\/div>\n\t\t\t\t\t\t<\/div>\n\t\t\t\t<\/div>\n\t\t\t\t\t<\/div>\n\t\t<\/div>\n\t\t\t\t<div class=\"elementor-column elementor-col-50 elementor-top-column elementor-element elementor-element-0bfdcce\" data-id=\"0bfdcce\" data-element_type=\"column\" data-e-type=\"column\">\n\t\t\t<div class=\"elementor-widget-wrap elementor-element-populated\">\n\t\t\t\t\t\t<div class=\"elementor-element elementor-element-5a9774f elementor-widget elementor-widget-text-editor\" data-id=\"5a9774f\" data-element_type=\"widget\" data-e-type=\"widget\" data-widget_type=\"text-editor.default\">\n\t\t\t\t<div class=\"elementor-widget-container\">\n\t\t\t\t\t\t\t\t\t<div><div dir=\"auto\" style=\"text-align: start;\">Tout juste sortie des studios, voici la vid\u00e9o de notre \u00e9change avec <a tabindex=\"0\" role=\"link\" href=\"https:\/\/www.facebook.com\/masambasambaschool?__cft__[0]=AZUiwuFC9PwdBQ3araYWFQyy2nZ_dxAFiYGMvBguauzQT-3Jg5gMS3QKEE0cE-4BjjGD9FKCevlwaW68laEa3Zymyr-QEGG4vAbGwJ6ged3rp6lo17rFQRlitwU4q3pNJEWsXSW7TPkdFGKG1FaaPym9S0Nbl1GPm1s9I8iOEHxDHKKc7xWvYXv0Skl8P1wCTkM&amp;__tn__=-]K-R\">MaSamba Samba School<\/a> en f\u00e9vrier !<\/div><div dir=\"auto\" style=\"text-align: start;\">Retour sur la Mobilit\u00e9 europ\u00e9enne, du 21 au 26 f\u00e9vrier, \u00e0 Dublin pour notre d\u00e9l\u00e9gation de 53 sambistes de premi\u00e8re et deuxi\u00e8me ann\u00e9es ! Une mobilit\u00e9 sur le th\u00e8me de l\u2019int\u00e9gration dans un groupe de batucada avec notre partenaire Masamba Samba School .<\/div><div dir=\"auto\" style=\"text-align: start;\">Apr\u00e8s 10 ans, retour aupr\u00e8s de la fameuse bateria irlandaise qui nous a re\u00e7u avec chaleur et professionnalisme !<\/div><div dir=\"auto\" style=\"text-align: start;\">Un grand merci \u00e0 <a tabindex=\"0\" role=\"link\" href=\"https:\/\/www.facebook.com\/simeon.smith?__cft__[0]=AZUiwuFC9PwdBQ3araYWFQyy2nZ_dxAFiYGMvBguauzQT-3Jg5gMS3QKEE0cE-4BjjGD9FKCevlwaW68laEa3Zymyr-QEGG4vAbGwJ6ged3rp6lo17rFQRlitwU4q3pNJEWsXSW7TPkdFGKG1FaaPym9S0Nbl1GPm1s9I8iOEHxDHKKc7xWvYXv0Skl8P1wCTkM&amp;__tn__=-]K-R\">Simeon Smith<\/a><\/div><\/div><div><div dir=\"auto\" style=\"text-align: start;\">R\u00e9alisation Andr\u00e9as Arnaly et Claire Chevalier! Merci \u00e0 eux !<\/div><\/div>\t\t\t\t\t\t\t\t<\/div>\n\t\t\t\t<\/div>\n\t\t\t\t\t<\/div>\n\t\t<\/div>\n\t\t\t\t\t<\/div>\n\t\t<\/section>\n\t\t\t\t<\/div>\n\t\t","protected":false},"excerpt":{"rendered":"<p>Retour sur la Mobilit\u00e9 europ\u00e9enne, du 21 au 26 f\u00e9vrier, \u00e0 Dublin pour notre d\u00e9l\u00e9gation de 53 sambistes de premi\u00e8re et deuxi\u00e8me ann\u00e9es ! Une mobilit\u00e9 sur le th\u00e8me de l\u2019int\u00e9gration dans un groupe de batucada avec notre partenaire Masamba Samba School .<\/p>","protected":false},"author":2,"featured_media":6257,"comment_status":"closed","ping_status":"closed","sticky":false,"template":"","format":"standard","meta":{"footnotes":""},"categories":[61,45,74,41,28,75,59,76,40,43],"tags":[],"class_list":["post-6250","post","type-post","status-publish","format-standard","has-post-thumbnail","hentry","category-61","category-adultes","category-age","category-annee","category-formation","category-geographie","category-irlande","category-objectifs","category-pays","category-projet-europeen"],"_links":{"self":[{"href":"https:\/\/samba-resille.org\/international-platform\/en\/wp-json\/wp\/v2\/posts\/6250","targetHints":{"allow":["GET"]}}],"collection":[{"href":"https:\/\/samba-resille.org\/international-platform\/en\/wp-json\/wp\/v2\/posts"}],"about":[{"href":"https:\/\/samba-resille.org\/international-platform\/en\/wp-json\/wp\/v2\/types\/post"}],"author":[{"embeddable":true,"href":"https:\/\/samba-resille.org\/international-platform\/en\/wp-json\/wp\/v2\/users\/2"}],"replies":[{"embeddable":true,"href":"https:\/\/samba-resille.org\/international-platform\/en\/wp-json\/wp\/v2\/comments?post=6250"}],"version-history":[{"count":8,"href":"https:\/\/samba-resille.org\/international-platform\/en\/wp-json\/wp\/v2\/posts\/6250\/revisions"}],"predecessor-version":[{"id":7795,"href":"https:\/\/samba-resille.org\/international-platform\/en\/wp-json\/wp\/v2\/posts\/6250\/revisions\/7795"}],"wp:featuredmedia":[{"embeddable":true,"href":"https:\/\/samba-resille.org\/international-platform\/en\/wp-json\/wp\/v2\/media\/6257"}],"wp:attachment":[{"href":"https:\/\/samba-resille.org\/international-platform\/en\/wp-json\/wp\/v2\/media?parent=6250"}],"wp:term":[{"taxonomy":"category","embeddable":true,"href":"https:\/\/samba-resille.org\/international-platform\/en\/wp-json\/wp\/v2\/categories?post=6250"},{"taxonomy":"post_tag","embeddable":true,"href":"https:\/\/samba-resille.org\/international-platform\/en\/wp-json\/wp\/v2\/tags?post=6250"}],"curies":[{"name":"wp","href":"https:\/\/api.w.org\/{rel}","templated":true}]}}