{"id":6394,"date":"2023-09-29T15:16:40","date_gmt":"2023-09-29T15:16:40","guid":{"rendered":"https:\/\/samba-resille.org\/international-platform\/?p=6394"},"modified":"2024-03-11T10:58:08","modified_gmt":"2024-03-11T10:58:08","slug":"lart-en-contre","status":"publish","type":"post","link":"https:\/\/samba-resille.org\/international-platform\/en\/2023\/09\/29\/lart-en-contre\/","title":{"rendered":"ART AGAINST"},"content":{"rendered":"<div data-elementor-type=\"wp-post\" data-elementor-id=\"6394\" class=\"elementor elementor-6394\" wpc-filter-elementor-widget=\"1\" data-elementor-post-type=\"post\">\n\t\t\t\t\t\t<section class=\"elementor-section elementor-top-section elementor-element elementor-element-359e29e elementor-section-boxed elementor-section-height-default elementor-section-height-default wpr-particle-no wpr-jarallax-no wpr-parallax-no wpr-sticky-section-no wpr-equal-height-no\" data-id=\"359e29e\" data-element_type=\"section\" data-e-type=\"section\">\n\t\t\t\t\t\t<div class=\"elementor-container elementor-column-gap-default\">\n\t\t\t\t\t<div class=\"elementor-column elementor-col-50 elementor-top-column elementor-element elementor-element-2976f3a\" data-id=\"2976f3a\" data-element_type=\"column\" data-e-type=\"column\">\n\t\t\t<div class=\"elementor-widget-wrap elementor-element-populated\">\n\t\t\t\t\t\t<div class=\"elementor-element elementor-element-ef3ffc0 elementor-widget elementor-widget-image\" data-id=\"ef3ffc0\" data-element_type=\"widget\" data-e-type=\"widget\" data-widget_type=\"image.default\">\n\t\t\t\t<div class=\"elementor-widget-container\">\n\t\t\t\t\t\t\t\t\t\t\t\t\t\t\t<img fetchpriority=\"high\" decoding=\"async\" width=\"800\" height=\"446\" src=\"https:\/\/samba-resille.org\/international-platform\/wp-content\/uploads\/2023\/09\/genialy-art-en-contre.jpg\" class=\"attachment-large size-large wp-image-6395\" alt=\"\" srcset=\"https:\/\/samba-resille.org\/international-platform\/wp-content\/uploads\/2023\/09\/genialy-art-en-contre.jpg 996w, https:\/\/samba-resille.org\/international-platform\/wp-content\/uploads\/2023\/09\/genialy-art-en-contre-300x167.jpg 300w, https:\/\/samba-resille.org\/international-platform\/wp-content\/uploads\/2023\/09\/genialy-art-en-contre-768x428.jpg 768w, https:\/\/samba-resille.org\/international-platform\/wp-content\/uploads\/2023\/09\/genialy-art-en-contre-18x10.jpg 18w, https:\/\/samba-resille.org\/international-platform\/wp-content\/uploads\/2023\/09\/genialy-art-en-contre-24x13.jpg 24w, https:\/\/samba-resille.org\/international-platform\/wp-content\/uploads\/2023\/09\/genialy-art-en-contre-36x20.jpg 36w, https:\/\/samba-resille.org\/international-platform\/wp-content\/uploads\/2023\/09\/genialy-art-en-contre-48x27.jpg 48w\" sizes=\"(max-width: 800px) 100vw, 800px\" \/>\t\t\t\t\t\t\t\t\t\t\t\t\t\t\t<\/div>\n\t\t\t\t<\/div>\n\t\t\t\t<div class=\"elementor-element elementor-element-a730340 elementor-widget elementor-widget-image\" data-id=\"a730340\" data-element_type=\"widget\" data-e-type=\"widget\" data-widget_type=\"image.default\">\n\t\t\t\t<div class=\"elementor-widget-container\">\n\t\t\t\t\t\t\t\t\t\t\t\t\t\t\t<img decoding=\"async\" width=\"800\" height=\"600\" src=\"https:\/\/samba-resille.org\/international-platform\/wp-content\/uploads\/2023\/09\/20230606_104550-1024x768.jpg\" class=\"attachment-large size-large wp-image-6396\" alt=\"\" srcset=\"https:\/\/samba-resille.org\/international-platform\/wp-content\/uploads\/2023\/09\/20230606_104550-1024x768.jpg 1024w, https:\/\/samba-resille.org\/international-platform\/wp-content\/uploads\/2023\/09\/20230606_104550-300x225.jpg 300w, https:\/\/samba-resille.org\/international-platform\/wp-content\/uploads\/2023\/09\/20230606_104550-768x576.jpg 768w, https:\/\/samba-resille.org\/international-platform\/wp-content\/uploads\/2023\/09\/20230606_104550-1536x1152.jpg 1536w, https:\/\/samba-resille.org\/international-platform\/wp-content\/uploads\/2023\/09\/20230606_104550-2048x1536.jpg 2048w, https:\/\/samba-resille.org\/international-platform\/wp-content\/uploads\/2023\/09\/20230606_104550-16x12.jpg 16w, https:\/\/samba-resille.org\/international-platform\/wp-content\/uploads\/2023\/09\/20230606_104550-24x18.jpg 24w, https:\/\/samba-resille.org\/international-platform\/wp-content\/uploads\/2023\/09\/20230606_104550-36x27.jpg 36w, https:\/\/samba-resille.org\/international-platform\/wp-content\/uploads\/2023\/09\/20230606_104550-48x36.jpg 48w\" sizes=\"(max-width: 800px) 100vw, 800px\" \/>\t\t\t\t\t\t\t\t\t\t\t\t\t\t\t<\/div>\n\t\t\t\t<\/div>\n\t\t\t\t<div class=\"elementor-element elementor-element-8d33e10 elementor-widget elementor-widget-image\" data-id=\"8d33e10\" data-element_type=\"widget\" data-e-type=\"widget\" data-widget_type=\"image.default\">\n\t\t\t\t<div class=\"elementor-widget-container\">\n\t\t\t\t\t\t\t\t\t\t\t\t\t\t\t<img decoding=\"async\" width=\"768\" height=\"1024\" src=\"https:\/\/samba-resille.org\/international-platform\/wp-content\/uploads\/2023\/02\/20220924_170850-768x1024.jpg\" class=\"attachment-large size-large wp-image-6020\" alt=\"\" srcset=\"https:\/\/samba-resille.org\/international-platform\/wp-content\/uploads\/2023\/02\/20220924_170850-768x1024.jpg 768w, https:\/\/samba-resille.org\/international-platform\/wp-content\/uploads\/2023\/02\/20220924_170850-225x300.jpg 225w, https:\/\/samba-resille.org\/international-platform\/wp-content\/uploads\/2023\/02\/20220924_170850-1152x1536.jpg 1152w, https:\/\/samba-resille.org\/international-platform\/wp-content\/uploads\/2023\/02\/20220924_170850-1536x2048.jpg 1536w, https:\/\/samba-resille.org\/international-platform\/wp-content\/uploads\/2023\/02\/20220924_170850-9x12.jpg 9w, https:\/\/samba-resille.org\/international-platform\/wp-content\/uploads\/2023\/02\/20220924_170850-18x24.jpg 18w, https:\/\/samba-resille.org\/international-platform\/wp-content\/uploads\/2023\/02\/20220924_170850-27x36.jpg 27w, https:\/\/samba-resille.org\/international-platform\/wp-content\/uploads\/2023\/02\/20220924_170850-36x48.jpg 36w, https:\/\/samba-resille.org\/international-platform\/wp-content\/uploads\/2023\/02\/20220924_170850-scaled.jpg 1920w\" sizes=\"(max-width: 768px) 100vw, 768px\" \/>\t\t\t\t\t\t\t\t\t\t\t\t\t\t\t<\/div>\n\t\t\t\t<\/div>\n\t\t\t\t\t<\/div>\n\t\t<\/div>\n\t\t\t\t<div class=\"elementor-column elementor-col-50 elementor-top-column elementor-element elementor-element-5ba3d58\" data-id=\"5ba3d58\" data-element_type=\"column\" data-e-type=\"column\">\n\t\t\t<div class=\"elementor-widget-wrap elementor-element-populated\">\n\t\t\t\t\t\t<div class=\"elementor-element elementor-element-ba37b0b elementor-widget elementor-widget-text-editor\" data-id=\"ba37b0b\" data-element_type=\"widget\" data-e-type=\"widget\" data-widget_type=\"text-editor.default\">\n\t\t\t\t<div class=\"elementor-widget-container\">\n\t\t\t\t\t\t\t\t\t<p><b>L\u2019art en contre : une exp\u00e9rience apprenante, nourrissante et remuante<\/b><\/p><p>Les trois m\u00e9tropoles europ\u00e9ennes, Helsinki, Berlin et Toulouse, dont sont issues les organisations partenaires, voient cro\u00eetre leur diversit\u00e9 culturelle, notamment en raison de migrations de personnes fuyant des r\u00e9gions en guerre, des situations socio\u00e9conomiques pr\u00e9caires ou encore les cons\u00e9quences de la crise climatique, mais aussi, de par leur cadre de vie attractif caract\u00e9ris\u00e9 par une vivacit\u00e9 culturelle. Toutes exp\u00e9rimentent des actions culturelles et sociales en lien avec cette richesse que repr\u00e9sente la diversit\u00e9 culturelle de leurs populations respectives ; des exp\u00e9rimentations publiques et d\u2019initiatives priv\u00e9es qui cherchent \u00e0 r\u00e9pondre \u00e0 des besoins \u00e9mergents de donner la place \u00e0 chacun dans ce bouillon social et culturel et qui souhaitent prendre en compte tous les publics, toutes les vuln\u00e9rabilit\u00e9s et inventer des r\u00e9ponses nouvelles, novatrices voire disruptives.<\/p><p>Dans le cadre du projet, les participants ont ainsi pu d\u00e9couvrir des projets qui se concentrent sur l\u2019enjeu de consid\u00e9rer cette diversit\u00e9 culturelle comme une richesse \u00e0 valoriser et \u00e0 accompagner, au travers d&rsquo;initiatives artistiques et d\u2019actions culturelles qui se veulent militantes.<\/p><p>Ces rencontres ont permis de nourrir les \u00e9changes entre les participants, lesquels ont oscill\u00e9 entre la mise en avant de valeurs \u00e0 d\u00e9fendre aujourd\u2019hui, parlant parfois de la n\u00e9cessit\u00e9 de \u201cd\u00e9coloniser les esprits\u201d et de se positionner en \u201ccontre\u201d de politiques et pratiques consid\u00e9r\u00e9es comme dominantes et ne prenant pas suffisamment en compte des sp\u00e9cificit\u00e9s et des vuln\u00e9rabilit\u00e9s, et en alertant aussi sur les questions \u201cd\u2019appropriation culturelle\u201d.<\/p><p>Des conversations ont eu lieu, bien souvent incommodantes, et ont fait \u00e9merger de l\u2019\u00e9tonnement, de la d\u00e9couverte et beaucoup d\u2019apprentissages dans des espaces tant\u00f4t de consensus, tant\u00f4t de divergence.<\/p><p>Beaucoup d\u2019enseignements personnels et syst\u00e9miques ont donc \u00e9t\u00e9 tir\u00e9s dans le cadre de ce projet qui a trait\u00e9 de la m\u00e9diation artistique dans le travail social et de la m\u00e9diation sociale dans le travail artistique. Des r\u00e9sultats qui ont enrichi les connaissances des participants et aussi bouscul\u00e9 les positionnements des organisations partenaires participantes dans leurs missions de facilitation d\u2019acc\u00e8s \u00e0 la fili\u00e8re culturelle dans toutes ses composantes (cr\u00e9ation, production, diffusion) aux personnes en situation de vuln\u00e9rabilit\u00e9.<\/p><p>Un projet qui a permis d\u2019auditer les formes traditionnelles d\u2019accompagnement artistique et social de chacun des partenaires et de d\u00e9couvrir des formes alternatives, des exp\u00e9riences singuli\u00e8res et des acteurs activistes dans chacune des villes d\u2019accueil.<\/p><p>Le projet a commenc\u00e9 avec l\u2019intention de faire partager les bonnes pratiques d\u2019inclusion de chacun des partenaires. Il a finalement \u00e9t\u00e9 plus loin pour aboutir \u00e0 une analyse partag\u00e9e de ces pratiques et la d\u00e9couverte d\u2019autres men\u00e9es par des acteurs sur les trois villes. Cela a eu pour effet de favoriser une introspection pour chacun des participants, un \u00e9veil \u00e0 d\u2019autres sensibilit\u00e9s, une ouverture d\u2019autres approches sur la vuln\u00e9rabilit\u00e9 et aux organisations \u00e0 se questionner pour se repositionner comme des espaces inclusifs \u00e0 l\u2019\u00e9coute des revendications qui \u00e9mergent dans des groupes sociaux qui se sentent marginalis\u00e9s et en dialogue avec une jeunesse qui milite de plus en plus activement pour la visibilit\u00e9 de toutes les cultures issues des minorit\u00e9s.<\/p><p>D\u00e9couvrez le projet et son bilan <a href=\"https:\/\/samba-resille.org\/international-platform\/lart-en-contre\/\"><strong>&gt;&gt;&gt;<\/strong><\/a><\/p>\t\t\t\t\t\t\t\t<\/div>\n\t\t\t\t<\/div>\n\t\t\t\t\t<\/div>\n\t\t<\/div>\n\t\t\t\t\t<\/div>\n\t\t<\/section>\n\t\t\t\t<\/div>","protected":false},"excerpt":{"rendered":"<p>Retour et analyse d&rsquo;une coop\u00e9ration internationale entre Caisa (Helsinki), Piranha arts (Berlin) et Samba R\u00e9sille (Toulouse)<\/p>","protected":false},"author":2,"featured_media":6395,"comment_status":"closed","ping_status":"closed","sticky":false,"template":"","format":"standard","meta":{"footnotes":""},"categories":[62,61,57,54,43],"tags":[],"class_list":["post-6394","post","type-post","status-publish","format-standard","has-post-thumbnail","hentry","category-62","category-61","category-allemagne","category-finlande","category-projet-europeen"],"_links":{"self":[{"href":"https:\/\/samba-resille.org\/international-platform\/en\/wp-json\/wp\/v2\/posts\/6394","targetHints":{"allow":["GET"]}}],"collection":[{"href":"https:\/\/samba-resille.org\/international-platform\/en\/wp-json\/wp\/v2\/posts"}],"about":[{"href":"https:\/\/samba-resille.org\/international-platform\/en\/wp-json\/wp\/v2\/types\/post"}],"author":[{"embeddable":true,"href":"https:\/\/samba-resille.org\/international-platform\/en\/wp-json\/wp\/v2\/users\/2"}],"replies":[{"embeddable":true,"href":"https:\/\/samba-resille.org\/international-platform\/en\/wp-json\/wp\/v2\/comments?post=6394"}],"version-history":[{"count":4,"href":"https:\/\/samba-resille.org\/international-platform\/en\/wp-json\/wp\/v2\/posts\/6394\/revisions"}],"predecessor-version":[{"id":6400,"href":"https:\/\/samba-resille.org\/international-platform\/en\/wp-json\/wp\/v2\/posts\/6394\/revisions\/6400"}],"wp:featuredmedia":[{"embeddable":true,"href":"https:\/\/samba-resille.org\/international-platform\/en\/wp-json\/wp\/v2\/media\/6395"}],"wp:attachment":[{"href":"https:\/\/samba-resille.org\/international-platform\/en\/wp-json\/wp\/v2\/media?parent=6394"}],"wp:term":[{"taxonomy":"category","embeddable":true,"href":"https:\/\/samba-resille.org\/international-platform\/en\/wp-json\/wp\/v2\/categories?post=6394"},{"taxonomy":"post_tag","embeddable":true,"href":"https:\/\/samba-resille.org\/international-platform\/en\/wp-json\/wp\/v2\/tags?post=6394"}],"curies":[{"name":"wp","href":"https:\/\/api.w.org\/{rel}","templated":true}]}}