{"id":684,"date":"2019-05-16T09:34:31","date_gmt":"2019-05-16T09:34:31","guid":{"rendered":"https:\/\/samba-resille.org\/international-platform\/?p=684"},"modified":"2024-03-25T11:06:00","modified_gmt":"2024-03-25T11:06:00","slug":"684","status":"publish","type":"post","link":"https:\/\/samba-resille.org\/international-platform\/en\/2019\/05\/16\/684\/","title":{"rendered":"Lancement du projet \u00ab\u00a0Identit\u00e9s en Mouvements\u00a0\u00bb"},"content":{"rendered":"<div data-elementor-type=\"wp-post\" data-elementor-id=\"684\" class=\"elementor elementor-684\" wpc-filter-elementor-widget=\"1\" data-elementor-post-type=\"post\">\n\t\t\t\t\t\t<section class=\"elementor-section elementor-top-section elementor-element elementor-element-4d795802 elementor-section-boxed elementor-section-height-default elementor-section-height-default wpr-particle-no wpr-jarallax-no wpr-parallax-no wpr-sticky-section-no wpr-equal-height-no\" data-id=\"4d795802\" data-element_type=\"section\" data-e-type=\"section\">\n\t\t\t\t\t\t<div class=\"elementor-container elementor-column-gap-default\">\n\t\t\t\t\t<div class=\"elementor-column elementor-col-100 elementor-top-column elementor-element elementor-element-13264467\" data-id=\"13264467\" data-element_type=\"column\" data-e-type=\"column\">\n\t\t\t<div class=\"elementor-widget-wrap elementor-element-populated\">\n\t\t\t\t\t\t<div class=\"elementor-element elementor-element-4e7d6300 elementor-widget elementor-widget-text-editor\" data-id=\"4e7d6300\" data-element_type=\"widget\" data-e-type=\"widget\" data-widget_type=\"text-editor.default\">\n\t\t\t\t<div class=\"elementor-widget-container\">\n\t\t\t\t\t\t\t\t\t<div id=\"js_ch\" class=\"_5pbx userContent _3576\" data-testid=\"post_message\" data-ft=\"{\"><span style=\"color: #000000;\"><img decoding=\"async\" class=\"wp-image-688 alignright\" src=\"https:\/\/samba-resille.org\/international-platform\/wp-content\/uploads\/2019\/05\/logo-idem.jpg\" alt=\"\" width=\"135\" height=\"135\" srcset=\"https:\/\/samba-resille.org\/international-platform\/wp-content\/uploads\/2019\/05\/logo-idem.jpg 228w, https:\/\/samba-resille.org\/international-platform\/wp-content\/uploads\/2019\/05\/logo-idem-150x150.jpg 150w\" sizes=\"(max-width: 135px) 100vw, 135px\" \/><\/span><br \/><span style=\"color: #000000;\">Premi\u00e8re \u00e9tape \u00e0 Porto-Novo au B\u00e9nin du 20 au 27 avril 2019.<\/span><\/div><div class=\"_5pbx userContent _3576\" data-testid=\"post_message\" data-ft=\"{\"><p><span style=\"color: #000000;\"><strong>Samba R\u00e9sille<\/strong> (France), <strong>Chercheurs d&rsquo;Autres<\/strong> (Guyane fran\u00e7aise) et la <strong>Pierre Verger Foundation<\/strong> (Br\u00e9sil) sont accueillis par l&rsquo;organisation Peniel au B\u00e9nin pour la premi\u00e8re des quatre mobilit\u00e9s du projet \ud835\udddc\ud835\uddd7\ud835\uddd8\ud835\udde0.<br \/><br \/><\/span><span style=\"color: #000000;\">Projet artistique interdisciplinaire (musique, danse et arts visuels), projet interculturel qui vise \u00e0 explorer la diss\u00e9mination des cultures d&rsquo;Afrique de l&rsquo;Ouest vers les Am\u00e9riques et l&rsquo;Europe, \ud835\udddc\ud835\uddd7\ud835\uddd8\ud835\udde0 emm\u00e8ne une \u00e9quipe internationale de 40 jeunes, artistes et professionnels jeunesse \u00e0 la rencontre de la culture source b\u00e9ninoise !<\/span><br \/><span style=\"color: #000000;\"><br \/>Au programme, la d\u00e9couverte de Porto-Novo et de ses environs, du vaudou et des orixas ; ateliers musique, danse, arts graphiques, communication et multim\u00e9dia ; mais aussi travail m\u00e9moriel sur le drame de l&rsquo;esclavage et r\u00e9flexion sur la notion d&rsquo;afrodescendance&#8230; <\/span><span style=\"color: #000000;\">L&rsquo;occasion d&rsquo;affirmer que par nos pratiques, notre solidarit\u00e9 et notre engagement, <strong>nous sommes tous afrodescendants !<\/strong><\/span><span style=\"color: #000000;\"><br \/><br \/><\/span><span style=\"color: #000000;\">D\u00e9couvrez le projet <strong><a style=\"color: #000000;\" href=\"https:\/\/samba-resille.org\/international-platform\/fr-be-br-gu\/\" target=\"_blank\" rel=\"noopener\">&gt;&gt;&gt;<\/a><\/strong><\/span><\/p><\/div>\t\t\t\t\t\t\t\t<\/div>\n\t\t\t\t<\/div>\n\t\t\t\t\t<\/div>\n\t\t<\/div>\n\t\t\t\t\t<\/div>\n\t\t<\/section>\n\t\t\t\t<\/div>","protected":false},"excerpt":{"rendered":"<p>Premi\u00e8re \u00e9tape \u00e0 Porto-Novo au B\u00e9nin du 20 au 27 avril 2019. Samba R\u00e9sille (France), Chercheurs d&rsquo;Autres (Guyane fran\u00e7aise) et la Fondation Pierre Verger (Br\u00e9sil) sont accueillis par l&rsquo;organisation Peniel au B\u00e9nin pour la premi\u00e8re des quatre mobilit\u00e9s du projet \ud835\udddc\ud835\uddd7\ud835\uddd8\ud835\udde0. Projet artistique interdisciplinaire (musique, danse et arts visuels), projet interculturel qui vise \u00e0 explorer la diss\u00e9mination des cultures d&rsquo;Afrique de l&rsquo;Ouest vers les Am\u00e9riques et l&rsquo;Europe, \ud835\udddc\ud835\uddd7\ud835\uddd8\ud835\udde0 emm\u00e8ne une \u00e9quipe internationale de 40 jeunes, artistes et professionnels jeunesse \u00e0 la rencontre de la culture source b\u00e9ninoise ! Au programme, la d\u00e9couverte de Porto-Novo et de ses environs, du vaudou et des orixas ; ateliers musique, danse, arts graphiques, communication et multim\u00e9dia ; mais aussi travail m\u00e9moriel sur le drame de l&rsquo;esclavage et r\u00e9flexion sur la notion d&rsquo;afrodescendance&#8230; L&rsquo;occasion d&rsquo;affirmer que par nos pratiques, notre solidarit\u00e9 et notre engagement, nous sommes tous afrodescendants ! D\u00e9couvrez le projet &gt;&gt;&gt;<\/p>","protected":false},"author":2,"featured_media":685,"comment_status":"closed","ping_status":"closed","sticky":false,"template":"","format":"standard","meta":{"footnotes":""},"categories":[66,45,74,41,52,75,69,76,40,42,39],"tags":[],"class_list":["post-684","post","type-post","status-publish","format-standard","has-post-thumbnail","hentry","category-66","category-adultes","category-age","category-annee","category-bresil","category-geographie","category-guyane","category-objectifs","category-pays","category-projet-international","category-stage-dobservation"],"_links":{"self":[{"href":"https:\/\/samba-resille.org\/international-platform\/en\/wp-json\/wp\/v2\/posts\/684","targetHints":{"allow":["GET"]}}],"collection":[{"href":"https:\/\/samba-resille.org\/international-platform\/en\/wp-json\/wp\/v2\/posts"}],"about":[{"href":"https:\/\/samba-resille.org\/international-platform\/en\/wp-json\/wp\/v2\/types\/post"}],"author":[{"embeddable":true,"href":"https:\/\/samba-resille.org\/international-platform\/en\/wp-json\/wp\/v2\/users\/2"}],"replies":[{"embeddable":true,"href":"https:\/\/samba-resille.org\/international-platform\/en\/wp-json\/wp\/v2\/comments?post=684"}],"version-history":[{"count":1,"href":"https:\/\/samba-resille.org\/international-platform\/en\/wp-json\/wp\/v2\/posts\/684\/revisions"}],"predecessor-version":[{"id":7831,"href":"https:\/\/samba-resille.org\/international-platform\/en\/wp-json\/wp\/v2\/posts\/684\/revisions\/7831"}],"wp:featuredmedia":[{"embeddable":true,"href":"https:\/\/samba-resille.org\/international-platform\/en\/wp-json\/wp\/v2\/media\/685"}],"wp:attachment":[{"href":"https:\/\/samba-resille.org\/international-platform\/en\/wp-json\/wp\/v2\/media?parent=684"}],"wp:term":[{"taxonomy":"category","embeddable":true,"href":"https:\/\/samba-resille.org\/international-platform\/en\/wp-json\/wp\/v2\/categories?post=684"},{"taxonomy":"post_tag","embeddable":true,"href":"https:\/\/samba-resille.org\/international-platform\/en\/wp-json\/wp\/v2\/tags?post=684"}],"curies":[{"name":"wp","href":"https:\/\/api.w.org\/{rel}","templated":true}]}}