{"id":9124,"date":"2025-01-30T09:47:48","date_gmt":"2025-01-30T09:47:48","guid":{"rendered":"https:\/\/samba-resille.org\/international-platform\/?p=9124"},"modified":"2025-02-04T11:22:29","modified_gmt":"2025-02-04T11:22:29","slug":"mobilite-madrid-la-conga-dans-la-salsa-et-le-latin-jazz-du-15-au-26-janvier","status":"publish","type":"post","link":"https:\/\/samba-resille.org\/international-platform\/en\/2025\/01\/30\/mobilite-madrid-la-conga-dans-la-salsa-et-le-latin-jazz-du-15-au-26-janvier\/","title":{"rendered":"Mobilit\u00e9 Madrid > La conga dans la salsa et le latin jazz &#8211; Du 15 au 26 janvier"},"content":{"rendered":"<div data-elementor-type=\"wp-post\" data-elementor-id=\"9124\" class=\"elementor elementor-9124\" wpc-filter-elementor-widget=\"1\" data-elementor-post-type=\"post\">\n\t\t\t\t\t\t<section class=\"elementor-section elementor-top-section elementor-element elementor-element-510036e3 elementor-section-boxed elementor-section-height-default elementor-section-height-default wpr-particle-no wpr-jarallax-no wpr-parallax-no wpr-sticky-section-no wpr-equal-height-no\" data-id=\"510036e3\" data-element_type=\"section\" data-e-type=\"section\">\n\t\t\t\t\t\t<div class=\"elementor-container elementor-column-gap-default\">\n\t\t\t\t\t<div class=\"elementor-column elementor-col-100 elementor-top-column elementor-element elementor-element-42af3c69\" data-id=\"42af3c69\" data-element_type=\"column\" data-e-type=\"column\">\n\t\t\t<div class=\"elementor-widget-wrap elementor-element-populated\">\n\t\t\t\t\t\t<div class=\"elementor-element elementor-element-725d1ea1 elementor-widget elementor-widget-text-editor\" data-id=\"725d1ea1\" data-element_type=\"widget\" data-e-type=\"widget\" data-widget_type=\"text-editor.default\">\n\t\t\t\t<div class=\"elementor-widget-container\">\n\t\t\t\t\t\t\t\t\t\n<div class=\"wp-block-media-text is-stacked-on-mobile\" style=\"grid-template-columns: 44% auto;\">\n<figure class=\"wp-block-media-text__media\"><img fetchpriority=\"high\" decoding=\"async\" width=\"1024\" height=\"576\" class=\"wp-image-9125 size-full\" title=\"\" src=\"https:\/\/samba-resille.org\/international-platform\/wp-content\/uploads\/2025\/01\/Madrid-1024x576.jpg\" alt=\"\" srcset=\"https:\/\/samba-resille.org\/international-platform\/wp-content\/uploads\/2025\/01\/Madrid-1024x576.jpg 1024w, https:\/\/samba-resille.org\/international-platform\/wp-content\/uploads\/2025\/01\/Madrid-300x169.jpg 300w, https:\/\/samba-resille.org\/international-platform\/wp-content\/uploads\/2025\/01\/Madrid-768x432.jpg 768w, https:\/\/samba-resille.org\/international-platform\/wp-content\/uploads\/2025\/01\/Madrid-18x10.jpg 18w, https:\/\/samba-resille.org\/international-platform\/wp-content\/uploads\/2025\/01\/Madrid-24x13.jpg 24w, https:\/\/samba-resille.org\/international-platform\/wp-content\/uploads\/2025\/01\/Madrid-36x20.jpg 36w, https:\/\/samba-resille.org\/international-platform\/wp-content\/uploads\/2025\/01\/Madrid-48x27.jpg 48w, https:\/\/samba-resille.org\/international-platform\/wp-content\/uploads\/2025\/01\/Madrid.jpg 1300w\" sizes=\"(max-width: 1024px) 100vw, 1024px\" \/><\/figure>\n<div class=\"wp-block-media-text__content\">\n<p>Ivan L\u00e9pineux, intermittent du spectacle, a pu \u00eatre accueilli par<em><strong> l&rsquo;Asociacion Cultural Zumbal\u00e9 Samba Madrid<\/strong><\/em> afin de suivre des cours autour de techniques de perfectionnement et d&rsquo;apprentissage de rythmes sur la conga inspir\u00e9s du latin jazz et de la rumba.<\/p>\n<p>Ayant \u00e9t\u00e9 confront\u00e9 \u00e0 de nouvelles pratiques musicales autour des percussions, Ivan a eu l&rsquo;occasion de monter en comp\u00e9tence dans son jeu instrumental mais aussi d&rsquo;apprendre de nouvelles fa\u00e7ons de transmettre afin d&rsquo;enrichir sa malette p\u00e9dagogique et d&rsquo;innover sa mani\u00e8re d&rsquo;enseigner.<\/p>\n<\/div>\n<\/div>\n\n<p>\u00a0<\/p>\n\t\t\t\t\t\t\t\t<\/div>\n\t\t\t\t<\/div>\n\t\t\t\t\t<\/div>\n\t\t<\/div>\n\t\t\t\t\t<\/div>\n\t\t<\/section>\n\t\t\t\t<section class=\"elementor-section elementor-top-section elementor-element elementor-element-351884c elementor-section-boxed elementor-section-height-default elementor-section-height-default wpr-particle-no wpr-jarallax-no wpr-parallax-no wpr-sticky-section-no wpr-equal-height-no\" data-id=\"351884c\" data-element_type=\"section\" data-e-type=\"section\">\n\t\t\t\t\t\t<div class=\"elementor-container elementor-column-gap-default\">\n\t\t\t\t\t<div class=\"elementor-column elementor-col-50 elementor-top-column elementor-element elementor-element-878b8b7\" data-id=\"878b8b7\" data-element_type=\"column\" data-e-type=\"column\">\n\t\t\t<div class=\"elementor-widget-wrap elementor-element-populated\">\n\t\t\t\t\t\t<div class=\"elementor-element elementor-element-ba41073 elementor-widget elementor-widget-video\" data-id=\"ba41073\" data-element_type=\"widget\" data-e-type=\"widget\" data-settings=\"{&quot;youtube_url&quot;:&quot;https:\\\/\\\/youtube.com\\\/shorts\\\/BRhyyGe59bY&quot;,&quot;video_type&quot;:&quot;youtube&quot;,&quot;controls&quot;:&quot;yes&quot;}\" data-widget_type=\"video.default\">\n\t\t\t\t<div class=\"elementor-widget-container\">\n\t\t\t\t\t\t\t<div class=\"elementor-wrapper elementor-open-inline\">\n\t\t\t<div class=\"elementor-video\"><\/div>\t\t<\/div>\n\t\t\t\t\t\t<\/div>\n\t\t\t\t<\/div>\n\t\t\t\t\t<\/div>\n\t\t<\/div>\n\t\t\t\t<div class=\"elementor-column elementor-col-50 elementor-top-column elementor-element elementor-element-d38f5d1\" data-id=\"d38f5d1\" data-element_type=\"column\" data-e-type=\"column\">\n\t\t\t<div class=\"elementor-widget-wrap elementor-element-populated\">\n\t\t\t\t\t\t<div class=\"elementor-element elementor-element-5923dd8 elementor-widget elementor-widget-video\" data-id=\"5923dd8\" data-element_type=\"widget\" data-e-type=\"widget\" data-settings=\"{&quot;youtube_url&quot;:&quot;https:\\\/\\\/youtube.com\\\/shorts\\\/9LC3KtqhIGw&quot;,&quot;video_type&quot;:&quot;youtube&quot;,&quot;controls&quot;:&quot;yes&quot;}\" data-widget_type=\"video.default\">\n\t\t\t\t<div class=\"elementor-widget-container\">\n\t\t\t\t\t\t\t<div class=\"elementor-wrapper elementor-open-inline\">\n\t\t\t<div class=\"elementor-video\"><\/div>\t\t<\/div>\n\t\t\t\t\t\t<\/div>\n\t\t\t\t<\/div>\n\t\t\t\t\t<\/div>\n\t\t<\/div>\n\t\t\t\t\t<\/div>\n\t\t<\/section>\n\t\t\t\t<\/div>","protected":false},"excerpt":{"rendered":"<p>Ivan L\u00e9pineux, intermittent du spectacle, a pu \u00eatre accueilli par l\u2019Asociacion Cultural Zumbal\u00e9 Samba Madrid afin de suivre des cours autour de techniques de perfectionnement et d\u2019apprentissage de rythmes sur la conga inspir\u00e9s du latin jazz et de la rumba. <\/p>","protected":false},"author":12,"featured_media":9125,"comment_status":"closed","ping_status":"closed","sticky":false,"template":"","format":"standard","meta":{"footnotes":""},"categories":[80,45,56,43],"tags":[],"class_list":["post-9124","post","type-post","status-publish","format-standard","has-post-thumbnail","hentry","category-80","category-adultes","category-espagne","category-projet-europeen"],"_links":{"self":[{"href":"https:\/\/samba-resille.org\/international-platform\/en\/wp-json\/wp\/v2\/posts\/9124","targetHints":{"allow":["GET"]}}],"collection":[{"href":"https:\/\/samba-resille.org\/international-platform\/en\/wp-json\/wp\/v2\/posts"}],"about":[{"href":"https:\/\/samba-resille.org\/international-platform\/en\/wp-json\/wp\/v2\/types\/post"}],"author":[{"embeddable":true,"href":"https:\/\/samba-resille.org\/international-platform\/en\/wp-json\/wp\/v2\/users\/12"}],"replies":[{"embeddable":true,"href":"https:\/\/samba-resille.org\/international-platform\/en\/wp-json\/wp\/v2\/comments?post=9124"}],"version-history":[{"count":17,"href":"https:\/\/samba-resille.org\/international-platform\/en\/wp-json\/wp\/v2\/posts\/9124\/revisions"}],"predecessor-version":[{"id":9142,"href":"https:\/\/samba-resille.org\/international-platform\/en\/wp-json\/wp\/v2\/posts\/9124\/revisions\/9142"}],"wp:featuredmedia":[{"embeddable":true,"href":"https:\/\/samba-resille.org\/international-platform\/en\/wp-json\/wp\/v2\/media\/9125"}],"wp:attachment":[{"href":"https:\/\/samba-resille.org\/international-platform\/en\/wp-json\/wp\/v2\/media?parent=9124"}],"wp:term":[{"taxonomy":"category","embeddable":true,"href":"https:\/\/samba-resille.org\/international-platform\/en\/wp-json\/wp\/v2\/categories?post=9124"},{"taxonomy":"post_tag","embeddable":true,"href":"https:\/\/samba-resille.org\/international-platform\/en\/wp-json\/wp\/v2\/tags?post=9124"}],"curies":[{"name":"wp","href":"https:\/\/api.w.org\/{rel}","templated":true}]}}