{"id":9447,"date":"2025-07-01T13:00:27","date_gmt":"2025-07-01T13:00:27","guid":{"rendered":"https:\/\/samba-resille.org\/international-platform\/?p=9447"},"modified":"2025-07-01T13:00:55","modified_gmt":"2025-07-01T13:00:55","slug":"mobilite-cobourg-festival-de-samba-de-cobourg-du-09-au-15-juillet","status":"publish","type":"post","link":"https:\/\/samba-resille.org\/international-platform\/en\/2025\/07\/01\/mobilite-cobourg-festival-de-samba-de-cobourg-du-09-au-15-juillet\/","title":{"rendered":"Mobility Coburg \u2013 Festival de Samba de Cobourg from 09 to 15 July"},"content":{"rendered":"\t\t<div data-elementor-type=\"wp-post\" data-elementor-id=\"9447\" class=\"elementor elementor-9447\" wpc-filter-elementor-widget=\"1\" data-elementor-post-type=\"post\">\n\t\t\t\t\t\t<section class=\"elementor-section elementor-top-section elementor-element elementor-element-30fd6e4 elementor-section-boxed elementor-section-height-default elementor-section-height-default wpr-particle-no wpr-jarallax-no wpr-parallax-no wpr-sticky-section-no wpr-equal-height-no\" data-id=\"30fd6e4\" data-element_type=\"section\" data-e-type=\"section\">\n\t\t\t\t\t\t<div class=\"elementor-container elementor-column-gap-default\">\n\t\t\t\t\t<div class=\"elementor-column elementor-col-50 elementor-top-column elementor-element elementor-element-9217320\" data-id=\"9217320\" data-element_type=\"column\" data-e-type=\"column\">\n\t\t\t<div class=\"elementor-widget-wrap elementor-element-populated\">\n\t\t\t\t\t\t<div class=\"elementor-element elementor-element-d48c705 elementor-widget elementor-widget-image\" data-id=\"d48c705\" data-element_type=\"widget\" data-e-type=\"widget\" data-widget_type=\"image.default\">\n\t\t\t\t<div class=\"elementor-widget-container\">\n\t\t\t\t\t\t\t\t\t\t\t\t<figure class=\"wp-caption\">\n\t\t\t\t\t\t\t\t\t\t<img fetchpriority=\"high\" decoding=\"async\" width=\"768\" height=\"773\" src=\"https:\/\/samba-resille.org\/international-platform\/wp-content\/uploads\/2025\/07\/cobourg-768x773.png\" class=\"attachment-medium_large size-medium_large wp-image-9450\" alt=\"\" srcset=\"https:\/\/samba-resille.org\/international-platform\/wp-content\/uploads\/2025\/07\/cobourg-768x773.png 768w, https:\/\/samba-resille.org\/international-platform\/wp-content\/uploads\/2025\/07\/cobourg-298x300.png 298w, https:\/\/samba-resille.org\/international-platform\/wp-content\/uploads\/2025\/07\/cobourg-150x150.png 150w, https:\/\/samba-resille.org\/international-platform\/wp-content\/uploads\/2025\/07\/cobourg-12x12.png 12w, https:\/\/samba-resille.org\/international-platform\/wp-content\/uploads\/2025\/07\/cobourg-24x24.png 24w, https:\/\/samba-resille.org\/international-platform\/wp-content\/uploads\/2025\/07\/cobourg-36x36.png 36w, https:\/\/samba-resille.org\/international-platform\/wp-content\/uploads\/2025\/07\/cobourg-48x48.png 48w, https:\/\/samba-resille.org\/international-platform\/wp-content\/uploads\/2025\/07\/cobourg.png 792w\" sizes=\"(max-width: 768px) 100vw, 768px\" \/>\t\t\t\t\t\t\t\t\t\t\t<figcaption class=\"widget-image-caption wp-caption-text\">\ud83d\udcf7 Michael von Aichberger<\/figcaption>\n\t\t\t\t\t\t\t\t\t\t<\/figure>\n\t\t\t\t\t\t\t\t\t<\/div>\n\t\t\t\t<\/div>\n\t\t\t\t\t<\/div>\n\t\t<\/div>\n\t\t\t\t<div class=\"elementor-column elementor-col-50 elementor-top-column elementor-element elementor-element-559a918\" data-id=\"559a918\" data-element_type=\"column\" data-e-type=\"column\">\n\t\t\t<div class=\"elementor-widget-wrap elementor-element-populated\">\n\t\t\t\t\t\t<div class=\"elementor-element elementor-element-f34f29e elementor-widget elementor-widget-text-editor\" data-id=\"f34f29e\" data-element_type=\"widget\" data-e-type=\"widget\" data-widget_type=\"text-editor.default\">\n\t\t\t\t<div class=\"elementor-widget-container\">\n\t\t\t\t\t\t\t\t\t<div class=\"flex basis-auto flex-col -mb-(--composer-overlap-px) [--composer-overlap-px:24px] grow overflow-hidden\"><div class=\"relative h-full\"><div class=\"flex h-full flex-col overflow-y-auto [scrollbar-gutter:stable_both-edges] @[84rem]\/thread:pt-(--header-height)\"><div class=\"@thread-xl\/thread:pt-header-height mt-1.5 flex flex-col text-sm pb-25\"><article class=\"text-token-text-primary w-full\" dir=\"auto\" data-testid=\"conversation-turn-2\" data-scroll-anchor=\"true\"><div class=\"text-base my-auto mx-auto py-5 [--thread-content-margin:--spacing(4)] @[37rem]:[--thread-content-margin:--spacing(6)] @[72rem]:[--thread-content-margin:--spacing(16)] px-(--thread-content-margin)\"><div class=\"[--thread-content-max-width:32rem] @[34rem]:[--thread-content-max-width:40rem] @[64rem]:[--thread-content-max-width:48rem] mx-auto flex max-w-(--thread-content-max-width) flex-1 text-base gap-4 md:gap-5 lg:gap-6 group\/turn-messages focus-visible:outline-hidden\" tabindex=\"-1\"><div class=\"group\/conversation-turn relative flex w-full min-w-0 flex-col agent-turn\"><div class=\"relative flex-col gap-1 md:gap-3\"><div class=\"flex max-w-full flex-col grow\"><div class=\"min-h-8 text-message relative flex w-full flex-col items-end gap-2 text-start break-words whitespace-normal [.text-message+&amp;]:mt-5\" dir=\"auto\" data-message-author-role=\"assistant\" data-message-id=\"4b00b131-e406-40d3-8978-dc95a670c21f\" data-message-model-slug=\"gpt-4o\"><div class=\"flex w-full flex-col gap-1 empty:hidden first:pt-[3px]\"><div class=\"markdown prose dark:prose-invert w-full break-words light\"><p>Chaque ann\u00e9e, le deuxi\u00e8me week-end de juillet, le <strong>Festival International de Samba de Cobourg<\/strong>\u00a0attire environ 180 000 visiteurs dans cette pittoresque ville franconienne au bord de l&rsquo;Itz, au nord de la Bavi\u00e8re. Ce qui n&rsquo;accueillait au d\u00e9part que quelques milliers de visiteurs est aujourd&rsquo;hui\u00a0<strong>le plus grand festival de samba hors du Br\u00e9sil<\/strong>. N\u00e9 d&rsquo;une id\u00e9e folle des organisateurs\u00a0<strong>Rolf Beyersdorf<\/strong>\u00a0et\u00a0<strong>Christof Pilarzyk<\/strong>\u00a0il y a 20 ans, il est devenu un festival qui rassemble environ\u00a0<strong>3 000 sambistes<\/strong>\u00a0et dont la renomm\u00e9e d\u00e9passe d\u00e9sormais les fronti\u00e8res allemandes.<\/p><p>La \u00ab\u00a0<strong>Coburg Cabana<\/strong>\u00a0\u00bb est un m\u00e9lange de samba de rue et de grandes sc\u00e8nes, de percussions et de danse, d&rsquo;\u00e9v\u00e9nements en int\u00e9rieur et en ext\u00e9rieur, d&rsquo;ateliers et de comp\u00e9titions, de tradition et de changement !<\/p><p>Outre de nombreuses stars et invit\u00e9s d&rsquo;honneur venus du Br\u00e9sil et d&rsquo;Allemagne, le Festival de Samba est avant tout un lieu de rencontre pour les \u00e9coles et blocos de samba europ\u00e9ens.\u00a0Le festival d\u00e9fend la joie de vivre, la tol\u00e9rance, la paix, ainsi que la diversit\u00e9 musicale et culturelle !<\/p><\/div><\/div><\/div><\/div><\/div><\/div><\/div><\/div><\/article><\/div><\/div><\/div><\/div>\t\t\t\t\t\t\t\t<\/div>\n\t\t\t\t<\/div>\n\t\t\t\t\t<\/div>\n\t\t<\/div>\n\t\t\t\t\t<\/div>\n\t\t<\/section>\n\t\t\t\t<\/div>\n\t\t","protected":false},"excerpt":{"rendered":"<p>Chaque ann\u00e9e, le deuxi\u00e8me week-end de juillet, le Festival International de Samba de Cobourg attire environ 180 000 visiteurs dans cette pittoresque ville franconienne au bord de l&rsquo;Itz, au nord de la Bavi\u00e8re. <\/p>","protected":false},"author":14,"featured_media":9450,"comment_status":"closed","ping_status":"closed","sticky":false,"template":"","format":"standard","meta":{"footnotes":""},"categories":[80,45,43],"tags":[],"class_list":["post-9447","post","type-post","status-publish","format-standard","has-post-thumbnail","hentry","category-80","category-adultes","category-projet-europeen"],"_links":{"self":[{"href":"https:\/\/samba-resille.org\/international-platform\/en\/wp-json\/wp\/v2\/posts\/9447","targetHints":{"allow":["GET"]}}],"collection":[{"href":"https:\/\/samba-resille.org\/international-platform\/en\/wp-json\/wp\/v2\/posts"}],"about":[{"href":"https:\/\/samba-resille.org\/international-platform\/en\/wp-json\/wp\/v2\/types\/post"}],"author":[{"embeddable":true,"href":"https:\/\/samba-resille.org\/international-platform\/en\/wp-json\/wp\/v2\/users\/14"}],"replies":[{"embeddable":true,"href":"https:\/\/samba-resille.org\/international-platform\/en\/wp-json\/wp\/v2\/comments?post=9447"}],"version-history":[{"count":3,"href":"https:\/\/samba-resille.org\/international-platform\/en\/wp-json\/wp\/v2\/posts\/9447\/revisions"}],"predecessor-version":[{"id":9453,"href":"https:\/\/samba-resille.org\/international-platform\/en\/wp-json\/wp\/v2\/posts\/9447\/revisions\/9453"}],"wp:featuredmedia":[{"embeddable":true,"href":"https:\/\/samba-resille.org\/international-platform\/en\/wp-json\/wp\/v2\/media\/9450"}],"wp:attachment":[{"href":"https:\/\/samba-resille.org\/international-platform\/en\/wp-json\/wp\/v2\/media?parent=9447"}],"wp:term":[{"taxonomy":"category","embeddable":true,"href":"https:\/\/samba-resille.org\/international-platform\/en\/wp-json\/wp\/v2\/categories?post=9447"},{"taxonomy":"post_tag","embeddable":true,"href":"https:\/\/samba-resille.org\/international-platform\/en\/wp-json\/wp\/v2\/tags?post=9447"}],"curies":[{"name":"wp","href":"https:\/\/api.w.org\/{rel}","templated":true}]}}