{"id":9454,"date":"2025-09-02T12:48:46","date_gmt":"2025-09-02T12:48:46","guid":{"rendered":"https:\/\/samba-resille.org\/international-platform\/?p=9454"},"modified":"2025-09-25T10:41:28","modified_gmt":"2025-09-25T10:41:28","slug":"mobilite-chypre-arts-et-geosciences-du-05-au-12-juillet","status":"publish","type":"post","link":"https:\/\/samba-resille.org\/international-platform\/en\/2025\/09\/02\/mobilite-chypre-arts-et-geosciences-du-05-au-12-juillet\/","title":{"rendered":"Mobility Cyprus \u2013 Arts and geosciences from 05 to 12 September"},"content":{"rendered":"\t\t<div data-elementor-type=\"wp-post\" data-elementor-id=\"9454\" class=\"elementor elementor-9454\" wpc-filter-elementor-widget=\"1\" data-elementor-post-type=\"post\">\n\t\t\t\t\t\t<section class=\"elementor-section elementor-top-section elementor-element elementor-element-30fd6e4 elementor-section-boxed elementor-section-height-default elementor-section-height-default wpr-particle-no wpr-jarallax-no wpr-parallax-no wpr-sticky-section-no wpr-equal-height-no\" data-id=\"30fd6e4\" data-element_type=\"section\" data-e-type=\"section\">\n\t\t\t\t\t\t<div class=\"elementor-container elementor-column-gap-default\">\n\t\t\t\t\t<div class=\"elementor-column elementor-col-50 elementor-top-column elementor-element elementor-element-9217320\" data-id=\"9217320\" data-element_type=\"column\" data-e-type=\"column\">\n\t\t\t<div class=\"elementor-widget-wrap elementor-element-populated\">\n\t\t\t\t\t\t<div class=\"elementor-element elementor-element-d48c705 elementor-widget elementor-widget-image\" data-id=\"d48c705\" data-element_type=\"widget\" data-e-type=\"widget\" data-widget_type=\"image.default\">\n\t\t\t\t<div class=\"elementor-widget-container\">\n\t\t\t\t\t\t\t\t\t\t\t\t<figure class=\"wp-caption\">\n\t\t\t\t\t\t\t\t\t\t<img fetchpriority=\"high\" decoding=\"async\" width=\"768\" height=\"512\" src=\"https:\/\/samba-resille.org\/international-platform\/wp-content\/uploads\/2025\/09\/DSCF6477-768x512.jpg\" class=\"attachment-medium_large size-medium_large wp-image-9456\" alt=\"\" srcset=\"https:\/\/samba-resille.org\/international-platform\/wp-content\/uploads\/2025\/09\/DSCF6477-768x512.jpg 768w, https:\/\/samba-resille.org\/international-platform\/wp-content\/uploads\/2025\/09\/DSCF6477-300x200.jpg 300w, https:\/\/samba-resille.org\/international-platform\/wp-content\/uploads\/2025\/09\/DSCF6477-1024x683.jpg 1024w, https:\/\/samba-resille.org\/international-platform\/wp-content\/uploads\/2025\/09\/DSCF6477-1536x1024.jpg 1536w, https:\/\/samba-resille.org\/international-platform\/wp-content\/uploads\/2025\/09\/DSCF6477-2048x1365.jpg 2048w, https:\/\/samba-resille.org\/international-platform\/wp-content\/uploads\/2025\/09\/DSCF6477-18x12.jpg 18w, https:\/\/samba-resille.org\/international-platform\/wp-content\/uploads\/2025\/09\/DSCF6477-24x16.jpg 24w, https:\/\/samba-resille.org\/international-platform\/wp-content\/uploads\/2025\/09\/DSCF6477-36x24.jpg 36w, https:\/\/samba-resille.org\/international-platform\/wp-content\/uploads\/2025\/09\/DSCF6477-48x32.jpg 48w\" sizes=\"(max-width: 768px) 100vw, 768px\" \/>\t\t\t\t\t\t\t\t\t\t\t<figcaption class=\"widget-image-caption wp-caption-text\">\ud83d\udcf7Oliana LASSALLE<\/figcaption>\n\t\t\t\t\t\t\t\t\t\t<\/figure>\n\t\t\t\t\t\t\t\t\t<\/div>\n\t\t\t\t<\/div>\n\t\t\t\t\t<\/div>\n\t\t<\/div>\n\t\t\t\t<div class=\"elementor-column elementor-col-50 elementor-top-column elementor-element elementor-element-559a918\" data-id=\"559a918\" data-element_type=\"column\" data-e-type=\"column\">\n\t\t\t<div class=\"elementor-widget-wrap elementor-element-populated\">\n\t\t\t\t\t\t<div class=\"elementor-element elementor-element-f34f29e elementor-widget elementor-widget-text-editor\" data-id=\"f34f29e\" data-element_type=\"widget\" data-e-type=\"widget\" data-widget_type=\"text-editor.default\">\n\t\t\t\t<div class=\"elementor-widget-container\">\n\t\t\t\t\t\t\t\t\t<div class=\"flex basis-auto flex-col -mb-(--composer-overlap-px) [--composer-overlap-px:24px] grow overflow-hidden\"><div class=\"relative h-full\"><div class=\"flex h-full flex-col overflow-y-auto [scrollbar-gutter:stable_both-edges] @[84rem]\/thread:pt-(--header-height)\"><div class=\"@thread-xl\/thread:pt-header-height mt-1.5 flex flex-col text-sm pb-25\"><article class=\"text-token-text-primary w-full\" dir=\"auto\" data-testid=\"conversation-turn-2\" data-scroll-anchor=\"true\"><div class=\"text-base my-auto mx-auto py-5 [--thread-content-margin:--spacing(4)] @[37rem]:[--thread-content-margin:--spacing(6)] @[72rem]:[--thread-content-margin:--spacing(16)] px-(--thread-content-margin)\"><div class=\"[--thread-content-max-width:32rem] @[34rem]:[--thread-content-max-width:40rem] @[64rem]:[--thread-content-max-width:48rem] mx-auto flex max-w-(--thread-content-max-width) flex-1 text-base gap-4 md:gap-5 lg:gap-6 group\/turn-messages focus-visible:outline-hidden\" tabindex=\"-1\"><div class=\"group\/conversation-turn relative flex w-full min-w-0 flex-col agent-turn\"><div class=\"relative flex-col gap-1 md:gap-3\"><div class=\"flex max-w-full flex-col grow\"><div class=\"min-h-8 text-message relative flex w-full flex-col items-end gap-2 text-start break-words whitespace-normal [.text-message+&amp;]:mt-5\" dir=\"auto\" data-message-author-role=\"assistant\" data-message-id=\"4b00b131-e406-40d3-8978-dc95a670c21f\" data-message-model-slug=\"gpt-4o\"><div class=\"flex w-full flex-col gap-1 empty:hidden first:pt-[3px]\"><div class=\"markdown prose dark:prose-invert w-full break-words light\"><p><span style=\"font-weight: 400;\">Dans le cadre de sa saison culturelle<\/span><i><span style=\"font-weight: 400;\">,<\/span><\/i><span style=\"font-weight: 400;\"> Samba R\u00e9sille souhaite d\u00e9velopper un parcours local et europ\u00e9en articulant les dimensions <strong>culturelle<\/strong>, <strong>environnementale<\/strong> et <strong>g\u00e9oscientifique<\/strong>, en visant l\u2019exploration des sp\u00e9cificit\u00e9s et l&rsquo;histoire des environnements m\u00e9diterran\u00e9ens du point de vue de la climatologie, de l\u2019oc\u00e9anographie et de la g\u00e9ologie.<\/span><\/p><p><span style=\"font-weight: 400;\">La mobilit\u00e9 \u00ab\u00a0<\/span><i><span style=\"font-weight: 400;\"><strong>Arts et g\u00e9osciences<\/strong> : d\u00e9velopper les capacit\u00e9s des acteurs et structures du secteur culturel \u00e0 investir dans les enjeux environnementaux\u00a0\u00bb <\/span><\/i><span style=\"font-weight: 400;\">mobilisera une vingtaine d\u2019animateurs b\u00e9n\u00e9voles (experts en g\u00e9osciences, animateurs culturels et artistes) souhaitant s\u2019investir dans le d\u00e9veloppement de ces th\u00e9matiques au sein des structures du <strong>Consortium Erasmus+.<\/strong><br \/><\/span><\/p><p><span style=\"font-weight: 400;\">La mobilit\u00e9<\/span><span style=\"font-weight: 400;\"> pr\u00e9voit un stage d\u2019observation de 6 jours supervis\u00e9 par notre partenaire <strong>Artos<\/strong>, plateforme chypriote sp\u00e9cialis\u00e9e dans le d\u00e9veloppement de projets interdisciplinaires associant arts et sciences.<\/span><\/p><p><span style=\"font-weight: 400;\">Le <strong>programme d\u2019activit\u00e9s<\/strong> comprendra :<\/span><\/p><ul><li style=\"font-weight: 400;\" aria-level=\"1\"><span style=\"font-weight: 400;\">La d\u00e9couverte de projets caract\u00e9ristiques et la <\/span><b>formation \u00e0 la m\u00e9thodologie<\/b><span style=\"font-weight: 400;\"> des projets interdisciplinaires\u00a0<\/span><\/li><li style=\"font-weight: 400;\" aria-level=\"1\"><b>Des visites de terrain sous forme de randonn\u00e9es p\u00e9destres<\/b><span style=\"font-weight: 400;\"> permettant de d\u00e9velopper la culture g\u00e9oscientifique des participants (ophiolite de Troodos et p\u00e9ninsule d\u2019Akama)<\/span><\/li><li style=\"font-weight: 400;\" aria-level=\"1\"><span style=\"font-weight: 400;\">Le d\u00e9veloppement d\u2019<\/span><b>outils p\u00e9dagogiques pour la Saison culturelle<\/b><\/li><li style=\"font-weight: 400;\" aria-level=\"1\"><b>Des conversations<\/b><span style=\"font-weight: 400;\">, y compris incommodantes, sur les relations entre art et science, entre savoirs scientifiques et sagesses culturelles<\/span><\/li><\/ul><\/div><\/div><\/div><\/div><\/div><\/div><\/div><\/div><\/article><\/div><\/div><\/div><\/div><p>Cette mobilit\u00e9 pour <strong>objectifs<\/strong> de :<\/p><div class=\"flex basis-auto flex-col -mb-(--composer-overlap-px) [--composer-overlap-px:24px] grow overflow-hidden\"><div class=\"relative h-full\"><div class=\"flex h-full flex-col overflow-y-auto [scrollbar-gutter:stable_both-edges] @[84rem]\/thread:pt-(--header-height)\"><div class=\"@thread-xl\/thread:pt-header-height mt-1.5 flex flex-col text-sm pb-25\"><article class=\"text-token-text-primary w-full\" dir=\"auto\" data-testid=\"conversation-turn-2\" data-scroll-anchor=\"true\"><div class=\"text-base my-auto mx-auto py-5 [--thread-content-margin:--spacing(4)] @[37rem]:[--thread-content-margin:--spacing(6)] @[72rem]:[--thread-content-margin:--spacing(16)] px-(--thread-content-margin)\"><div class=\"[--thread-content-max-width:32rem] @[34rem]:[--thread-content-max-width:40rem] @[64rem]:[--thread-content-max-width:48rem] mx-auto flex max-w-(--thread-content-max-width) flex-1 text-base gap-4 md:gap-5 lg:gap-6 group\/turn-messages focus-visible:outline-hidden\" tabindex=\"-1\"><div class=\"group\/conversation-turn relative flex w-full min-w-0 flex-col agent-turn\"><div class=\"relative flex-col gap-1 md:gap-3\"><div class=\"flex max-w-full flex-col grow\"><div class=\"min-h-8 text-message relative flex w-full flex-col items-end gap-2 text-start break-words whitespace-normal [.text-message+&amp;]:mt-5\" dir=\"auto\" data-message-author-role=\"assistant\" data-message-id=\"4b00b131-e406-40d3-8978-dc95a670c21f\" data-message-model-slug=\"gpt-4o\"><div class=\"flex w-full flex-col gap-1 empty:hidden first:pt-[3px]\"><div class=\"markdown prose dark:prose-invert w-full break-words light\"><div class=\"flex w-full flex-col gap-1 empty:hidden first:pt-[3px]\"><div class=\"markdown prose dark:prose-invert w-full break-words light\"><ul><li style=\"font-weight: 400;\" aria-level=\"1\"><span style=\"font-weight: 400;\"><strong>D\u00e9velopper<\/strong> les comp\u00e9tences g\u00e9o scientifiques et la sensibilit\u00e9 environnementale des acteurs du secteur culturel et artistique<\/span><\/li><li style=\"font-weight: 400;\" aria-level=\"1\"><span style=\"font-weight: 400;\"><strong>Comprendre<\/strong> la nature des interactions entre les cultures et leur environnement naturel (ressources et pr\u00e9servation, fa\u00e7onnage des histoires, des mythes etc.)<\/span><\/li><li style=\"font-weight: 400;\" aria-level=\"1\"><span style=\"font-weight: 400;\"><strong>Renforcer<\/strong> les capacit\u00e9s cr\u00e9atives des artistes en leur permettant de mieux se saisir les objets et sujets des sciences environnementales\u00a0<\/span><\/li><li style=\"font-weight: 400;\" aria-level=\"1\"><span style=\"font-weight: 400;\">D\u00e9velopper l\u2019<strong>engagement global<\/strong> des structures culturelles en faveur de l\u2019environnement<\/span><\/li><li style=\"font-weight: 400;\" aria-level=\"1\"><span style=\"font-weight: 400;\">Participer \u00e0 la<strong> sensibilisation<\/strong> des publics des structures culturelles aux enjeux environnementaux ainsi qu\u2019au renforcement d\u2019une culture scientifique partag\u00e9e.<\/span><\/li><\/ul><\/div><\/div><\/div><\/div><\/div><\/div><\/div><\/div><\/div><\/div><\/article><\/div><\/div><\/div><\/div>\t\t\t\t\t\t\t\t<\/div>\n\t\t\t\t<\/div>\n\t\t\t\t\t<\/div>\n\t\t<\/div>\n\t\t\t\t\t<\/div>\n\t\t<\/section>\n\t\t\t\t<\/div>\n\t\t","protected":false},"excerpt":{"rendered":"<p>Mobility \"Arts and geosciences : to develop the capacity of actors and structures of the cultural sector to invest in environmental issues\" will have a score of volunteer leaders (experts in geosciences, cultural animators and artists) who want to invest in the development of these themes within the structures of the Consortium Erasmus+.<\/p>","protected":false},"author":14,"featured_media":9456,"comment_status":"closed","ping_status":"closed","sticky":false,"template":"","format":"standard","meta":{"footnotes":""},"categories":[80,45,43,39],"tags":[],"class_list":["post-9454","post","type-post","status-publish","format-standard","has-post-thumbnail","hentry","category-80","category-adultes","category-projet-europeen","category-stage-dobservation"],"_links":{"self":[{"href":"https:\/\/samba-resille.org\/international-platform\/en\/wp-json\/wp\/v2\/posts\/9454","targetHints":{"allow":["GET"]}}],"collection":[{"href":"https:\/\/samba-resille.org\/international-platform\/en\/wp-json\/wp\/v2\/posts"}],"about":[{"href":"https:\/\/samba-resille.org\/international-platform\/en\/wp-json\/wp\/v2\/types\/post"}],"author":[{"embeddable":true,"href":"https:\/\/samba-resille.org\/international-platform\/en\/wp-json\/wp\/v2\/users\/14"}],"replies":[{"embeddable":true,"href":"https:\/\/samba-resille.org\/international-platform\/en\/wp-json\/wp\/v2\/comments?post=9454"}],"version-history":[{"count":16,"href":"https:\/\/samba-resille.org\/international-platform\/en\/wp-json\/wp\/v2\/posts\/9454\/revisions"}],"predecessor-version":[{"id":9509,"href":"https:\/\/samba-resille.org\/international-platform\/en\/wp-json\/wp\/v2\/posts\/9454\/revisions\/9509"}],"wp:featuredmedia":[{"embeddable":true,"href":"https:\/\/samba-resille.org\/international-platform\/en\/wp-json\/wp\/v2\/media\/9456"}],"wp:attachment":[{"href":"https:\/\/samba-resille.org\/international-platform\/en\/wp-json\/wp\/v2\/media?parent=9454"}],"wp:term":[{"taxonomy":"category","embeddable":true,"href":"https:\/\/samba-resille.org\/international-platform\/en\/wp-json\/wp\/v2\/categories?post=9454"},{"taxonomy":"post_tag","embeddable":true,"href":"https:\/\/samba-resille.org\/international-platform\/en\/wp-json\/wp\/v2\/tags?post=9454"}],"curies":[{"name":"wp","href":"https:\/\/api.w.org\/{rel}","templated":true}]}}