{"id":9546,"date":"2025-09-17T11:51:57","date_gmt":"2025-09-17T11:51:57","guid":{"rendered":"https:\/\/samba-resille.org\/international-platform\/?p=9546"},"modified":"2025-09-25T11:55:15","modified_gmt":"2025-09-25T11:55:15","slug":"mobilite-serbiecarnaval-de-sabac-du-17-au-21-cocu","status":"publish","type":"post","link":"https:\/\/samba-resille.org\/international-platform\/en\/2025\/09\/17\/mobilite-serbiecarnaval-de-sabac-du-17-au-21-cocu\/","title":{"rendered":"Mobility Serbia, Carnival of \u0160abac from 17 to 21 September (CUCKOLD)"},"content":{"rendered":"\t\t<div data-elementor-type=\"wp-post\" data-elementor-id=\"9546\" class=\"elementor elementor-9546\" wpc-filter-elementor-widget=\"1\" data-elementor-post-type=\"post\">\n\t\t\t\t\t\t<section class=\"elementor-section elementor-top-section elementor-element elementor-element-30fd6e4 elementor-section-boxed elementor-section-height-default elementor-section-height-default wpr-particle-no wpr-jarallax-no wpr-parallax-no wpr-sticky-section-no wpr-equal-height-no\" data-id=\"30fd6e4\" data-element_type=\"section\" data-e-type=\"section\">\n\t\t\t\t\t\t<div class=\"elementor-container elementor-column-gap-default\">\n\t\t\t\t\t<div class=\"elementor-column elementor-col-50 elementor-top-column elementor-element elementor-element-9217320\" data-id=\"9217320\" data-element_type=\"column\" data-e-type=\"column\">\n\t\t\t<div class=\"elementor-widget-wrap elementor-element-populated\">\n\t\t\t\t\t\t<div class=\"elementor-element elementor-element-d48c705 elementor-widget elementor-widget-image\" data-id=\"d48c705\" data-element_type=\"widget\" data-e-type=\"widget\" data-widget_type=\"image.default\">\n\t\t\t\t<div class=\"elementor-widget-container\">\n\t\t\t\t\t\t\t\t\t\t\t\t<figure class=\"wp-caption\">\n\t\t\t\t\t\t\t\t\t\t<img fetchpriority=\"high\" decoding=\"async\" width=\"500\" height=\"400\" src=\"https:\/\/samba-resille.org\/international-platform\/wp-content\/uploads\/2025\/09\/hisar-leskovac.jpg\" class=\"attachment-medium_large size-medium_large wp-image-9547\" alt=\"\" srcset=\"https:\/\/samba-resille.org\/international-platform\/wp-content\/uploads\/2025\/09\/hisar-leskovac.jpg 500w, https:\/\/samba-resille.org\/international-platform\/wp-content\/uploads\/2025\/09\/hisar-leskovac-300x240.jpg 300w, https:\/\/samba-resille.org\/international-platform\/wp-content\/uploads\/2025\/09\/hisar-leskovac-15x12.jpg 15w, https:\/\/samba-resille.org\/international-platform\/wp-content\/uploads\/2025\/09\/hisar-leskovac-24x19.jpg 24w, https:\/\/samba-resille.org\/international-platform\/wp-content\/uploads\/2025\/09\/hisar-leskovac-36x29.jpg 36w, https:\/\/samba-resille.org\/international-platform\/wp-content\/uploads\/2025\/09\/hisar-leskovac-48x38.jpg 48w\" sizes=\"(max-width: 500px) 100vw, 500px\" \/>\t\t\t\t\t\t\t\t\t\t\t<figcaption class=\"widget-image-caption wp-caption-text\"><\/figcaption>\n\t\t\t\t\t\t\t\t\t\t<\/figure>\n\t\t\t\t\t\t\t\t\t<\/div>\n\t\t\t\t<\/div>\n\t\t\t\t\t<\/div>\n\t\t<\/div>\n\t\t\t\t<div class=\"elementor-column elementor-col-50 elementor-top-column elementor-element elementor-element-559a918\" data-id=\"559a918\" data-element_type=\"column\" data-e-type=\"column\">\n\t\t\t<div class=\"elementor-widget-wrap elementor-element-populated\">\n\t\t\t\t\t\t<div class=\"elementor-element elementor-element-f34f29e elementor-widget elementor-widget-text-editor\" data-id=\"f34f29e\" data-element_type=\"widget\" data-e-type=\"widget\" data-widget_type=\"text-editor.default\">\n\t\t\t\t<div class=\"elementor-widget-container\">\n\t\t\t\t\t\t\t\t\t<div class=\"flex basis-auto flex-col -mb-(--composer-overlap-px) [--composer-overlap-px:24px] grow overflow-hidden\"><div class=\"relative h-full\"><div class=\"flex h-full flex-col overflow-y-auto [scrollbar-gutter:stable_both-edges] @[84rem]\/thread:pt-(--header-height)\"><div class=\"@thread-xl\/thread:pt-header-height mt-1.5 flex flex-col text-sm pb-25\"><article class=\"text-token-text-primary w-full\" dir=\"auto\" data-testid=\"conversation-turn-2\" data-scroll-anchor=\"true\"><div class=\"text-base my-auto mx-auto py-5 [--thread-content-margin:--spacing(4)] @[37rem]:[--thread-content-margin:--spacing(6)] @[72rem]:[--thread-content-margin:--spacing(16)] px-(--thread-content-margin)\"><div class=\"[--thread-content-max-width:32rem] @[34rem]:[--thread-content-max-width:40rem] @[64rem]:[--thread-content-max-width:48rem] mx-auto flex max-w-(--thread-content-max-width) flex-1 text-base gap-4 md:gap-5 lg:gap-6 group\/turn-messages focus-visible:outline-hidden\" tabindex=\"-1\"><div class=\"group\/conversation-turn relative flex w-full min-w-0 flex-col agent-turn\"><div class=\"relative flex-col gap-1 md:gap-3\"><div class=\"flex max-w-full flex-col grow\"><div class=\"min-h-8 text-message relative flex w-full flex-col items-end gap-2 text-start break-words whitespace-normal [.text-message+&amp;]:mt-5\" dir=\"auto\" data-message-author-role=\"assistant\" data-message-id=\"4b00b131-e406-40d3-8978-dc95a670c21f\" data-message-model-slug=\"gpt-4o\"><div class=\"flex w-full flex-col gap-1 empty:hidden first:pt-[3px]\"><div class=\"markdown prose dark:prose-invert w-full break-words light\"><p class=\"acym__wysid__tinymce--text--placeholder\">Les \u00e9quipes du carnaval de \u0160abac, Serbie, ont souhait\u00e9 inviter des membres de l\u2019encadrement du carnaval de Toulouse lors de leur carnaval, afin de renforcer les liens entre les porteurs de projets de carnavals europ\u00e9ens.<\/p><p class=\"acym__wysid__tinymce--text--placeholder\">Lors de cette mobilit\u00e9, la directrice du COCU, Clarissa D\u00e9sir, va pouvoir assister \u00e0 diverses inaugurations d&rsquo;exhibitions, de parades, de concerts. Elle aura \u00e9galement l&rsquo;occasion de partir \u00e0 la rencontre des organisateurs mais aussi de diff\u00e9rentes structures pr\u00e9sentes sur place.<\/p><\/div><\/div><\/div><\/div><\/div><\/div><\/div><\/div><\/article><\/div><\/div><\/div><\/div>\t\t\t\t\t\t\t\t<\/div>\n\t\t\t\t<\/div>\n\t\t\t\t\t<\/div>\n\t\t<\/div>\n\t\t\t\t\t<\/div>\n\t\t<\/section>\n\t\t\t\t<\/div>\n\t\t","protected":false},"excerpt":{"rendered":"<p>The teams of the carnival of \u0160abac, Serbia, would like to invite members of the management of the carnival of Toulouse during their carnival, in order to strengthen the links between the bearers of projects, carnivals in europe. <\/p>\n<p>During this mobility, the director of the CUCKOLD, Clarissa Desire, will be able to attend various openings of exhibitions, parades, concerts. It will also have the opportunity to go to the meeting of the organizers but also of the different structures present on the spot.<\/p>","protected":false},"author":14,"featured_media":9547,"comment_status":"closed","ping_status":"closed","sticky":false,"template":"","format":"standard","meta":{"footnotes":""},"categories":[80,45,43,39],"tags":[],"class_list":["post-9546","post","type-post","status-publish","format-standard","has-post-thumbnail","hentry","category-80","category-adultes","category-projet-europeen","category-stage-dobservation"],"_links":{"self":[{"href":"https:\/\/samba-resille.org\/international-platform\/en\/wp-json\/wp\/v2\/posts\/9546","targetHints":{"allow":["GET"]}}],"collection":[{"href":"https:\/\/samba-resille.org\/international-platform\/en\/wp-json\/wp\/v2\/posts"}],"about":[{"href":"https:\/\/samba-resille.org\/international-platform\/en\/wp-json\/wp\/v2\/types\/post"}],"author":[{"embeddable":true,"href":"https:\/\/samba-resille.org\/international-platform\/en\/wp-json\/wp\/v2\/users\/14"}],"replies":[{"embeddable":true,"href":"https:\/\/samba-resille.org\/international-platform\/en\/wp-json\/wp\/v2\/comments?post=9546"}],"version-history":[{"count":4,"href":"https:\/\/samba-resille.org\/international-platform\/en\/wp-json\/wp\/v2\/posts\/9546\/revisions"}],"predecessor-version":[{"id":9551,"href":"https:\/\/samba-resille.org\/international-platform\/en\/wp-json\/wp\/v2\/posts\/9546\/revisions\/9551"}],"wp:featuredmedia":[{"embeddable":true,"href":"https:\/\/samba-resille.org\/international-platform\/en\/wp-json\/wp\/v2\/media\/9547"}],"wp:attachment":[{"href":"https:\/\/samba-resille.org\/international-platform\/en\/wp-json\/wp\/v2\/media?parent=9546"}],"wp:term":[{"taxonomy":"category","embeddable":true,"href":"https:\/\/samba-resille.org\/international-platform\/en\/wp-json\/wp\/v2\/categories?post=9546"},{"taxonomy":"post_tag","embeddable":true,"href":"https:\/\/samba-resille.org\/international-platform\/en\/wp-json\/wp\/v2\/tags?post=9546"}],"curies":[{"name":"wp","href":"https:\/\/api.w.org\/{rel}","templated":true}]}}