{"id":227,"date":"2018-08-02T15:14:40","date_gmt":"2018-08-02T15:14:40","guid":{"rendered":"https:\/\/samba-resille.org\/international-platform\/?p=227"},"modified":"2024-03-25T11:07:06","modified_gmt":"2024-03-25T11:07:06","slug":"samba-resille-fance-barefeet-zambie-artscape-afrique-du-sud-presentent","status":"publish","type":"post","link":"https:\/\/samba-resille.org\/international-platform\/2018\/08\/02\/samba-resille-fance-barefeet-zambie-artscape-afrique-du-sud-presentent\/","title":{"rendered":"Samba R\u00e9sille, Barefeet Theatre et Artscape se retrouvent \u00e0 Lusaka (Zambie)"},"content":{"rendered":"\t\t<div data-elementor-type=\"wp-post\" data-elementor-id=\"227\" class=\"elementor elementor-227\" wpc-filter-elementor-widget=\"1\" data-elementor-post-type=\"post\">\n\t\t\t\t\t\t<section class=\"elementor-section elementor-top-section elementor-element elementor-element-190baeb3 elementor-section-boxed elementor-section-height-default elementor-section-height-default wpr-particle-no wpr-jarallax-no wpr-parallax-no wpr-sticky-section-no wpr-equal-height-no\" data-id=\"190baeb3\" data-element_type=\"section\" data-e-type=\"section\">\n\t\t\t\t\t\t<div class=\"elementor-container elementor-column-gap-default\">\n\t\t\t\t\t<div class=\"elementor-column elementor-col-100 elementor-top-column elementor-element elementor-element-50178888\" data-id=\"50178888\" data-element_type=\"column\" data-e-type=\"column\">\n\t\t\t<div class=\"elementor-widget-wrap elementor-element-populated\">\n\t\t\t\t\t\t<div class=\"elementor-element elementor-element-fd8ee2d elementor-widget elementor-widget-text-editor\" data-id=\"fd8ee2d\" data-element_type=\"widget\" data-e-type=\"widget\" data-widget_type=\"text-editor.default\">\n\t\t\t\t<div class=\"elementor-widget-container\">\n\t\t\t\t\t\t\t\t\t<p><span style=\"color: #000000;\"><strong>\u00ab La construction culturelle de la jeunesse et la construction juv\u00e9nile de la culture \u00bb<\/strong>, un programme d\u2019\u00e9changes dans le but d\u2019am\u00e9liorer les capacit\u00e9s coop\u00e9ratives \u00e0 l\u2019international et la qualit\u00e9 de l\u2019animation socio\u00e9ducative de toutes les parties prenantes et renforcer les capacit\u00e9s cr\u00e9atives et d\u2019innovation de tous les acteurs impliqu\u00e9s. Samba R\u00e9sille (France) coordonne ce projet financ\u00e9 par la Commission europ\u00e9enne (Programme Erasmus+) en partenariat avec Barefeet Theatre (Zambie) et Artscape (Afrique du Sud).<br \/><br \/><\/span><strong><span style=\"color: #000000;\">1<sup>e <\/sup>\u00e9tape du projet : du 14 au 22 juillet 2018 \u2013 Lusaka (Zambie)<br \/><\/span><span style=\"color: #000000;\">Am\u00e9liorer les comp\u00e9tences sur l\u2019inclusion des jeunes les plus vuln\u00e9rables<\/span><\/strong><br \/><span style=\"color: #000000;\"><br \/>Cette mobilit\u00e9 est la premi\u00e8re d\u2019un cycle de 4 mobilit\u00e9s composant le projet \u00ab La construction culturelle de la jeunesse et la <\/span><span style=\"color: #000000;\">construction juv\u00e9nile de la culture \u00bb :<\/span><br \/><span style=\"color: #000000;\">\u2022 Mobilit\u00e9 1 : Lusaka, Zambie, du 14 au 22 juillet 2018 (14 membres de Samba R\u00e9sille \/ 14 membres de Barefeet \/14 membres de <\/span><span style=\"color: #000000;\">Arstcape)<\/span><br \/><span style=\"color: #000000;\">\u2022 Mobilit\u00e9 2 : Cape Town, Afrique du Sud, du 2 au 11 septembre 2018 (14 membres de Samba R\u00e9sille \/ 14 membres de Barefeet \/14 <\/span><span style=\"color: #000000;\">membres de Arstcape)<\/span><br \/><span style=\"color: #000000;\">\u2022 Mobilit\u00e9 3 : Toulouse, France, avril 2019 (14 membres de Samba R\u00e9sille \/ 14 membres de Barefeet \/14 membres de Arstcape)<\/span><br \/><span style=\"color: #000000;\">\u2022 Mobilit\u00e9 4 : Cape Town, Afrique du Sud, octobre 2019<\/span><\/p>\t\t\t\t\t\t\t\t<\/div>\n\t\t\t\t<\/div>\n\t\t\t\t\t<\/div>\n\t\t<\/div>\n\t\t\t\t\t<\/div>\n\t\t<\/section>\n\t\t\t\t<\/div>\n\t\t","protected":false},"excerpt":{"rendered":"<p>\u00ab La construction culturelle de la jeunesse et la construction juv\u00e9nile de la culture \u00bb, un programme d\u2019\u00e9changes dans le but d\u2019am\u00e9liorer les capacit\u00e9s coop\u00e9ratives \u00e0 l\u2019international et la qualit\u00e9 de l\u2019animation socio\u00e9ducative de toutes les parties prenantes et renforcer les capacit\u00e9s cr\u00e9atives et d\u2019innovation de tous les acteurs impliqu\u00e9s. Samba R\u00e9sille (France) coordonne ce projet financ\u00e9 par la Commission europ\u00e9enne (Programme Erasmus+) en partenariat avec Barefeet Theatre (Zambie) et Artscape (Afrique du Sud). 1e \u00e9tape du projet : du 14 au 22 juillet 2018 \u2013 Lusaka (Zambie)Am\u00e9liorer les comp\u00e9tences sur l\u2019inclusion des jeunes les plus vuln\u00e9rables Cette mobilit\u00e9 est la premi\u00e8re d\u2019un cycle de 4 mobilit\u00e9s composant le projet \u00ab La construction culturelle de la jeunesse et la construction juv\u00e9nile de la culture \u00bb :\u2022 Mobilit\u00e9 1 : Lusaka, Zambie, du 14 au 22 juillet 2018 (14 membres de Samba R\u00e9sille \/ 14 membres de Barefeet \/14 membres de Arstcape)\u2022 Mobilit\u00e9 2 : Cape Town, Afrique du Sud, du 2 au 11 septembre 2018 (14 membres de Samba R\u00e9sille \/ 14 membres de Barefeet \/14 membres de Arstcape)\u2022 Mobilit\u00e9 3 : Toulouse, France, avril 2019 (14 membres de Samba R\u00e9sille \/ 14 membres de Barefeet \/14 membres de Arstcape)\u2022 Mobilit\u00e9 4 : Cape Town, Afrique du Sud, octobre 2019<\/p>\n","protected":false},"author":2,"featured_media":228,"comment_status":"closed","ping_status":"closed","sticky":false,"template":"","format":"standard","meta":{"footnotes":""},"categories":[67,45,74,41,28,75,76,40,42,60],"tags":[],"class_list":["post-227","post","type-post","status-publish","format-standard","has-post-thumbnail","hentry","category-67","category-adultes","category-age","category-annee","category-formation","category-geographie","category-objectifs","category-pays","category-projet-international","category-zambia"],"_links":{"self":[{"href":"https:\/\/samba-resille.org\/international-platform\/wp-json\/wp\/v2\/posts\/227","targetHints":{"allow":["GET"]}}],"collection":[{"href":"https:\/\/samba-resille.org\/international-platform\/wp-json\/wp\/v2\/posts"}],"about":[{"href":"https:\/\/samba-resille.org\/international-platform\/wp-json\/wp\/v2\/types\/post"}],"author":[{"embeddable":true,"href":"https:\/\/samba-resille.org\/international-platform\/wp-json\/wp\/v2\/users\/2"}],"replies":[{"embeddable":true,"href":"https:\/\/samba-resille.org\/international-platform\/wp-json\/wp\/v2\/comments?post=227"}],"version-history":[{"count":1,"href":"https:\/\/samba-resille.org\/international-platform\/wp-json\/wp\/v2\/posts\/227\/revisions"}],"predecessor-version":[{"id":7838,"href":"https:\/\/samba-resille.org\/international-platform\/wp-json\/wp\/v2\/posts\/227\/revisions\/7838"}],"wp:featuredmedia":[{"embeddable":true,"href":"https:\/\/samba-resille.org\/international-platform\/wp-json\/wp\/v2\/media\/228"}],"wp:attachment":[{"href":"https:\/\/samba-resille.org\/international-platform\/wp-json\/wp\/v2\/media?parent=227"}],"wp:term":[{"taxonomy":"category","embeddable":true,"href":"https:\/\/samba-resille.org\/international-platform\/wp-json\/wp\/v2\/categories?post=227"},{"taxonomy":"post_tag","embeddable":true,"href":"https:\/\/samba-resille.org\/international-platform\/wp-json\/wp\/v2\/tags?post=227"}],"curies":[{"name":"wp","href":"https:\/\/api.w.org\/{rel}","templated":true}]}}