{"id":2680,"date":"2020-11-26T10:03:13","date_gmt":"2020-11-26T10:03:13","guid":{"rendered":"https:\/\/samba-resille.org\/international-platform\/?p=2680"},"modified":"2024-03-25T11:02:48","modified_gmt":"2024-03-25T11:02:48","slug":"porto-du-26-octobre-au-1er-novembre-2020","status":"publish","type":"post","link":"https:\/\/samba-resille.org\/international-platform\/2020\/11\/26\/porto-du-26-octobre-au-1er-novembre-2020\/","title":{"rendered":"Porto &#8211; du 26 octobre au 1er novembre 2020"},"content":{"rendered":"\t\t<div data-elementor-type=\"wp-post\" data-elementor-id=\"2680\" class=\"elementor elementor-2680\" wpc-filter-elementor-widget=\"1\" data-elementor-post-type=\"post\">\n\t\t\t\t\t\t<section class=\"elementor-section elementor-top-section elementor-element elementor-element-3231d3f2 elementor-section-boxed elementor-section-height-default elementor-section-height-default wpr-particle-no wpr-jarallax-no wpr-parallax-no wpr-sticky-section-no wpr-equal-height-no\" data-id=\"3231d3f2\" data-element_type=\"section\" data-e-type=\"section\">\n\t\t\t\t\t\t<div class=\"elementor-container elementor-column-gap-default\">\n\t\t\t\t\t<div class=\"elementor-column elementor-col-100 elementor-top-column elementor-element elementor-element-32b65137\" data-id=\"32b65137\" data-element_type=\"column\" data-e-type=\"column\">\n\t\t\t<div class=\"elementor-widget-wrap elementor-element-populated\">\n\t\t\t\t\t\t<div class=\"elementor-element elementor-element-51834491 elementor-widget elementor-widget-text-editor\" data-id=\"51834491\" data-element_type=\"widget\" data-e-type=\"widget\" data-widget_type=\"text-editor.default\">\n\t\t\t\t<div class=\"elementor-widget-container\">\n\t\t\t\t\t\t\t\t\t<p><\/p>\n<p>Le mois dernier, une \u00e9quipe de Samba R\u00e9sille est partie \u00e0 Porto retrouver les membres du groupe Samba Sem Fronteiras afin d\u2019approfondir son exp\u00e9rience de la roda de samba et sa connaissance des r\u00e9seaux sambistes europ\u00e9ens. Une fois encore, l\u2019exp\u00e9rience musicale a \u00e9t\u00e9 magique, l\u2019accueil des musiciens chaleureux, et la ville toujours aussi belle !<br \/><br \/>D\u2019autre part, dans le contexte d\u2019un secteur culturel gravement mis en danger par la crise sanitaire, cette mobilit\u00e9 a permis \u00e9galement d\u2019exp\u00e9rimenter les protocoles qui permettent de continuer notre aventure culturelle collective tout en garantissant la s\u00e9curit\u00e9 des individus. Il faudra, les mois qui viennent, continuer de s\u2019adapter et d\u2019\u00eatre cr\u00e9atif pour conserver ce lien social et culturel qui est un besoin vital pour chacun de nous, tout en gardant sa lucidit\u00e9 sur les risques caus\u00e9s par cette pand\u00e9mie. C\u2019est possible !<br \/><br \/>Le groupe est d\u2019ailleurs actuellement tr\u00e8s mobilis\u00e9 pour partager cette exp\u00e9rience avec tous les adh\u00e9rents, et s\u2019est empar\u00e9 des outils num\u00e9riques exp\u00e9riment\u00e9s depuis mars pour vous en faire profiter le mieux possible :<br \/><a href=\"https:\/\/padlet.com\/sambajpchn\/z9v391a4pg1g1m04\" target=\"_blank\" rel=\"noopener\">https:\/\/padlet.com\/sambajpchn\/z9v391a4pg1g1m04<\/a><br \/><br \/>Ce programme d\u2019\u00e9changes est financ\u00e9 par la Commission Europ\u00e9enne dans le cadre du programme Erasmus+ \u2013 Cl\u00e9 1, Mobilit\u00e9 du personnel de l\u2019\u00e9ducation des adultes.<\/p>\n<p><\/p>\t\t\t\t\t\t\t\t<\/div>\n\t\t\t\t<\/div>\n\t\t\t\t\t<\/div>\n\t\t<\/div>\n\t\t\t\t\t<\/div>\n\t\t<\/section>\n\t\t\t\t<section class=\"elementor-section elementor-top-section elementor-element elementor-element-cc15595 elementor-section-boxed elementor-section-height-default elementor-section-height-default wpr-particle-no wpr-jarallax-no wpr-parallax-no wpr-sticky-section-no wpr-equal-height-no\" data-id=\"cc15595\" data-element_type=\"section\" data-e-type=\"section\">\n\t\t\t\t\t\t<div class=\"elementor-container elementor-column-gap-default\">\n\t\t\t\t\t<div class=\"elementor-column elementor-col-100 elementor-top-column elementor-element elementor-element-d8e132b\" data-id=\"d8e132b\" data-element_type=\"column\" data-e-type=\"column\">\n\t\t\t<div class=\"elementor-widget-wrap elementor-element-populated\">\n\t\t\t\t\t\t<div class=\"elementor-element elementor-element-b3f2ce2 elementor-widget elementor-widget-image\" data-id=\"b3f2ce2\" data-element_type=\"widget\" data-e-type=\"widget\" data-widget_type=\"image.default\">\n\t\t\t\t<div class=\"elementor-widget-container\">\n\t\t\t\t\t\t\t\t\t\t\t\t\t\t\t\t<a href=\"https:\/\/padlet.com\/sambajpchn\/z9v391a4pg1g1m04\" target=\"_blank\">\n\t\t\t\t\t\t\t<img fetchpriority=\"high\" decoding=\"async\" width=\"800\" height=\"525\" src=\"https:\/\/samba-resille.org\/international-platform\/wp-content\/uploads\/2020\/11\/padlet-porto-oct-20.jpg\" class=\"attachment-large size-large wp-image-2685\" alt=\"\" srcset=\"https:\/\/samba-resille.org\/international-platform\/wp-content\/uploads\/2020\/11\/padlet-porto-oct-20.jpg 847w, https:\/\/samba-resille.org\/international-platform\/wp-content\/uploads\/2020\/11\/padlet-porto-oct-20-300x197.jpg 300w, https:\/\/samba-resille.org\/international-platform\/wp-content\/uploads\/2020\/11\/padlet-porto-oct-20-768x504.jpg 768w, https:\/\/samba-resille.org\/international-platform\/wp-content\/uploads\/2020\/11\/padlet-porto-oct-20-550x360.jpg 550w\" sizes=\"(max-width: 800px) 100vw, 800px\" \/>\t\t\t\t\t\t\t\t<\/a>\n\t\t\t\t\t\t\t\t\t\t\t\t\t\t\t<\/div>\n\t\t\t\t<\/div>\n\t\t\t\t\t<\/div>\n\t\t<\/div>\n\t\t\t\t\t<\/div>\n\t\t<\/section>\n\t\t\t\t<\/div>\n\t\t","protected":false},"excerpt":{"rendered":"<p>Le mois dernier, une \u00e9quipe de Samba R\u00e9sille est partie \u00e0 Porto retrouver les membres du groupe Samba Sem Fronteiras afin d\u2019approfondir son exp\u00e9rience de la roda de samba et sa connaissance des r\u00e9seaux sambistes europ\u00e9ens. Une fois encore, l\u2019exp\u00e9rience musicale a \u00e9t\u00e9 magique, l\u2019accueil des musiciens chaleureux, et la ville toujours aussi belle ! D\u2019autre part, dans le contexte d\u2019un secteur culturel gravement mis en danger par la crise sanitaire, cette mobilit\u00e9 a permis \u00e9galement d\u2019exp\u00e9rimenter les protocoles qui permettent de continuer notre aventure culturelle collective tout en garantissant la s\u00e9curit\u00e9 des individus. Il faudra, les mois qui viennent, continuer de s\u2019adapter et d\u2019\u00eatre cr\u00e9atif pour conserver ce lien social et culturel qui est un besoin vital pour chacun de nous, tout en gardant sa lucidit\u00e9 sur les risques caus\u00e9s par cette pand\u00e9mie. C\u2019est possible ! Le groupe est d\u2019ailleurs actuellement tr\u00e8s mobilis\u00e9 pour partager cette exp\u00e9rience avec tous les adh\u00e9rents, et s\u2019est empar\u00e9 des outils num\u00e9riques exp\u00e9riment\u00e9s depuis mars pour vous en faire profiter le mieux possible :https:\/\/padlet.com\/sambajpchn\/z9v391a4pg1g1m04 Ce programme d\u2019\u00e9changes est financ\u00e9 par la Commission Europ\u00e9enne dans le cadre du programme Erasmus+ \u2013 Cl\u00e9 1, Mobilit\u00e9 du personnel de l\u2019\u00e9ducation des adultes.<\/p>\n","protected":false},"author":2,"featured_media":2688,"comment_status":"closed","ping_status":"closed","sticky":false,"template":"","format":"standard","meta":{"footnotes":""},"categories":[71,45,74,41,28,75,40,58,43],"tags":[],"class_list":["post-2680","post","type-post","status-publish","format-standard","has-post-thumbnail","hentry","category-71","category-adultes","category-age","category-annee","category-formation","category-geographie","category-pays","category-portugal","category-projet-europeen"],"_links":{"self":[{"href":"https:\/\/samba-resille.org\/international-platform\/wp-json\/wp\/v2\/posts\/2680","targetHints":{"allow":["GET"]}}],"collection":[{"href":"https:\/\/samba-resille.org\/international-platform\/wp-json\/wp\/v2\/posts"}],"about":[{"href":"https:\/\/samba-resille.org\/international-platform\/wp-json\/wp\/v2\/types\/post"}],"author":[{"embeddable":true,"href":"https:\/\/samba-resille.org\/international-platform\/wp-json\/wp\/v2\/users\/2"}],"replies":[{"embeddable":true,"href":"https:\/\/samba-resille.org\/international-platform\/wp-json\/wp\/v2\/comments?post=2680"}],"version-history":[{"count":1,"href":"https:\/\/samba-resille.org\/international-platform\/wp-json\/wp\/v2\/posts\/2680\/revisions"}],"predecessor-version":[{"id":7809,"href":"https:\/\/samba-resille.org\/international-platform\/wp-json\/wp\/v2\/posts\/2680\/revisions\/7809"}],"wp:featuredmedia":[{"embeddable":true,"href":"https:\/\/samba-resille.org\/international-platform\/wp-json\/wp\/v2\/media\/2688"}],"wp:attachment":[{"href":"https:\/\/samba-resille.org\/international-platform\/wp-json\/wp\/v2\/media?parent=2680"}],"wp:term":[{"taxonomy":"category","embeddable":true,"href":"https:\/\/samba-resille.org\/international-platform\/wp-json\/wp\/v2\/categories?post=2680"},{"taxonomy":"post_tag","embeddable":true,"href":"https:\/\/samba-resille.org\/international-platform\/wp-json\/wp\/v2\/tags?post=2680"}],"curies":[{"name":"wp","href":"https:\/\/api.w.org\/{rel}","templated":true}]}}