{"id":431,"date":"2018-08-16T14:07:24","date_gmt":"2018-08-16T14:07:24","guid":{"rendered":"https:\/\/samba-resille.org\/international-platform\/?p=431"},"modified":"2024-03-25T11:06:38","modified_gmt":"2024-03-25T11:06:38","slug":"2eme-post-projet-pour-test","status":"publish","type":"post","link":"https:\/\/samba-resille.org\/international-platform\/2018\/08\/16\/2eme-post-projet-pour-test\/","title":{"rendered":"Lisbonne &#8211; f\u00e9vrier 2018"},"content":{"rendered":"\t\t<div data-elementor-type=\"wp-post\" data-elementor-id=\"431\" class=\"elementor elementor-431\" wpc-filter-elementor-widget=\"1\" data-elementor-post-type=\"post\">\n\t\t\t\t\t\t<section class=\"elementor-section elementor-top-section elementor-element elementor-element-362d0f26 elementor-section-boxed elementor-section-height-default elementor-section-height-default wpr-particle-no wpr-jarallax-no wpr-parallax-no wpr-sticky-section-no wpr-equal-height-no\" data-id=\"362d0f26\" data-element_type=\"section\" data-e-type=\"section\">\n\t\t\t\t\t\t<div class=\"elementor-container elementor-column-gap-default\">\n\t\t\t\t\t<div class=\"elementor-column elementor-col-100 elementor-top-column elementor-element elementor-element-2b235916\" data-id=\"2b235916\" data-element_type=\"column\" data-e-type=\"column\">\n\t\t\t<div class=\"elementor-widget-wrap elementor-element-populated\">\n\t\t\t\t\t\t<div class=\"elementor-element elementor-element-11d84335 elementor-widget elementor-widget-text-editor\" data-id=\"11d84335\" data-element_type=\"widget\" data-e-type=\"widget\" data-widget_type=\"text-editor.default\">\n\t\t\t\t<div class=\"elementor-widget-container\">\n\t\t\t\t\t\t\t\t\t<p>Du 23 f\u00e9vrier au 4 mars : Samba R\u00e9sille est \u00e0 <strong>Lisbonne<\/strong> dans le cadre du Programme d\u2019\u00e9changes europ\u00e9ens Erasmus+ avec la compagnie <strong><em><a href=\"https:\/\/www.facebook.com\/grupo.bombrando\/\">Bombrando<\/a> <\/em><\/strong>et<em><strong> <a href=\"https:\/\/www.facebook.com\/pg\/Batucadalusofona\/about\/?ref=page_internal\">Nice Groove<\/a>.<a href=\"https:\/\/www.facebook.com\/pg\/Batucadalusofona\/about\/?ref=page_internal\"><br \/><\/a><\/strong><\/em> Cette formation rentre dans un cycle de deux mobilit\u00e9s composant le projet \u00ab Constructeurs de savoirs cr\u00e9atifs et collaboratifs \u00bb. Elle est organis\u00e9e conjointement entre Samba R\u00e9sille (France), coordinatrice et ses partenaires Bombrando (Portugal) et Enjoy (Turin) autour du th\u00e8me \u00ab Constructeurs de savoirs cr\u00e9atifs et collaboratifs \u00bb dans le but de favoriser la construction de savoirs cr\u00e9atifs li\u00e9s \u00e0 l\u2019\u00e9ducation interculturelle. 60 membres de Samba R\u00e9sille vont donc partager ensemble cette exp\u00e9rience lusophone !<br \/><br \/><strong>En savoir plus <a href=\"https:\/\/samba-resille.org\/international-platform\/france-italie-portugal\/\" target=\"_blank\" rel=\"noopener\">&gt;&gt;&gt;<\/a><\/strong><\/p><p><img fetchpriority=\"high\" decoding=\"async\" class=\"alignnone size-medium wp-image-505\" src=\"https:\/\/samba-resille.org\/international-platform\/wp-content\/uploads\/2018\/08\/jeu-300x225.jpg\" alt=\"\" width=\"300\" height=\"225\" \/><img decoding=\"async\" class=\"alignnone size-medium wp-image-507\" src=\"https:\/\/samba-resille.org\/international-platform\/wp-content\/uploads\/2018\/08\/groupe-300x200.jpg\" alt=\"\" width=\"300\" height=\"200\" \/><\/p>\t\t\t\t\t\t\t\t<\/div>\n\t\t\t\t<\/div>\n\t\t\t\t\t<\/div>\n\t\t<\/div>\n\t\t\t\t\t<\/div>\n\t\t<\/section>\n\t\t\t\t<\/div>\n\t\t","protected":false},"excerpt":{"rendered":"<p>Du 23 f\u00e9vrier au 4 mars : Samba R\u00e9sille est \u00e0 Lisbonne dans le cadre du Programme d\u2019\u00e9changes europ\u00e9ens Erasmus+ avec la compagnie Bombrando et Nice Groove. Cette formation rentre dans un cycle de deux mobilit\u00e9s composant le projet \u00ab Constructeurs de savoirs cr\u00e9atifs et collaboratifs \u00bb. Elle est organis\u00e9e conjointement entre Samba R\u00e9sille (France), coordinatrice et ses partenaires Bombrando (Portugal) et Enjoy (Turin) autour du th\u00e8me \u00ab Constructeurs de savoirs cr\u00e9atifs et collaboratifs \u00bb dans le but de favoriser la construction de savoirs cr\u00e9atifs li\u00e9s \u00e0 l\u2019\u00e9ducation interculturelle. 60 membres de Samba R\u00e9sille vont donc partager ensemble cette exp\u00e9rience lusophone ! En savoir plus &gt;&gt;&gt;<\/p>\n","protected":false},"author":2,"featured_media":249,"comment_status":"closed","ping_status":"closed","sticky":false,"template":"","format":"standard","meta":{"footnotes":""},"categories":[67,45,74,41,28,75,76,40,58,43],"tags":[],"class_list":["post-431","post","type-post","status-publish","format-standard","has-post-thumbnail","hentry","category-67","category-adultes","category-age","category-annee","category-formation","category-geographie","category-objectifs","category-pays","category-portugal","category-projet-europeen"],"_links":{"self":[{"href":"https:\/\/samba-resille.org\/international-platform\/wp-json\/wp\/v2\/posts\/431","targetHints":{"allow":["GET"]}}],"collection":[{"href":"https:\/\/samba-resille.org\/international-platform\/wp-json\/wp\/v2\/posts"}],"about":[{"href":"https:\/\/samba-resille.org\/international-platform\/wp-json\/wp\/v2\/types\/post"}],"author":[{"embeddable":true,"href":"https:\/\/samba-resille.org\/international-platform\/wp-json\/wp\/v2\/users\/2"}],"replies":[{"embeddable":true,"href":"https:\/\/samba-resille.org\/international-platform\/wp-json\/wp\/v2\/comments?post=431"}],"version-history":[{"count":1,"href":"https:\/\/samba-resille.org\/international-platform\/wp-json\/wp\/v2\/posts\/431\/revisions"}],"predecessor-version":[{"id":7837,"href":"https:\/\/samba-resille.org\/international-platform\/wp-json\/wp\/v2\/posts\/431\/revisions\/7837"}],"wp:featuredmedia":[{"embeddable":true,"href":"https:\/\/samba-resille.org\/international-platform\/wp-json\/wp\/v2\/media\/249"}],"wp:attachment":[{"href":"https:\/\/samba-resille.org\/international-platform\/wp-json\/wp\/v2\/media?parent=431"}],"wp:term":[{"taxonomy":"category","embeddable":true,"href":"https:\/\/samba-resille.org\/international-platform\/wp-json\/wp\/v2\/categories?post=431"},{"taxonomy":"post_tag","embeddable":true,"href":"https:\/\/samba-resille.org\/international-platform\/wp-json\/wp\/v2\/tags?post=431"}],"curies":[{"name":"wp","href":"https:\/\/api.w.org\/{rel}","templated":true}]}}