{"id":436,"date":"2018-08-16T14:14:57","date_gmt":"2018-08-16T14:14:57","guid":{"rendered":"https:\/\/samba-resille.org\/international-platform\/?p=436"},"modified":"2024-03-25T11:06:25","modified_gmt":"2024-03-25T11:06:25","slug":"3eme-post-test-projects","status":"publish","type":"post","link":"https:\/\/samba-resille.org\/international-platform\/2018\/08\/16\/3eme-post-test-projects\/","title":{"rendered":"Retour en vid\u00e9o de Lusaka \u2013 Zambia"},"content":{"rendered":"\t\t<div data-elementor-type=\"wp-post\" data-elementor-id=\"436\" class=\"elementor elementor-436\" wpc-filter-elementor-widget=\"1\" data-elementor-post-type=\"post\">\n\t\t\t\t\t\t<section class=\"elementor-section elementor-top-section elementor-element elementor-element-34c82fe5 elementor-section-boxed elementor-section-height-default elementor-section-height-default wpr-particle-no wpr-jarallax-no wpr-parallax-no wpr-sticky-section-no wpr-equal-height-no\" data-id=\"34c82fe5\" data-element_type=\"section\" data-e-type=\"section\">\n\t\t\t\t\t\t<div class=\"elementor-container elementor-column-gap-default\">\n\t\t\t\t\t<div class=\"elementor-column elementor-col-100 elementor-top-column elementor-element elementor-element-2b0a4b9d\" data-id=\"2b0a4b9d\" data-element_type=\"column\" data-e-type=\"column\">\n\t\t\t<div class=\"elementor-widget-wrap elementor-element-populated\">\n\t\t\t\t\t\t<div class=\"elementor-element elementor-element-1ebde43 elementor-widget elementor-widget-text-editor\" data-id=\"1ebde43\" data-element_type=\"widget\" data-e-type=\"widget\" data-widget_type=\"text-editor.default\">\n\t\t\t\t<div class=\"elementor-widget-container\">\n\t\t\t\t\t\t\t\t\t<div id=\"container\"><div id=\"content\" role=\"main\"><div id=\"post-6863\" class=\"post-6863 post type-post status-publish format-standard has-post-thumbnail hentry category-news\"><div class=\"entry-content\"><p><iframe src=\"https:\/\/www.dailymotion.com\/embed\/video\/x6sanq3\" width=\"480\" height=\"270\" frameborder=\"0\" allowfullscreen=\"allowfullscreen\" data-mce-fragment=\"1\"><\/iframe><\/p><p><span style=\"color: #000000;\"><strong>La construction culturelle de la jeunesse et la construction juv\u00e9nile de la culture<\/strong><\/span><br \/><span style=\"color: #000000;\">Union Europ\u00e9enne \u2013 Programme Erasmus+ \u2013 Ka2 \u2013 Renforcement des capacit\u00e9s dans le domaine de la jeunesse<\/span><br \/><span style=\"color: #000000;\"><strong>Samba R\u00e9sille (France) \/ Artscape (Afrique du Sud) \/ Barefeet (Zambie)<\/strong><\/span><\/p><p><span style=\"color: #000000;\"><strong>Retour sur la premi\u00e8re \u00e9tape (Lusaka \u2013 Zambia)<\/strong><\/span><br \/><span style=\"color: #000000;\">Du 14 au 22 juillet 2018, 14 membres de Samba R\u00e9sille, 14 membres de Arstcape et 14 membres de Barefeet Theatre se sont rencontr\u00e9s \u00e0 Lusaka en Zambie. 42 personnes plong\u00e9es dans le quotidien de Barefeet Theatre, notre partenaire zambien ! <\/span><span style=\"color: #000000;\">Cette premi\u00e8re mobilit\u00e9 a permis \u00e0 tous les intervenants de pr\u00e9senter leur organisation et partager leurs exp\u00e9riences dans le domaine de la Jeunesse. <\/span><span style=\"color: #000000;\">Les partenaires ont pu d\u00e9couvrir et participer aux actions de Barefeet en direction des jeunes dans des \u00e9coles, des centres, des biblioth\u00e8ques ou des orphelinats. <\/span><span style=\"color: #000000;\">Ce s\u00e9jour a \u00e9galement permis des collaborations artistiques, des sessions de graff, des visites, d\u00e9bats ou des \u00e9changes gastronomiques\u2026 Une fa\u00e7on de partager la diversit\u00e9 musicale et culturelle. <\/span><span style=\"color: #000000;\">Ces \u00e9changes ont \u00e9t\u00e9 pr\u00e9sent\u00e9s \u00e0 l\u2019Alliance fran\u00e7aise de Lusaka en pr\u00e9sence de l\u2019ambassadeur fran\u00e7ais en Zambie et aux enfants lors des rencontres.<\/span><\/p><\/div><\/div><\/div><\/div><p><strong><span style=\"color: #000000;\">Am\u00e9liorer les comp\u00e9tences sur l\u2019inclusion des jeunes les plus vuln\u00e9rables<\/span><\/strong><br \/><span style=\"color: #000000;\">Cette mobilit\u00e9 est la premi\u00e8re d\u2019un cycle de 4 mobilit\u00e9s composant le projet \u00ab La construction culturelle de la jeunesse et la <\/span><span style=\"color: #000000;\">construction juv\u00e9nile de la culture \u00bb :<\/span><br \/><span style=\"color: #000000;\">\u2022 Mobilit\u00e9 1 : Lusaka, Zambie, du 14 au 22 juillet 2018 (14 membres de Samba R\u00e9sille \/ 14 membres de Barefeet \/ 14 membres de <\/span><span style=\"color: #000000;\">Arstcape)<\/span><br \/><span style=\"color: #000000;\">\u2022 Mobilit\u00e9 2 : Cape Town, Afrique du Sud, du 2 au 11 septembre 2018 (14 membres de Samba R\u00e9sille \/ 14 membres de Barefeet \/ 14 <\/span><span style=\"color: #000000;\">membres de Arstcape)<\/span><br \/><span style=\"color: #000000;\">\u2022 Mobilit\u00e9 3 : Toulouse, France, avril 2019 (14 membres de Samba R\u00e9sille \/ 14 membres de Barefeet \/ 14 membres de Arstcape)<\/span><br \/><span style=\"color: #000000;\">\u2022 Mobilit\u00e9 4 : Cape Town, Afrique du Sud, octobre 2019<\/span><\/p>\t\t\t\t\t\t\t\t<\/div>\n\t\t\t\t<\/div>\n\t\t\t\t\t<\/div>\n\t\t<\/div>\n\t\t\t\t\t<\/div>\n\t\t<\/section>\n\t\t\t\t<\/div>\n\t\t","protected":false},"excerpt":{"rendered":"<p>La construction culturelle de la jeunesse et la construction juv\u00e9nile de la cultureUnion Europ\u00e9enne \u2013 Programme Erasmus+ \u2013 Ka2 \u2013 Renforcement des capacit\u00e9s dans le domaine de la jeunesseSamba R\u00e9sille (France) \/ Artscape (Afrique du Sud) \/ Barefeet (Zambie) Retour sur la premi\u00e8re \u00e9tape (Lusaka \u2013 Zambia)Du 14 au 22 juillet 2018, 14 membres de Samba R\u00e9sille, 14 membres de Arstcape et 14 membres de Barefeet Theatre se sont rencontr\u00e9s \u00e0 Lusaka en Zambie. 42 personnes plong\u00e9es dans le quotidien de Barefeet Theatre, notre partenaire zambien ! Cette premi\u00e8re mobilit\u00e9 a permis \u00e0 tous les intervenants de pr\u00e9senter leur organisation et partager leurs exp\u00e9riences dans le domaine de la Jeunesse. Les partenaires ont pu d\u00e9couvrir et participer aux actions de Barefeet en direction des jeunes dans des \u00e9coles, des centres, des biblioth\u00e8ques ou des orphelinats. Ce s\u00e9jour a \u00e9galement permis des collaborations artistiques, des sessions de graff, des visites, d\u00e9bats ou des \u00e9changes gastronomiques\u2026 Une fa\u00e7on de partager la diversit\u00e9 musicale et culturelle. Ces \u00e9changes ont \u00e9t\u00e9 pr\u00e9sent\u00e9s \u00e0 l\u2019Alliance fran\u00e7aise de Lusaka en pr\u00e9sence de l\u2019ambassadeur fran\u00e7ais en Zambie et aux enfants lors des rencontres. Am\u00e9liorer les comp\u00e9tences sur l\u2019inclusion des jeunes les plus vuln\u00e9rablesCette mobilit\u00e9 est la premi\u00e8re d\u2019un cycle de 4 mobilit\u00e9s composant le projet \u00ab La construction culturelle de la jeunesse et la construction juv\u00e9nile de la culture \u00bb :\u2022 Mobilit\u00e9 1 : Lusaka, Zambie, du 14 au 22 juillet 2018 (14 membres de Samba R\u00e9sille \/ 14 membres de Barefeet \/ 14 membres de Arstcape)\u2022 Mobilit\u00e9 2 : Cape Town, Afrique du Sud, du 2 au 11 septembre 2018 (14 membres de Samba R\u00e9sille \/ 14 membres de Barefeet \/ 14 membres de Arstcape)\u2022 Mobilit\u00e9 3 : Toulouse, France, avril 2019 (14 membres de Samba R\u00e9sille \/ 14 membres de Barefeet \/ 14 membres de Arstcape)\u2022 Mobilit\u00e9 4 : Cape Town, Afrique du Sud, octobre 2019<\/p>\n","protected":false},"author":2,"featured_media":478,"comment_status":"closed","ping_status":"closed","sticky":false,"template":"","format":"standard","meta":{"footnotes":""},"categories":[67,74,41,28,75,76,40,42,60],"tags":[],"class_list":["post-436","post","type-post","status-publish","format-standard","has-post-thumbnail","hentry","category-67","category-age","category-annee","category-formation","category-geographie","category-objectifs","category-pays","category-projet-international","category-zambia"],"_links":{"self":[{"href":"https:\/\/samba-resille.org\/international-platform\/wp-json\/wp\/v2\/posts\/436","targetHints":{"allow":["GET"]}}],"collection":[{"href":"https:\/\/samba-resille.org\/international-platform\/wp-json\/wp\/v2\/posts"}],"about":[{"href":"https:\/\/samba-resille.org\/international-platform\/wp-json\/wp\/v2\/types\/post"}],"author":[{"embeddable":true,"href":"https:\/\/samba-resille.org\/international-platform\/wp-json\/wp\/v2\/users\/2"}],"replies":[{"embeddable":true,"href":"https:\/\/samba-resille.org\/international-platform\/wp-json\/wp\/v2\/comments?post=436"}],"version-history":[{"count":1,"href":"https:\/\/samba-resille.org\/international-platform\/wp-json\/wp\/v2\/posts\/436\/revisions"}],"predecessor-version":[{"id":7836,"href":"https:\/\/samba-resille.org\/international-platform\/wp-json\/wp\/v2\/posts\/436\/revisions\/7836"}],"wp:featuredmedia":[{"embeddable":true,"href":"https:\/\/samba-resille.org\/international-platform\/wp-json\/wp\/v2\/media\/478"}],"wp:attachment":[{"href":"https:\/\/samba-resille.org\/international-platform\/wp-json\/wp\/v2\/media?parent=436"}],"wp:term":[{"taxonomy":"category","embeddable":true,"href":"https:\/\/samba-resille.org\/international-platform\/wp-json\/wp\/v2\/categories?post=436"},{"taxonomy":"post_tag","embeddable":true,"href":"https:\/\/samba-resille.org\/international-platform\/wp-json\/wp\/v2\/tags?post=436"}],"curies":[{"name":"wp","href":"https:\/\/api.w.org\/{rel}","templated":true}]}}