{"id":442,"date":"2018-08-16T14:22:57","date_gmt":"2018-08-16T14:22:57","guid":{"rendered":"https:\/\/samba-resille.org\/international-platform\/?p=442"},"modified":"2024-03-25T11:06:12","modified_gmt":"2024-03-25T11:06:12","slug":"4eme-post-test-project","status":"publish","type":"post","link":"https:\/\/samba-resille.org\/international-platform\/2018\/08\/16\/4eme-post-test-project\/","title":{"rendered":"Samba R\u00e9sille \u00e0 Cape Town du 2 au 11 septembre"},"content":{"rendered":"\t\t<div data-elementor-type=\"wp-post\" data-elementor-id=\"442\" class=\"elementor elementor-442\" wpc-filter-elementor-widget=\"1\" data-elementor-post-type=\"post\">\n\t\t\t\t\t\t<section class=\"elementor-section elementor-top-section elementor-element elementor-element-1508a302 elementor-section-boxed elementor-section-height-default elementor-section-height-default wpr-particle-no wpr-jarallax-no wpr-parallax-no wpr-sticky-section-no wpr-equal-height-no\" data-id=\"1508a302\" data-element_type=\"section\" data-e-type=\"section\">\n\t\t\t\t\t\t<div class=\"elementor-container elementor-column-gap-default\">\n\t\t\t\t\t<div class=\"elementor-column elementor-col-100 elementor-top-column elementor-element elementor-element-7f313b86\" data-id=\"7f313b86\" data-element_type=\"column\" data-e-type=\"column\">\n\t\t\t<div class=\"elementor-widget-wrap elementor-element-populated\">\n\t\t\t\t\t\t<div class=\"elementor-element elementor-element-4b0ae644 elementor-widget elementor-widget-text-editor\" data-id=\"4b0ae644\" data-element_type=\"widget\" data-e-type=\"widget\" data-widget_type=\"text-editor.default\">\n\t\t\t\t<div class=\"elementor-widget-container\">\n\t\t\t\t\t\t\t\t\t<p><strong><span style=\"color: #000000;\">Samba R\u00e9sille (France) \/ Artscape (Afrique du Sud) \/ Barefeet (Zambie) pr\u00e9sentent : <br \/><\/span><\/strong><strong><span style=\"color: #000000;\">\u00ab La construction culturelle de la jeunesse et la construction juv\u00e9nile de la culture \u00bb<\/span><\/strong><br \/><span style=\"color: #000000;\">Avec le soutien du Programme Erasmus+ de l\u2019Union Europ\u00e9enne (Ka2 \u2013 Renforcement des capacit\u00e9s dans le domaine de la jeunesse)<\/span><\/p><p><span style=\"color: #000000;\">Un programme d\u2019\u00e9changes dans le but d\u2019am\u00e9liorer les capacit\u00e9s coop\u00e9ratives \u00e0 l\u2019international et la qualit\u00e9 de l\u2019animation socio-\u00e9ducative de toutes les parties prenantes et renforcer les capacit\u00e9s cr\u00e9atives et d\u2019innovation de tous les acteurs impliqu\u00e9s. Samba R\u00e9sille (France) coordonne ce projet financ\u00e9 par la Commission europ\u00e9enne (Programme Erasmus+) en partenariat avec <strong><a style=\"color: #000000;\" href=\"https:\/\/barefeettheatre.org\/\" target=\"_blank\" rel=\"noopener\">Barefeet Theatre<\/a><\/strong> (Zambie) et <strong><a style=\"color: #000000;\" href=\"http:\/\/www.artscape.co.za\/\" target=\"_blank\" rel=\"noopener\">Artscape<\/a> <\/strong>(Afrique Du Sud)<\/span><\/p><p><span style=\"color: #000000;\"><img fetchpriority=\"high\" decoding=\"async\" class=\"size-full wp-image-217 alignleft\" src=\"https:\/\/samba-resille.org\/international-platform\/wp-content\/uploads\/2018\/08\/artscape.jpg\" alt=\"\" width=\"251\" height=\"201\" srcset=\"https:\/\/samba-resille.org\/international-platform\/wp-content\/uploads\/2018\/08\/artscape.jpg 251w, https:\/\/samba-resille.org\/international-platform\/wp-content\/uploads\/2018\/08\/artscape-250x201.jpg 250w\" sizes=\"(max-width: 251px) 100vw, 251px\" \/><\/span><span style=\"color: #000000;\">Conf\u00e9rence de Presse, mercredi 5 septembre 2018, 18h<\/span><br \/><span style=\"color: #000000;\">Artscape Theatre Centre \u2013 Cape Town<\/span><br \/><span style=\"color: #000000;\">D.F. Malan St, Foreshore, Cape Town, 8001, Cape Town<\/span><\/p><p><span style=\"color: #000000;\"><strong>2<sup>e<\/sup> \u00e9tape du projet : du 2 au 11 septembre 2018 \u2013 Cape Town (Afrique du Sud)<\/strong><\/span><br \/><span style=\"color: #000000;\">Cette mobilit\u00e9 est la seconde d\u2019un cycle de 4 mobilit\u00e9s composant le projet.<\/span><br \/><span style=\"color: #000000;\">\u2022 Mobilit\u00e9 1 : Lusaka, Zambie, du 14 au 22 juillet 2018 (14 membres de Samba R\u00e9sille \/ 14 membres de Barefeet \/ 14 membres de Arstcape)<\/span><br \/><span style=\"color: #000000;\">\u2022 Mobilit\u00e9 2 : Cape Town, Afrique du Sud, du 2 au 11 septembre 2018 (14 membres de Samba R\u00e9sille \/ 14 membres de Barefeet \/ 14 membres de Arstcape)<\/span><br \/><span style=\"color: #000000;\">\u2022 Mobilit\u00e9 3 : Toulouse, France, avril 2019 (14 membres de Samba R\u00e9sille \/ 14 membres de Barefeet \/ 14 membres de Arstcape)<\/span><br \/><span style=\"color: #000000;\">\u2022 Mobilit\u00e9 4 : Cape Town, Afrique du Sud, novembre 2019<\/span><\/p><p><span style=\"color: #000000;\"><strong>D\u00e9couvrez le projet <\/strong><a style=\"color: #000000;\" href=\"https:\/\/samba-resille.org\/international-platform\/zambie-afrique-du-sud\/\" target=\"_blank\" rel=\"noopener\"><strong>&gt;&gt;&gt;<\/strong><\/a><\/span><\/p>\t\t\t\t\t\t\t\t<\/div>\n\t\t\t\t<\/div>\n\t\t\t\t\t<\/div>\n\t\t<\/div>\n\t\t\t\t\t<\/div>\n\t\t<\/section>\n\t\t\t\t<\/div>\n\t\t","protected":false},"excerpt":{"rendered":"<p>Samba R\u00e9sille (France) \/ Artscape (Afrique du Sud) \/ Barefeet (Zambie) pr\u00e9sentent : \u00ab La construction culturelle de la jeunesse et la construction juv\u00e9nile de la culture \u00bbAvec le soutien du Programme Erasmus+ de l\u2019Union Europ\u00e9enne (Ka2 \u2013 Renforcement des capacit\u00e9s dans le domaine de la jeunesse) Un programme d\u2019\u00e9changes dans le but d\u2019am\u00e9liorer les capacit\u00e9s coop\u00e9ratives \u00e0 l\u2019international et la qualit\u00e9 de l\u2019animation socio-\u00e9ducative de toutes les parties prenantes et renforcer les capacit\u00e9s cr\u00e9atives et d\u2019innovation de tous les acteurs impliqu\u00e9s. Samba R\u00e9sille (France) coordonne ce projet financ\u00e9 par la Commission europ\u00e9enne (Programme Erasmus+) en partenariat avec Barefeet Theatre (Zambie) et Artscape (Afrique Du Sud) Conf\u00e9rence de Presse, mercredi 5 septembre 2018, 18hArtscape Theatre Centre \u2013 Cape TownD.F. Malan St, Foreshore, Cape Town, 8001, Cape Town 2e \u00e9tape du projet : du 2 au 11 septembre 2018 \u2013 Cape Town (Afrique du Sud)Cette mobilit\u00e9 est la seconde d\u2019un cycle de 4 mobilit\u00e9s composant le projet.\u2022 Mobilit\u00e9 1 : Lusaka, Zambie, du 14 au 22 juillet 2018 (14 membres de Samba R\u00e9sille \/ 14 membres de Barefeet \/ 14 membres de Arstcape)\u2022 Mobilit\u00e9 2 : Cape Town, Afrique du Sud, du 2 au 11 septembre 2018 (14 membres de Samba R\u00e9sille \/ 14 membres de Barefeet \/ 14 membres de Arstcape)\u2022 Mobilit\u00e9 3 : Toulouse, France, avril 2019 (14 membres de Samba R\u00e9sille \/ 14 membres de Barefeet \/ 14 membres de Arstcape)\u2022 Mobilit\u00e9 4 : Cape Town, Afrique du Sud, novembre 2019 D\u00e9couvrez le projet &gt;&gt;&gt;<\/p>\n","protected":false},"author":2,"featured_media":217,"comment_status":"closed","ping_status":"closed","sticky":false,"template":"","format":"standard","meta":{"footnotes":""},"categories":[67,45,51,41,75,76,40,42,39],"tags":[],"class_list":["post-442","post","type-post","status-publish","format-standard","has-post-thumbnail","hentry","category-67","category-adultes","category-afrique-du-sud","category-annee","category-geographie","category-objectifs","category-pays","category-projet-international","category-stage-dobservation"],"_links":{"self":[{"href":"https:\/\/samba-resille.org\/international-platform\/wp-json\/wp\/v2\/posts\/442","targetHints":{"allow":["GET"]}}],"collection":[{"href":"https:\/\/samba-resille.org\/international-platform\/wp-json\/wp\/v2\/posts"}],"about":[{"href":"https:\/\/samba-resille.org\/international-platform\/wp-json\/wp\/v2\/types\/post"}],"author":[{"embeddable":true,"href":"https:\/\/samba-resille.org\/international-platform\/wp-json\/wp\/v2\/users\/2"}],"replies":[{"embeddable":true,"href":"https:\/\/samba-resille.org\/international-platform\/wp-json\/wp\/v2\/comments?post=442"}],"version-history":[{"count":1,"href":"https:\/\/samba-resille.org\/international-platform\/wp-json\/wp\/v2\/posts\/442\/revisions"}],"predecessor-version":[{"id":7832,"href":"https:\/\/samba-resille.org\/international-platform\/wp-json\/wp\/v2\/posts\/442\/revisions\/7832"}],"wp:featuredmedia":[{"embeddable":true,"href":"https:\/\/samba-resille.org\/international-platform\/wp-json\/wp\/v2\/media\/217"}],"wp:attachment":[{"href":"https:\/\/samba-resille.org\/international-platform\/wp-json\/wp\/v2\/media?parent=442"}],"wp:term":[{"taxonomy":"category","embeddable":true,"href":"https:\/\/samba-resille.org\/international-platform\/wp-json\/wp\/v2\/categories?post=442"},{"taxonomy":"post_tag","embeddable":true,"href":"https:\/\/samba-resille.org\/international-platform\/wp-json\/wp\/v2\/tags?post=442"}],"curies":[{"name":"wp","href":"https:\/\/api.w.org\/{rel}","templated":true}]}}