{"id":4499,"date":"2022-06-29T15:56:13","date_gmt":"2022-06-29T15:56:13","guid":{"rendered":"https:\/\/samba-resille.org\/international-platform\/?p=4499"},"modified":"2024-03-25T10:58:58","modified_gmt":"2024-03-25T10:58:58","slug":"accueil-dream-up-drum-up-toulouse","status":"publish","type":"post","link":"https:\/\/samba-resille.org\/international-platform\/2022\/06\/29\/accueil-dream-up-drum-up-toulouse\/","title":{"rendered":"Accueil \u00ab\u00a0Dream up! Drum up!\u00a0\u00bb- Toulouse"},"content":{"rendered":"\t\t<div data-elementor-type=\"wp-post\" data-elementor-id=\"4499\" class=\"elementor elementor-4499\" wpc-filter-elementor-widget=\"1\" data-elementor-post-type=\"post\">\n\t\t\t\t\t\t<section class=\"elementor-section elementor-top-section elementor-element elementor-element-f3a01ab elementor-section-boxed elementor-section-height-default elementor-section-height-default wpr-particle-no wpr-jarallax-no wpr-parallax-no wpr-sticky-section-no wpr-equal-height-no\" data-id=\"f3a01ab\" data-element_type=\"section\" data-e-type=\"section\">\n\t\t\t\t\t\t<div class=\"elementor-container elementor-column-gap-default\">\n\t\t\t\t\t<div class=\"elementor-column elementor-col-100 elementor-top-column elementor-element elementor-element-6027549\" data-id=\"6027549\" data-element_type=\"column\" data-e-type=\"column\">\n\t\t\t<div class=\"elementor-widget-wrap elementor-element-populated\">\n\t\t\t\t\t\t<div class=\"elementor-element elementor-element-4d191d0 elementor-widget elementor-widget-text-editor\" data-id=\"4d191d0\" data-element_type=\"widget\" data-e-type=\"widget\" data-widget_type=\"text-editor.default\">\n\t\t\t\t<div class=\"elementor-widget-container\">\n\t\t\t\t\t\t\t\t\t<p>Ils sont arriv\u00e9s, ils respirent la joie, le partage et la musique\u2026 Les d\u00e9l\u00e9gations Zambiennes et Sud-Africaines nous ont rejoint en cette fin de juin pour poursuivre avec Samba R\u00e9sille le projet \u201cDream up! Drum up!\u201d. Malgr\u00e9 d&rsquo;\u00e9normes difficult\u00e9s caus\u00e9es par les vols KLM, nous sommes tous r\u00e9unis !<\/p><p>Prenant la suite d\u2019un premier projet r\u00e9alis\u00e9 avec nos partenaires Artscape et Barefeet entre 2018 et 2020, \u00ab Dream up! Drum up! \u00bb poursuit l\u2019objectif global d\u2019organiser les conditions pour faire b\u00e9n\u00e9ficier les jeunes en situation de vuln\u00e9rabilit\u00e9 de dispositifs artistiques, socio-\u00e9ducatifs et manag\u00e9riaux de haute qualit\u00e9 pour les mobiliser, les connecter et les autonomiser de l\u2019\u00e9chelon local \u00e0 l\u2019\u00e9chelon international.<\/p>\t\t\t\t\t\t\t\t<\/div>\n\t\t\t\t<\/div>\n\t\t\t\t\t<\/div>\n\t\t<\/div>\n\t\t\t\t\t<\/div>\n\t\t<\/section>\n\t\t\t\t<section class=\"elementor-section elementor-top-section elementor-element elementor-element-640023a elementor-section-boxed elementor-section-height-default elementor-section-height-default wpr-particle-no wpr-jarallax-no wpr-parallax-no wpr-sticky-section-no wpr-equal-height-no\" data-id=\"640023a\" data-element_type=\"section\" data-e-type=\"section\">\n\t\t\t\t\t\t<div class=\"elementor-container elementor-column-gap-default\">\n\t\t\t\t\t<div class=\"elementor-column elementor-col-100 elementor-top-column elementor-element elementor-element-510a1a5\" data-id=\"510a1a5\" data-element_type=\"column\" data-e-type=\"column\">\n\t\t\t<div class=\"elementor-widget-wrap elementor-element-populated\">\n\t\t\t\t\t\t<div class=\"elementor-element elementor-element-f311643 elementor-widget elementor-widget-image\" data-id=\"f311643\" data-element_type=\"widget\" data-e-type=\"widget\" data-widget_type=\"image.default\">\n\t\t\t\t<div class=\"elementor-widget-container\">\n\t\t\t\t\t\t\t\t\t\t\t\t\t\t\t<img fetchpriority=\"high\" decoding=\"async\" width=\"400\" height=\"151\" src=\"https:\/\/samba-resille.org\/international-platform\/wp-content\/uploads\/2022\/03\/logo-dream-up.jpg\" class=\"attachment-large size-large wp-image-4190\" alt=\"\" srcset=\"https:\/\/samba-resille.org\/international-platform\/wp-content\/uploads\/2022\/03\/logo-dream-up.jpg 400w, https:\/\/samba-resille.org\/international-platform\/wp-content\/uploads\/2022\/03\/logo-dream-up-300x113.jpg 300w\" sizes=\"(max-width: 400px) 100vw, 400px\" \/>\t\t\t\t\t\t\t\t\t\t\t\t\t\t\t<\/div>\n\t\t\t\t<\/div>\n\t\t\t\t\t<\/div>\n\t\t<\/div>\n\t\t\t\t\t<\/div>\n\t\t<\/section>\n\t\t\t\t<section class=\"elementor-section elementor-top-section elementor-element elementor-element-1522537 elementor-section-boxed elementor-section-height-default elementor-section-height-default wpr-particle-no wpr-jarallax-no wpr-parallax-no wpr-sticky-section-no wpr-equal-height-no\" data-id=\"1522537\" data-element_type=\"section\" data-e-type=\"section\">\n\t\t\t\t\t\t<div class=\"elementor-container elementor-column-gap-default\">\n\t\t\t\t\t<div class=\"elementor-column elementor-col-100 elementor-top-column elementor-element elementor-element-4b30569\" data-id=\"4b30569\" data-element_type=\"column\" data-e-type=\"column\">\n\t\t\t<div class=\"elementor-widget-wrap elementor-element-populated\">\n\t\t\t\t\t\t<div class=\"elementor-element elementor-element-faed1cb elementor-widget elementor-widget-text-editor\" data-id=\"faed1cb\" data-element_type=\"widget\" data-e-type=\"widget\" data-widget_type=\"text-editor.default\">\n\t\t\t\t<div class=\"elementor-widget-container\">\n\t\t\t\t\t\t\t\t\t<p>Apr\u00e8s une semaine tr\u00e8s riche durant la premi\u00e8re mobilit\u00e9 \u00e0 Lusaka du 25 mars au 3 avril, Samba R\u00e9sille accueille la deuxi\u00e8me \u00e9tape du projet, du 26 juin au 5 juillet !\u00a0<\/p><p>Nous f\u00eaterons aussi l\u2019anniversaire de notre association en leur compagnie, nous pr\u00e9parons une programmation collaborative pour animer le repas de quartier et restituer le fruit de tout ce travail. Ce travail sera aussi pr\u00e9sent\u00e9 sous forme d\u2019un colloque et d\u2019une monstration \u00e0 l\u2019occasion de la 7eme Rencontre des Etudes Africaines en France, \u00e0 l\u2019Universit\u00e9 Toulouse Jean Jaur\u00e8s le jeudi 30 juin.<\/p>\t\t\t\t\t\t\t\t<\/div>\n\t\t\t\t<\/div>\n\t\t\t\t\t<\/div>\n\t\t<\/div>\n\t\t\t\t\t<\/div>\n\t\t<\/section>\n\t\t\t\t<section class=\"elementor-section elementor-top-section elementor-element elementor-element-9c18f17 elementor-section-boxed elementor-section-height-default elementor-section-height-default wpr-particle-no wpr-jarallax-no wpr-parallax-no wpr-sticky-section-no wpr-equal-height-no\" data-id=\"9c18f17\" data-element_type=\"section\" data-e-type=\"section\">\n\t\t\t\t\t\t<div class=\"elementor-container elementor-column-gap-default\">\n\t\t\t\t\t<div class=\"elementor-column elementor-col-100 elementor-top-column elementor-element elementor-element-33d532b\" data-id=\"33d532b\" data-element_type=\"column\" data-e-type=\"column\">\n\t\t\t<div class=\"elementor-widget-wrap elementor-element-populated\">\n\t\t\t\t\t\t<div class=\"elementor-element elementor-element-04edb89 elementor-widget elementor-widget-text-editor\" data-id=\"04edb89\" data-element_type=\"widget\" data-e-type=\"widget\" data-widget_type=\"text-editor.default\">\n\t\t\t\t<div class=\"elementor-widget-container\">\n\t\t\t\t\t\t\t\t\t<p>Cr\u00e9dit photo : Oliana Lassalle<\/p>\t\t\t\t\t\t\t\t<\/div>\n\t\t\t\t<\/div>\n\t\t\t\t\t<\/div>\n\t\t<\/div>\n\t\t\t\t\t<\/div>\n\t\t<\/section>\n\t\t\t\t<\/div>\n\t\t","protected":false},"excerpt":{"rendered":"<p>Ils sont arriv\u00e9s, ils respirent la joie, le partage et la musique\u2026 Les d\u00e9l\u00e9gations Zambiennes et Sud-Africaines nous ont rejoint en cette fin de juin pour poursuivre avec Samba R\u00e9sille le projet \u201cDream up! Drum up!\u201d. Malgr\u00e9 d&rsquo;\u00e9normes difficult\u00e9s caus\u00e9es par les vols KLM, nous sommes tous r\u00e9unis ! Prenant la suite d\u2019un premier projet r\u00e9alis\u00e9 avec nos partenaires Artscape et Barefeet entre 2018 et 2020, \u00ab Dream up! Drum up! \u00bb poursuit l\u2019objectif global d\u2019organiser les conditions pour faire b\u00e9n\u00e9ficier les jeunes en situation de vuln\u00e9rabilit\u00e9 de dispositifs artistiques, socio-\u00e9ducatifs et manag\u00e9riaux de haute qualit\u00e9 pour les mobiliser, les connecter et les autonomiser de l\u2019\u00e9chelon local \u00e0 l\u2019\u00e9chelon international. Apr\u00e8s une semaine tr\u00e8s riche durant la premi\u00e8re mobilit\u00e9 \u00e0 Lusaka du 25 mars au 3 avril, Samba R\u00e9sille accueille la deuxi\u00e8me \u00e9tape du projet, du 26 juin au 5 juillet !\u00a0 Nous f\u00eaterons aussi l\u2019anniversaire de notre association en leur compagnie, nous pr\u00e9parons une programmation collaborative pour animer le repas de quartier et restituer le fruit de tout ce travail. Ce travail sera aussi pr\u00e9sent\u00e9 sous forme d\u2019un colloque et d\u2019une monstration \u00e0 l\u2019occasion de la 7eme Rencontre des Etudes Africaines en France, \u00e0 l\u2019Universit\u00e9 Toulouse Jean Jaur\u00e8s le jeudi 30 juin. Cr\u00e9dit photo : Oliana Lassalle<\/p>\n","protected":false},"author":2,"featured_media":4497,"comment_status":"closed","ping_status":"closed","sticky":false,"template":"","format":"standard","meta":{"footnotes":""},"categories":[61,45,51,74,41,28,75,76,40,42],"tags":[],"class_list":["post-4499","post","type-post","status-publish","format-standard","has-post-thumbnail","hentry","category-61","category-adultes","category-afrique-du-sud","category-age","category-annee","category-formation","category-geographie","category-objectifs","category-pays","category-projet-international"],"_links":{"self":[{"href":"https:\/\/samba-resille.org\/international-platform\/wp-json\/wp\/v2\/posts\/4499","targetHints":{"allow":["GET"]}}],"collection":[{"href":"https:\/\/samba-resille.org\/international-platform\/wp-json\/wp\/v2\/posts"}],"about":[{"href":"https:\/\/samba-resille.org\/international-platform\/wp-json\/wp\/v2\/types\/post"}],"author":[{"embeddable":true,"href":"https:\/\/samba-resille.org\/international-platform\/wp-json\/wp\/v2\/users\/2"}],"replies":[{"embeddable":true,"href":"https:\/\/samba-resille.org\/international-platform\/wp-json\/wp\/v2\/comments?post=4499"}],"version-history":[{"count":1,"href":"https:\/\/samba-resille.org\/international-platform\/wp-json\/wp\/v2\/posts\/4499\/revisions"}],"predecessor-version":[{"id":7799,"href":"https:\/\/samba-resille.org\/international-platform\/wp-json\/wp\/v2\/posts\/4499\/revisions\/7799"}],"wp:featuredmedia":[{"embeddable":true,"href":"https:\/\/samba-resille.org\/international-platform\/wp-json\/wp\/v2\/media\/4497"}],"wp:attachment":[{"href":"https:\/\/samba-resille.org\/international-platform\/wp-json\/wp\/v2\/media?parent=4499"}],"wp:term":[{"taxonomy":"category","embeddable":true,"href":"https:\/\/samba-resille.org\/international-platform\/wp-json\/wp\/v2\/categories?post=4499"},{"taxonomy":"post_tag","embeddable":true,"href":"https:\/\/samba-resille.org\/international-platform\/wp-json\/wp\/v2\/tags?post=4499"}],"curies":[{"name":"wp","href":"https:\/\/api.w.org\/{rel}","templated":true}]}}