{"id":6149,"date":"2023-04-04T08:43:18","date_gmt":"2023-04-04T08:43:18","guid":{"rendered":"https:\/\/samba-resille.org\/international-platform\/?p=6149"},"modified":"2024-03-25T10:54:34","modified_gmt":"2024-03-25T10:54:34","slug":"depart-berlin-24-au-30-avril","status":"publish","type":"post","link":"https:\/\/samba-resille.org\/international-platform\/2023\/04\/04\/depart-berlin-24-au-30-avril\/","title":{"rendered":"D\u00e9part Berlin &#8211; 24 au 30 avril"},"content":{"rendered":"\t\t<div data-elementor-type=\"wp-post\" data-elementor-id=\"6149\" class=\"elementor elementor-6149\" wpc-filter-elementor-widget=\"1\" data-elementor-post-type=\"post\">\n\t\t\t\t\t\t<section class=\"elementor-section elementor-top-section elementor-element elementor-element-2aa78f5 elementor-section-boxed elementor-section-height-default elementor-section-height-default wpr-particle-no wpr-jarallax-no wpr-parallax-no wpr-sticky-section-no wpr-equal-height-no\" data-id=\"2aa78f5\" data-element_type=\"section\" data-e-type=\"section\">\n\t\t\t\t\t\t<div class=\"elementor-container elementor-column-gap-default\">\n\t\t\t\t\t<div class=\"elementor-column elementor-col-50 elementor-top-column elementor-element elementor-element-795c376\" data-id=\"795c376\" data-element_type=\"column\" data-e-type=\"column\">\n\t\t\t<div class=\"elementor-widget-wrap elementor-element-populated\">\n\t\t\t\t\t\t<div class=\"elementor-element elementor-element-31d54a6 elementor-widget elementor-widget-image\" data-id=\"31d54a6\" data-element_type=\"widget\" data-e-type=\"widget\" data-widget_type=\"image.default\">\n\t\t\t\t<div class=\"elementor-widget-container\">\n\t\t\t\t\t\t\t\t\t\t\t\t\t\t\t<img fetchpriority=\"high\" decoding=\"async\" width=\"800\" height=\"600\" src=\"https:\/\/samba-resille.org\/international-platform\/wp-content\/uploads\/2023\/04\/WhatsApp-Image-2023-03-18-at-12.24.28-1-1024x768.jpeg\" class=\"attachment-large size-large wp-image-6134\" alt=\"\" srcset=\"https:\/\/samba-resille.org\/international-platform\/wp-content\/uploads\/2023\/04\/WhatsApp-Image-2023-03-18-at-12.24.28-1-1024x768.jpeg 1024w, https:\/\/samba-resille.org\/international-platform\/wp-content\/uploads\/2023\/04\/WhatsApp-Image-2023-03-18-at-12.24.28-1-300x225.jpeg 300w, https:\/\/samba-resille.org\/international-platform\/wp-content\/uploads\/2023\/04\/WhatsApp-Image-2023-03-18-at-12.24.28-1-768x576.jpeg 768w, https:\/\/samba-resille.org\/international-platform\/wp-content\/uploads\/2023\/04\/WhatsApp-Image-2023-03-18-at-12.24.28-1-1536x1153.jpeg 1536w, https:\/\/samba-resille.org\/international-platform\/wp-content\/uploads\/2023\/04\/WhatsApp-Image-2023-03-18-at-12.24.28-1-16x12.jpeg 16w, https:\/\/samba-resille.org\/international-platform\/wp-content\/uploads\/2023\/04\/WhatsApp-Image-2023-03-18-at-12.24.28-1-24x18.jpeg 24w, https:\/\/samba-resille.org\/international-platform\/wp-content\/uploads\/2023\/04\/WhatsApp-Image-2023-03-18-at-12.24.28-1-36x27.jpeg 36w, https:\/\/samba-resille.org\/international-platform\/wp-content\/uploads\/2023\/04\/WhatsApp-Image-2023-03-18-at-12.24.28-1-48x36.jpeg 48w, https:\/\/samba-resille.org\/international-platform\/wp-content\/uploads\/2023\/04\/WhatsApp-Image-2023-03-18-at-12.24.28-1.jpeg 1599w\" sizes=\"(max-width: 800px) 100vw, 800px\" \/>\t\t\t\t\t\t\t\t\t\t\t\t\t\t\t<\/div>\n\t\t\t\t<\/div>\n\t\t\t\t\t<\/div>\n\t\t<\/div>\n\t\t\t\t<div class=\"elementor-column elementor-col-50 elementor-top-column elementor-element elementor-element-d23349a\" data-id=\"d23349a\" data-element_type=\"column\" data-e-type=\"column\">\n\t\t\t<div class=\"elementor-widget-wrap elementor-element-populated\">\n\t\t\t\t\t\t<div class=\"elementor-element elementor-element-2c6438b elementor-widget elementor-widget-text-editor\" data-id=\"2c6438b\" data-element_type=\"widget\" data-e-type=\"widget\" data-widget_type=\"text-editor.default\">\n\t\t\t\t<div class=\"elementor-widget-container\">\n\t\t\t\t\t\t\t\t\t<p>Cette mobilit\u00e9 est \u00e0 destination\u00a0des b\u00e9n\u00e9voles et salari\u00e9s de\u00a0Samba R\u00e9sille et du Comit\u00e9 d&rsquo;Organisation du Carnaval de Toulouse (COCU).\u00a0<\/p><p>Prenant place\u00a0dans les locaux de\u00a0notre partenaire Artistania, organisateur\u00a0du Karneval der Zukunft (Carnaval du Futur), dans le quartier de Neuk\u00f6lln, \u00e0 Berlin, elle sera centr\u00e9e autour de l&rsquo;animation de 3 ateliers, au choix :<\/p><p>&#8211; Construction de\u00a0<strong>marionnettes g\u00e9antes<\/strong><\/p><p>&#8211; Confection de\u00a0<strong>masques en mat\u00e9riaux recycl\u00e9s<\/strong><\/p><p>&#8211; Confection de\u00a0<strong>costumes en mat\u00e9riaux recycl\u00e9s<\/strong><\/p><p><strong>\u00a0<\/strong><\/p><p><strong>\u00a0<\/strong><\/p><p><strong>\u00a0<\/strong><\/p><p><em>Suivez les aventures de la mobilit\u00e9 sur nos r\u00e9seaux sociaux !<\/em><\/p>\t\t\t\t\t\t\t\t<\/div>\n\t\t\t\t<\/div>\n\t\t\t\t\t<\/div>\n\t\t<\/div>\n\t\t\t\t\t<\/div>\n\t\t<\/section>\n\t\t\t\t<\/div>\n\t\t","protected":false},"excerpt":{"rendered":"<p>Cette mobilit\u00e9 est \u00e0 destination\u00a0des b\u00e9n\u00e9voles et salari\u00e9s de\u00a0Samba R\u00e9sille et du Comit\u00e9 d&rsquo;Organisation du Carnaval de Toulouse (COCU).\u00a0 Prenant place\u00a0dans les locaux de\u00a0notre partenaire Artistania, organisateur\u00a0du Karneval der Zukunft (Carnaval du Futur), dans le quartier de Neuk\u00f6lln, \u00e0 Berlin, elle sera centr\u00e9e autour de l&rsquo;animation de 3 ateliers, au choix : &#8211; Construction de\u00a0marionnettes g\u00e9antes &#8211; Confection de\u00a0masques en mat\u00e9riaux recycl\u00e9s &#8211; Confection de\u00a0costumes en mat\u00e9riaux recycl\u00e9s \u00a0 \u00a0 \u00a0 Suivez les aventures de la mobilit\u00e9 sur nos r\u00e9seaux sociaux !<\/p>\n","protected":false},"author":5,"featured_media":6019,"comment_status":"closed","ping_status":"closed","sticky":false,"template":"","format":"standard","meta":{"footnotes":""},"categories":[61,45,74,57,41,28,75,76,40,43],"tags":[],"class_list":["post-6149","post","type-post","status-publish","format-standard","has-post-thumbnail","hentry","category-61","category-adultes","category-age","category-allemagne","category-annee","category-formation","category-geographie","category-objectifs","category-pays","category-projet-europeen"],"_links":{"self":[{"href":"https:\/\/samba-resille.org\/international-platform\/wp-json\/wp\/v2\/posts\/6149","targetHints":{"allow":["GET"]}}],"collection":[{"href":"https:\/\/samba-resille.org\/international-platform\/wp-json\/wp\/v2\/posts"}],"about":[{"href":"https:\/\/samba-resille.org\/international-platform\/wp-json\/wp\/v2\/types\/post"}],"author":[{"embeddable":true,"href":"https:\/\/samba-resille.org\/international-platform\/wp-json\/wp\/v2\/users\/5"}],"replies":[{"embeddable":true,"href":"https:\/\/samba-resille.org\/international-platform\/wp-json\/wp\/v2\/comments?post=6149"}],"version-history":[{"count":4,"href":"https:\/\/samba-resille.org\/international-platform\/wp-json\/wp\/v2\/posts\/6149\/revisions"}],"predecessor-version":[{"id":6153,"href":"https:\/\/samba-resille.org\/international-platform\/wp-json\/wp\/v2\/posts\/6149\/revisions\/6153"}],"wp:featuredmedia":[{"embeddable":true,"href":"https:\/\/samba-resille.org\/international-platform\/wp-json\/wp\/v2\/media\/6019"}],"wp:attachment":[{"href":"https:\/\/samba-resille.org\/international-platform\/wp-json\/wp\/v2\/media?parent=6149"}],"wp:term":[{"taxonomy":"category","embeddable":true,"href":"https:\/\/samba-resille.org\/international-platform\/wp-json\/wp\/v2\/categories?post=6149"},{"taxonomy":"post_tag","embeddable":true,"href":"https:\/\/samba-resille.org\/international-platform\/wp-json\/wp\/v2\/tags?post=6149"}],"curies":[{"name":"wp","href":"https:\/\/api.w.org\/{rel}","templated":true}]}}