{"id":6870,"date":"2023-11-10T12:05:33","date_gmt":"2023-11-10T12:05:33","guid":{"rendered":"https:\/\/samba-resille.org\/international-platform\/?p=6870"},"modified":"2024-10-24T14:53:45","modified_gmt":"2024-10-24T14:53:45","slug":"raiz-racines-salvador-de-bahia","status":"publish","type":"post","link":"https:\/\/samba-resille.org\/international-platform\/2023\/11\/10\/raiz-racines-salvador-de-bahia\/","title":{"rendered":"Raiz\/Racines \u2013 Salvador de Bahia"},"content":{"rendered":"\t\t<div data-elementor-type=\"wp-post\" data-elementor-id=\"6870\" class=\"elementor elementor-6870\" wpc-filter-elementor-widget=\"1\" data-elementor-post-type=\"post\">\n\t\t\t\t\t\t<section class=\"elementor-section elementor-top-section elementor-element elementor-element-69b70ec elementor-section-boxed elementor-section-height-default elementor-section-height-default wpr-particle-no wpr-jarallax-no wpr-parallax-no wpr-sticky-section-no wpr-equal-height-no\" data-id=\"69b70ec\" data-element_type=\"section\" data-e-type=\"section\">\n\t\t\t\t\t\t<div class=\"elementor-container elementor-column-gap-default\">\n\t\t\t\t\t<div class=\"elementor-column elementor-col-100 elementor-top-column elementor-element elementor-element-9e0f584\" data-id=\"9e0f584\" data-element_type=\"column\" data-e-type=\"column\">\n\t\t\t<div class=\"elementor-widget-wrap elementor-element-populated\">\n\t\t\t\t\t\t<div class=\"elementor-element elementor-element-7bada2e elementor-widget elementor-widget-html\" data-id=\"7bada2e\" data-element_type=\"widget\" data-e-type=\"widget\" data-widget_type=\"html.default\">\n\t\t\t\t<div class=\"elementor-widget-container\">\n\t\t\t\t\t<div style=\"width: 100%;\"><div style=\"position: relative; padding-bottom: 56.25%; padding-top: 0; height: 0;\"><iframe title=\"RAIZ \/ Racine - \u00ab Soutenir les actions de coop\u00e9ration artistiques et c\" frameborder=\"0\" width=\"1200\" height=\"675\" style=\"position: absolute; top: 0; left: 0; width: 100%; height: 100%;\" src=\"https:\/\/view.genially.com\/66d71c81394a4c2660de00a7\" type=\"text\/html\" allowscriptaccess=\"always\" allowfullscreen=\"true\" scrolling=\"yes\" allownetworking=\"all\"><\/iframe> <\/div> <\/div>\t\t\t\t<\/div>\n\t\t\t\t<\/div>\n\t\t\t\t\t<\/div>\n\t\t<\/div>\n\t\t\t\t\t<\/div>\n\t\t<\/section>\n\t\t\t\t<section class=\"elementor-section elementor-top-section elementor-element elementor-element-ca39ae1 elementor-section-boxed elementor-section-height-default elementor-section-height-default wpr-particle-no wpr-jarallax-no wpr-parallax-no wpr-sticky-section-no wpr-equal-height-no\" data-id=\"ca39ae1\" data-element_type=\"section\" data-e-type=\"section\">\n\t\t\t\t\t\t<div class=\"elementor-container elementor-column-gap-default\">\n\t\t\t\t\t<div class=\"elementor-column elementor-col-50 elementor-top-column elementor-element elementor-element-0c2a580\" data-id=\"0c2a580\" data-element_type=\"column\" data-e-type=\"column\">\n\t\t\t<div class=\"elementor-widget-wrap elementor-element-populated\">\n\t\t\t\t\t\t<div class=\"elementor-element elementor-element-4f991d1 elementor-widget elementor-widget-image\" data-id=\"4f991d1\" data-element_type=\"widget\" data-e-type=\"widget\" data-widget_type=\"image.default\">\n\t\t\t\t<div class=\"elementor-widget-container\">\n\t\t\t\t\t\t\t\t\t\t\t\t\t\t\t<img decoding=\"async\" src=\"https:\/\/samba-resille.org\/international-platform\/wp-content\/uploads\/elementor\/thumbs\/couverture-qf5kruhr74cy5nm9oihnyapsqfte220r5pr4khiygw.jpg\" title=\"couverture.jpg\" alt=\"couverture.jpg\" loading=\"lazy\" \/>\t\t\t\t\t\t\t\t\t\t\t\t\t\t\t<\/div>\n\t\t\t\t<\/div>\n\t\t\t\t<div class=\"elementor-element elementor-element-b6df1a3 elementor-widget elementor-widget-image\" data-id=\"b6df1a3\" data-element_type=\"widget\" data-e-type=\"widget\" data-widget_type=\"image.default\">\n\t\t\t\t<div class=\"elementor-widget-container\">\n\t\t\t\t\t\t\t\t\t\t\t\t\t\t\t<img decoding=\"async\" src=\"https:\/\/samba-resille.org\/international-platform\/wp-content\/uploads\/elementor\/thumbs\/salvador-qpzin2flzeixzaoor4c5197gml9zcvybqwn2i6yv40.jpg\" title=\"salvador\" alt=\"salvador\" loading=\"lazy\" \/>\t\t\t\t\t\t\t\t\t\t\t\t\t\t\t<\/div>\n\t\t\t\t<\/div>\n\t\t\t\t\t<\/div>\n\t\t<\/div>\n\t\t\t\t<div class=\"elementor-column elementor-col-50 elementor-top-column elementor-element elementor-element-4396558\" data-id=\"4396558\" data-element_type=\"column\" data-e-type=\"column\">\n\t\t\t<div class=\"elementor-widget-wrap elementor-element-populated\">\n\t\t\t\t\t\t<div class=\"elementor-element elementor-element-617080f elementor-widget elementor-widget-text-editor\" data-id=\"617080f\" data-element_type=\"widget\" data-e-type=\"widget\" data-widget_type=\"text-editor.default\">\n\t\t\t\t<div class=\"elementor-widget-container\">\n\t\t\t\t\t\t\t\t\t<p><strong>Raiz\/Racines<br>Un projet avec Samba R\u00e9sille (Toulouse, FR) \u2010 Fondation Pierre Verger (Salvador de Bahia, BR) et avec le soutien de la Mairie de Toulouse et l\u2019Institut fran\u00e7ais<\/strong><\/p>\n<p>RAIZ\/RACINES est un projet de cr\u00e9ation artistique qui fait se rencontrer la musique br\u00e9silienne de candombl\u00e9 et le beatmaking, ainsi qu&rsquo;un programme d\u2019\u00e9change et d\u2019\u00e9ducation interculturels autour des th\u00e9matiques contemporaines des h\u00e9ritages et des identit\u00e9s. Religion afro\u2010br\u00e9silienne originaire d\u2019Afrique de l\u2019Ouest, le candombl\u00e9 a \u00e9t\u00e9 historiquement tout autant un espace de r\u00e9africanisation pour les afrodescendants qu&rsquo;une matrice o\u00f9 ont fusionn\u00e9 les cultures d&rsquo;Afrique et d&rsquo;Europe, engendrant les musiques populaires br\u00e9siliennes. Le beatmaking est l\u2019art de composition musicale \u00e9lectronique qui alimente des styles aussi divers que le rap, le hip\u2010hop, les musiques \u00e9lectro.<\/p>\n<p><strong>Mobilit\u00e9s Salvador de Bahia 15\u201025 novembre 2023 \/ Toulouse 20 juin-1er juillet 2024<br><\/strong><\/p>\n<p>Le projet pr\u00e9voit une premi\u00e8re r\u00e9sidence d\u2019artistes et de sp\u00e9cialistes culturels \u00e0 Salvador de Bahia, qui concevront des contenus artistiques et des modalit\u00e9s de coop\u00e9ration respectueuses des h\u00e9ritages et des individus, afin de pr\u00e9parer la seconde s\u00e9quence \u00e0 Toulouse au mois de juin 2024 qui pr\u00e9voit l\u2019inclusion de plus larges publics.\u200d<\/p>\t\t\t\t\t\t\t\t<\/div>\n\t\t\t\t<\/div>\n\t\t\t\t<div class=\"elementor-element elementor-element-71bf1b7 elementor-widget elementor-widget-image\" data-id=\"71bf1b7\" data-element_type=\"widget\" data-e-type=\"widget\" data-widget_type=\"image.default\">\n\t\t\t\t<div class=\"elementor-widget-container\">\n\t\t\t\t\t\t\t\t\t\t\t\t\t\t\t<img decoding=\"async\" src=\"https:\/\/samba-resille.org\/international-platform\/wp-content\/uploads\/elementor\/thumbs\/WhatsApp-Image-2024-06-21-at-14.10.23-qpzhw69ug1plsxqzshuep1iorptx4n6spsoy76ud4w.jpeg\" title=\"WhatsApp Image 2024-06-21 at 14.10.23\" alt=\"WhatsApp Image 2024-06-21 at 14.10.23\" loading=\"lazy\" \/>\t\t\t\t\t\t\t\t\t\t\t\t\t\t\t<\/div>\n\t\t\t\t<\/div>\n\t\t\t\t\t<\/div>\n\t\t<\/div>\n\t\t\t\t\t<\/div>\n\t\t<\/section>\n\t\t\t\t<section class=\"elementor-section elementor-top-section elementor-element elementor-element-d452fab elementor-section-boxed elementor-section-height-default elementor-section-height-default wpr-particle-no wpr-jarallax-no wpr-parallax-no wpr-sticky-section-no wpr-equal-height-no\" data-id=\"d452fab\" data-element_type=\"section\" data-e-type=\"section\">\n\t\t\t\t\t\t<div class=\"elementor-container elementor-column-gap-default\">\n\t\t\t\t\t<div class=\"elementor-column elementor-col-50 elementor-top-column elementor-element elementor-element-cc54d06\" data-id=\"cc54d06\" data-element_type=\"column\" data-e-type=\"column\">\n\t\t\t<div class=\"elementor-widget-wrap elementor-element-populated\">\n\t\t\t\t\t\t<div class=\"elementor-element elementor-element-563a502 elementor-widget elementor-widget-text-editor\" data-id=\"563a502\" data-element_type=\"widget\" data-e-type=\"widget\" data-widget_type=\"text-editor.default\">\n\t\t\t\t<div class=\"elementor-widget-container\">\n\t\t\t\t\t\t\t\t\t<p><strong>Le projet RAIZ \/ RACINES con\u00e7u par Samba R\u00e9sille, Toulouse et la Fondation Pierre Verger de Salvador de Bahia, Br\u00e9sil, est \u00e0 la fois :<\/strong><\/p><p>\u2022 Un programme de cr\u00e9ation artistique qui fait se rencontrer la musique br\u00e9silienne de candombl\u00e9, le beatmaking et la voix (chant et conte)<br \/>\u2022 Un programme d\u2019\u00e9change et d\u2019\u00e9ducation interculturels autour des th\u00e9matiques contemporaines des h\u00e9ritages et des identit\u00e9s<br \/>\u2022 Une constitution d\u2019un r\u00e9seau de personnes\u2010cl\u00e9s susceptibles d\u2019\u00eatre mobilis\u00e9es pour une coop\u00e9ration entre les deux villes de Toulouse et Salvador De Bahia.<\/p><p><strong>Pour ce faire, le projet pr\u00e9voit :<\/strong><\/p><p>\u2022 Une r\u00e9sidence d\u2019artistes et de sp\u00e9cialistes culturels \u00e0 Salvador de Bahia, qui concevront non seulement des contenus artistiques, mais aussi des modalit\u00e9s de coop\u00e9ration respectueuses des<br \/>h\u00e9ritages et des individus, permettant l\u2019inclusion de plus larges publics afin de pr\u00e9parer la seconde s\u00e9quence \u00e0 Toulouse. Cette premi\u00e8re \u00e9tape donnera lieu \u00e0 une sortie de r\u00e9sidence dans le cadre du mois de la conscience noire \u00e0 Salvador.<br \/>\u2022 Une seconde s\u00e9quence r\u00e9alis\u00e9e \u00e0 Toulouse combinera l\u2019animation d\u2019un espace de dialogue interculturel et celle d&rsquo;un espace de cr\u00e9ation participative propre \u00e0 la m\u00e9thodologie d\u2019\u00e9ducation populaire de Samba R\u00e9sille, c\u2019est\u2010\u00e0\u2010dire ouvert aux amateurs, aux larges audiences et aux pratiques festives de rue. Le premier espace comprendra destemps de conte de candombl\u00e9, d\u2019exposition autour de la figure de Pierre Verger, photographe\u2010anthropologue fran\u00e7aissp\u00e9cialiste du candombl\u00e9 qui a v\u00e9cu la majeure partie de sa vie dans les quartiers populaires de Bahia, et enfin de dialogue avec des outils d\u2019animation et de m\u00e9diation interculturelles. Le deuxi\u00e8me espace comprendra des temps d\u2019\u00e9changes et de conception entre artistes professionnels et amateurs, et des ateliers de pratique pour aboutir \u00e0 une production artistique destin\u00e9e au Carnaval de Toulouse.<\/p>\t\t\t\t\t\t\t\t<\/div>\n\t\t\t\t<\/div>\n\t\t\t\t\t<\/div>\n\t\t<\/div>\n\t\t\t\t<div class=\"elementor-column elementor-col-50 elementor-top-column elementor-element elementor-element-3c8d014\" data-id=\"3c8d014\" data-element_type=\"column\" data-e-type=\"column\">\n\t\t\t<div class=\"elementor-widget-wrap elementor-element-populated\">\n\t\t\t\t\t\t<div class=\"elementor-element elementor-element-b9cc133 elementor-widget elementor-widget-text-editor\" data-id=\"b9cc133\" data-element_type=\"widget\" data-e-type=\"widget\" data-widget_type=\"text-editor.default\">\n\t\t\t\t<div class=\"elementor-widget-container\">\n\t\t\t\t\t\t\t\t\t<p><strong><span style=\"text-decoration: underline;\">Objectif principal<\/span> : renforcer les capacit\u00e9s des deux organisations partenaires \u00e0 renouer le fil de<\/strong><br \/><strong>l\u2019histoire construite dans les ann\u00e9es 80 entre Salvador et Toulouse, toutes les deux \u201cvilles cr\u00e9atives<\/strong><br \/><strong>musique\u201d UNESCO.<\/strong><\/p><p><span style=\"text-decoration: underline;\">Le candombl\u00e9:<\/span><br \/>Religion afro\u2010br\u00e9silienne qui s\u2019est d\u00e9velopp\u00e9e \u00e0 partir du XVIe si\u00e8cle \u00e0 Salvador de Bahia, premi\u00e8re capitale du Br\u00e9sil. Cr\u00e9\u00e9 \u00e0 partir des cultes import\u00e9s d\u2019Afrique par les esclaves pendant la traite, le candombl\u00e9 est une religion m\u00e9tiss\u00e9e qui int\u00e8gre aussi des \u00e9l\u00e9ments du catholicisme et des religions am\u00e9rindiennes. Tr\u00e8ssemblable au vodun d\u2019Afrique de l\u2019Ouest, il repose sur le culte de divinit\u00e9s appel\u00e9es orix\u00e1s, la divination (le F\u00e1) et les pratiques sacrificielles. Spectaculaires, les c\u00e9r\u00e9monies de candombl\u00e9 mettent en sc\u00e8ne la transe d\u2019initi\u00e9s costum\u00e9s qui incorporent leurs orix\u00e1s tut\u00e9laires au fil danses complexes et orchestr\u00e9es par les tambours et les chants.<\/p><p><span style=\"text-decoration: underline;\">Le beatmaking:<\/span><br \/>Le beatmaking est la cr\u00e9ation des pistes musicales et rythmiques\u00a0 (\u201cbeats\u201d) qui structurent notamment les morceaux de hip\u2010hop et de rap. Il est intrins\u00e8quement li\u00e9 aux \u00e9volutions technologiques ayant permis de se passer des musiciens professionnels et des studios en usant plut\u00f4t de \u201csamples\u201d (\u00e9chantillons). La recherche d\u2019extraits (\u201cdiggin\u2019\u201d) se fait essentiellement sur les supports vinyles trouv\u00e9s chez les disquaires. Les \u201cLoop Sessions\u201d, rencontres cr\u00e9atives de beatmakers qui con\u00e7oivent des pistes instrumentales sur la m\u00eame base d\u2019\u00e9chantillons, sont n\u00e9es \u00e0 S\u00e3o Paulo au Br\u00e9sil, et ont fait \u00e9merger une v\u00e9ritable communaut\u00e9 mondiale de beatmaking.<\/p>\t\t\t\t\t\t\t\t<\/div>\n\t\t\t\t<\/div>\n\t\t\t\t\t<\/div>\n\t\t<\/div>\n\t\t\t\t\t<\/div>\n\t\t<\/section>\n\t\t\t\t<section class=\"elementor-section elementor-top-section elementor-element elementor-element-82adb4a elementor-section-boxed elementor-section-height-default elementor-section-height-default wpr-particle-no wpr-jarallax-no wpr-parallax-no wpr-sticky-section-no wpr-equal-height-no\" data-id=\"82adb4a\" data-element_type=\"section\" data-e-type=\"section\">\n\t\t\t\t\t\t<div class=\"elementor-container elementor-column-gap-default\">\n\t\t\t\t\t<div class=\"elementor-column elementor-col-33 elementor-top-column elementor-element elementor-element-92d6173\" data-id=\"92d6173\" data-element_type=\"column\" data-e-type=\"column\">\n\t\t\t<div class=\"elementor-widget-wrap elementor-element-populated\">\n\t\t\t\t\t\t<div class=\"elementor-element elementor-element-713cb34 elementor-widget elementor-widget-text-editor\" data-id=\"713cb34\" data-element_type=\"widget\" data-e-type=\"widget\" data-widget_type=\"text-editor.default\">\n\t\t\t\t<div class=\"elementor-widget-container\">\n\t\t\t\t\t\t\t\t\t<h4><strong>Pour aller plus loin dans la d\u00e9couverte du projet Raiz\/Racines, voici une\u00a0 pr\u00e9sentation du Beatmaking et du candombl\u00e9 r\u00e9alis\u00e9e par Jessie Anglio et Daniele Olmi\u00a0<a href=\"https:\/\/samba-resille.org\/international-platform\/wp-content\/uploads\/2024\/06\/presentation-raiz-beatmaking-candomble.pdf\" target=\"_blank\" rel=\"noopener\"> &gt;&gt;&gt;<\/a><\/strong><\/h4>\t\t\t\t\t\t\t\t<\/div>\n\t\t\t\t<\/div>\n\t\t\t\t<div class=\"elementor-element elementor-element-1f48019 elementor-widget elementor-widget-image\" data-id=\"1f48019\" data-element_type=\"widget\" data-e-type=\"widget\" data-widget_type=\"image.default\">\n\t\t\t\t<div class=\"elementor-widget-container\">\n\t\t\t\t\t\t\t\t\t\t\t\t\t\t\t<img fetchpriority=\"high\" decoding=\"async\" width=\"800\" height=\"679\" src=\"https:\/\/samba-resille.org\/international-platform\/wp-content\/uploads\/2023\/11\/candomble-1-bache.jpg\" class=\"attachment-large size-large wp-image-8272\" alt=\"\" srcset=\"https:\/\/samba-resille.org\/international-platform\/wp-content\/uploads\/2023\/11\/candomble-1-bache.jpg 873w, https:\/\/samba-resille.org\/international-platform\/wp-content\/uploads\/2023\/11\/candomble-1-bache-300x255.jpg 300w, https:\/\/samba-resille.org\/international-platform\/wp-content\/uploads\/2023\/11\/candomble-1-bache-768x652.jpg 768w, https:\/\/samba-resille.org\/international-platform\/wp-content\/uploads\/2023\/11\/candomble-1-bache-14x12.jpg 14w, https:\/\/samba-resille.org\/international-platform\/wp-content\/uploads\/2023\/11\/candomble-1-bache-24x20.jpg 24w, https:\/\/samba-resille.org\/international-platform\/wp-content\/uploads\/2023\/11\/candomble-1-bache-36x31.jpg 36w, https:\/\/samba-resille.org\/international-platform\/wp-content\/uploads\/2023\/11\/candomble-1-bache-48x41.jpg 48w\" sizes=\"(max-width: 800px) 100vw, 800px\" \/>\t\t\t\t\t\t\t\t\t\t\t\t\t\t\t<\/div>\n\t\t\t\t<\/div>\n\t\t\t\t\t<\/div>\n\t\t<\/div>\n\t\t\t\t<div class=\"elementor-column elementor-col-33 elementor-top-column elementor-element elementor-element-bada2cf\" data-id=\"bada2cf\" data-element_type=\"column\" data-e-type=\"column\">\n\t\t\t<div class=\"elementor-widget-wrap elementor-element-populated\">\n\t\t\t\t\t\t<div class=\"elementor-element elementor-element-c578bce elementor-widget elementor-widget-image\" data-id=\"c578bce\" data-element_type=\"widget\" data-e-type=\"widget\" data-widget_type=\"image.default\">\n\t\t\t\t<div class=\"elementor-widget-container\">\n\t\t\t\t\t\t\t\t\t\t\t\t\t\t\t<img decoding=\"async\" width=\"800\" height=\"745\" src=\"https:\/\/samba-resille.org\/international-platform\/wp-content\/uploads\/2023\/11\/candomble-2-bache.jpg\" class=\"attachment-large size-large wp-image-8274\" alt=\"\" srcset=\"https:\/\/samba-resille.org\/international-platform\/wp-content\/uploads\/2023\/11\/candomble-2-bache.jpg 905w, https:\/\/samba-resille.org\/international-platform\/wp-content\/uploads\/2023\/11\/candomble-2-bache-300x279.jpg 300w, https:\/\/samba-resille.org\/international-platform\/wp-content\/uploads\/2023\/11\/candomble-2-bache-768x715.jpg 768w, https:\/\/samba-resille.org\/international-platform\/wp-content\/uploads\/2023\/11\/candomble-2-bache-13x12.jpg 13w, https:\/\/samba-resille.org\/international-platform\/wp-content\/uploads\/2023\/11\/candomble-2-bache-24x22.jpg 24w, https:\/\/samba-resille.org\/international-platform\/wp-content\/uploads\/2023\/11\/candomble-2-bache-36x34.jpg 36w, https:\/\/samba-resille.org\/international-platform\/wp-content\/uploads\/2023\/11\/candomble-2-bache-48x45.jpg 48w\" sizes=\"(max-width: 800px) 100vw, 800px\" \/>\t\t\t\t\t\t\t\t\t\t\t\t\t\t\t<\/div>\n\t\t\t\t<\/div>\n\t\t\t\t\t<\/div>\n\t\t<\/div>\n\t\t\t\t<div class=\"elementor-column elementor-col-33 elementor-top-column elementor-element elementor-element-ef9f444\" data-id=\"ef9f444\" data-element_type=\"column\" data-e-type=\"column\">\n\t\t\t<div class=\"elementor-widget-wrap elementor-element-populated\">\n\t\t\t\t\t\t<div class=\"elementor-element elementor-element-a12a3c1 elementor-widget elementor-widget-image\" data-id=\"a12a3c1\" data-element_type=\"widget\" data-e-type=\"widget\" data-widget_type=\"image.default\">\n\t\t\t\t<div class=\"elementor-widget-container\">\n\t\t\t\t\t\t\t\t\t\t\t\t\t\t\t<img decoding=\"async\" width=\"800\" height=\"745\" src=\"https:\/\/samba-resille.org\/international-platform\/wp-content\/uploads\/2023\/11\/beatmaking-bache-2.jpg\" class=\"attachment-large size-large wp-image-8275\" alt=\"\" srcset=\"https:\/\/samba-resille.org\/international-platform\/wp-content\/uploads\/2023\/11\/beatmaking-bache-2.jpg 873w, https:\/\/samba-resille.org\/international-platform\/wp-content\/uploads\/2023\/11\/beatmaking-bache-2-300x279.jpg 300w, https:\/\/samba-resille.org\/international-platform\/wp-content\/uploads\/2023\/11\/beatmaking-bache-2-768x715.jpg 768w, https:\/\/samba-resille.org\/international-platform\/wp-content\/uploads\/2023\/11\/beatmaking-bache-2-13x12.jpg 13w, https:\/\/samba-resille.org\/international-platform\/wp-content\/uploads\/2023\/11\/beatmaking-bache-2-24x22.jpg 24w, https:\/\/samba-resille.org\/international-platform\/wp-content\/uploads\/2023\/11\/beatmaking-bache-2-36x34.jpg 36w, https:\/\/samba-resille.org\/international-platform\/wp-content\/uploads\/2023\/11\/beatmaking-bache-2-48x45.jpg 48w\" sizes=\"(max-width: 800px) 100vw, 800px\" \/>\t\t\t\t\t\t\t\t\t\t\t\t\t\t\t<\/div>\n\t\t\t\t<\/div>\n\t\t\t\t\t<\/div>\n\t\t<\/div>\n\t\t\t\t\t<\/div>\n\t\t<\/section>\n\t\t\t\t<\/div>\n\t\t","protected":false},"excerpt":{"rendered":"<p>Un projet avec Samba R\u00e9sille (Toulouse, FR) \u2010 Fondation Pierre Verger (Salvador de Bahia, BR) et avec le soutien de la Mairie de Toulouse et l\u2019Institut fran\u00e7ais<\/p>\n","protected":false},"author":2,"featured_media":6872,"comment_status":"closed","ping_status":"closed","sticky":false,"template":"","format":"standard","meta":{"footnotes":""},"categories":[61,45,74,41,75,40,42,26],"tags":[],"class_list":["post-6870","post","type-post","status-publish","format-standard","has-post-thumbnail","hentry","category-61","category-adultes","category-age","category-annee","category-geographie","category-pays","category-projet-international","category-zoom"],"_links":{"self":[{"href":"https:\/\/samba-resille.org\/international-platform\/wp-json\/wp\/v2\/posts\/6870","targetHints":{"allow":["GET"]}}],"collection":[{"href":"https:\/\/samba-resille.org\/international-platform\/wp-json\/wp\/v2\/posts"}],"about":[{"href":"https:\/\/samba-resille.org\/international-platform\/wp-json\/wp\/v2\/types\/post"}],"author":[{"embeddable":true,"href":"https:\/\/samba-resille.org\/international-platform\/wp-json\/wp\/v2\/users\/2"}],"replies":[{"embeddable":true,"href":"https:\/\/samba-resille.org\/international-platform\/wp-json\/wp\/v2\/comments?post=6870"}],"version-history":[{"count":50,"href":"https:\/\/samba-resille.org\/international-platform\/wp-json\/wp\/v2\/posts\/6870\/revisions"}],"predecessor-version":[{"id":8888,"href":"https:\/\/samba-resille.org\/international-platform\/wp-json\/wp\/v2\/posts\/6870\/revisions\/8888"}],"wp:featuredmedia":[{"embeddable":true,"href":"https:\/\/samba-resille.org\/international-platform\/wp-json\/wp\/v2\/media\/6872"}],"wp:attachment":[{"href":"https:\/\/samba-resille.org\/international-platform\/wp-json\/wp\/v2\/media?parent=6870"}],"wp:term":[{"taxonomy":"category","embeddable":true,"href":"https:\/\/samba-resille.org\/international-platform\/wp-json\/wp\/v2\/categories?post=6870"},{"taxonomy":"post_tag","embeddable":true,"href":"https:\/\/samba-resille.org\/international-platform\/wp-json\/wp\/v2\/tags?post=6870"}],"curies":[{"name":"wp","href":"https:\/\/api.w.org\/{rel}","templated":true}]}}