{"id":7615,"date":"2024-01-23T14:38:52","date_gmt":"2024-01-23T14:38:52","guid":{"rendered":"https:\/\/samba-resille.org\/international-platform\/?p=7615"},"modified":"2024-03-25T10:49:39","modified_gmt":"2024-03-25T10:49:39","slug":"depart-imminent-pour-le-carnaval-daruba-du-2-au-12-fevrier","status":"publish","type":"post","link":"https:\/\/samba-resille.org\/international-platform\/2024\/01\/23\/depart-imminent-pour-le-carnaval-daruba-du-2-au-12-fevrier\/","title":{"rendered":"D\u00e9part imminent pour le Carnaval d&rsquo;Aruba &#8211; Du 2 au 12 F\u00e9vrier"},"content":{"rendered":"\t\t<div data-elementor-type=\"wp-post\" data-elementor-id=\"7615\" class=\"elementor elementor-7615\" wpc-filter-elementor-widget=\"1\" data-elementor-post-type=\"post\">\n\t\t\t\t\t\t<section class=\"elementor-section elementor-top-section elementor-element elementor-element-a737418 elementor-section-boxed elementor-section-height-default elementor-section-height-default wpr-particle-no wpr-jarallax-no wpr-parallax-no wpr-sticky-section-no wpr-equal-height-no\" data-id=\"a737418\" data-element_type=\"section\" data-e-type=\"section\">\n\t\t\t\t\t\t<div class=\"elementor-container elementor-column-gap-default\">\n\t\t\t\t\t<div class=\"elementor-column elementor-col-50 elementor-top-column elementor-element elementor-element-44590bf\" data-id=\"44590bf\" data-element_type=\"column\" data-e-type=\"column\">\n\t\t\t<div class=\"elementor-widget-wrap elementor-element-populated\">\n\t\t\t\t\t\t<div class=\"elementor-element elementor-element-5674aaa elementor-widget elementor-widget-image\" data-id=\"5674aaa\" data-element_type=\"widget\" data-e-type=\"widget\" data-widget_type=\"image.default\">\n\t\t\t\t<div class=\"elementor-widget-container\">\n\t\t\t\t\t\t\t\t\t\t\t\t\t\t\t<img fetchpriority=\"high\" decoding=\"async\" width=\"800\" height=\"534\" src=\"https:\/\/samba-resille.org\/international-platform\/wp-content\/uploads\/2024\/01\/ARUBA-1-1024x683.jpg\" class=\"attachment-large size-large wp-image-7618\" alt=\"\" srcset=\"https:\/\/samba-resille.org\/international-platform\/wp-content\/uploads\/2024\/01\/ARUBA-1-1024x683.jpg 1024w, https:\/\/samba-resille.org\/international-platform\/wp-content\/uploads\/2024\/01\/ARUBA-1-300x200.jpg 300w, https:\/\/samba-resille.org\/international-platform\/wp-content\/uploads\/2024\/01\/ARUBA-1-768x512.jpg 768w, https:\/\/samba-resille.org\/international-platform\/wp-content\/uploads\/2024\/01\/ARUBA-1-1536x1024.jpg 1536w, https:\/\/samba-resille.org\/international-platform\/wp-content\/uploads\/2024\/01\/ARUBA-1-18x12.jpg 18w, https:\/\/samba-resille.org\/international-platform\/wp-content\/uploads\/2024\/01\/ARUBA-1-24x16.jpg 24w, https:\/\/samba-resille.org\/international-platform\/wp-content\/uploads\/2024\/01\/ARUBA-1-36x24.jpg 36w, https:\/\/samba-resille.org\/international-platform\/wp-content\/uploads\/2024\/01\/ARUBA-1-48x32.jpg 48w, https:\/\/samba-resille.org\/international-platform\/wp-content\/uploads\/2024\/01\/ARUBA-1.jpg 1680w\" sizes=\"(max-width: 800px) 100vw, 800px\" \/>\t\t\t\t\t\t\t\t\t\t\t\t\t\t\t<\/div>\n\t\t\t\t<\/div>\n\t\t\t\t\t<\/div>\n\t\t<\/div>\n\t\t\t\t<div class=\"elementor-column elementor-col-50 elementor-top-column elementor-element elementor-element-fbb754c\" data-id=\"fbb754c\" data-element_type=\"column\" data-e-type=\"column\">\n\t\t\t<div class=\"elementor-widget-wrap elementor-element-populated\">\n\t\t\t\t\t\t<div class=\"elementor-element elementor-element-59bd7e0 elementor-widget elementor-widget-text-editor\" data-id=\"59bd7e0\" data-element_type=\"widget\" data-e-type=\"widget\" data-widget_type=\"text-editor.default\">\n\t\t\t\t<div class=\"elementor-widget-container\">\n\t\t\t\t\t\t\t\t\t<p>Une mobilit\u00e9 qui rassemble les membres du Consortium Erasmus+ Education des adultes avec Samba R\u00e9sille, le COCU, le Polymorphe et Bajo El Mar.<\/p><p><strong>Les 18 membres de ces quatre organisations vont observer assidument la derni\u00e8re semaine de ce carnaval carib\u00e9en avec notamment les grandes parades de st Nicolas et Aruba.<\/strong><\/p><p>Les objectifs de ce stage d&rsquo;observation sont :<\/p><p>&#8211; Rep\u00e9rer les bonnes pratiques techniques, logistiques, manag\u00e9riales li\u00e9es \u00e0 l&rsquo;organisation de ce Carnaval et transf\u00e9rables \u00e0 vos propres \u00e9v\u00e8nements (Carnaval de Toulouse, F\u00eate de quartier, F\u00eate de la musique&#8230;)<br \/>&#8211; \u00c9tudier les pistes artistiques et p\u00e9dagogiques de futures mobilit\u00e9s (musique, production de costumes, chars etc.) permettant de faire progresser vos propres projets.<br \/>&#8211; Appr\u00e9hender la dimension culturelle du Carnaval d&rsquo;Aruba pour mieux situer vos actions dans une interculturalit\u00e9 bien comprise et respectueuse des diff\u00e9rents patrimoines culturels du monde.<\/p>\t\t\t\t\t\t\t\t<\/div>\n\t\t\t\t<\/div>\n\t\t\t\t\t<\/div>\n\t\t<\/div>\n\t\t\t\t\t<\/div>\n\t\t<\/section>\n\t\t\t\t<section class=\"elementor-section elementor-top-section elementor-element elementor-element-f33da28 elementor-section-boxed elementor-section-height-default elementor-section-height-default wpr-particle-no wpr-jarallax-no wpr-parallax-no wpr-sticky-section-no wpr-equal-height-no\" data-id=\"f33da28\" data-element_type=\"section\" data-e-type=\"section\">\n\t\t\t\t\t\t<div class=\"elementor-container elementor-column-gap-default\">\n\t\t\t\t\t<div class=\"elementor-column elementor-col-20 elementor-top-column elementor-element elementor-element-a7be3ff\" data-id=\"a7be3ff\" data-element_type=\"column\" data-e-type=\"column\">\n\t\t\t<div class=\"elementor-widget-wrap elementor-element-populated\">\n\t\t\t\t\t\t<div class=\"elementor-element elementor-element-bd72d59 elementor-widget elementor-widget-image\" data-id=\"bd72d59\" data-element_type=\"widget\" data-e-type=\"widget\" data-widget_type=\"image.default\">\n\t\t\t\t<div class=\"elementor-widget-container\">\n\t\t\t\t\t\t\t\t\t\t\t\t\t\t\t<img decoding=\"async\" width=\"500\" height=\"393\" src=\"https:\/\/samba-resille.org\/international-platform\/wp-content\/uploads\/2023\/01\/CARTOUCHE-CONSORTIUM-1.jpg\" class=\"attachment-large size-large wp-image-5745\" alt=\"\" srcset=\"https:\/\/samba-resille.org\/international-platform\/wp-content\/uploads\/2023\/01\/CARTOUCHE-CONSORTIUM-1.jpg 500w, https:\/\/samba-resille.org\/international-platform\/wp-content\/uploads\/2023\/01\/CARTOUCHE-CONSORTIUM-1-300x236.jpg 300w, https:\/\/samba-resille.org\/international-platform\/wp-content\/uploads\/2023\/01\/CARTOUCHE-CONSORTIUM-1-15x12.jpg 15w, https:\/\/samba-resille.org\/international-platform\/wp-content\/uploads\/2023\/01\/CARTOUCHE-CONSORTIUM-1-24x19.jpg 24w, https:\/\/samba-resille.org\/international-platform\/wp-content\/uploads\/2023\/01\/CARTOUCHE-CONSORTIUM-1-36x28.jpg 36w, https:\/\/samba-resille.org\/international-platform\/wp-content\/uploads\/2023\/01\/CARTOUCHE-CONSORTIUM-1-48x38.jpg 48w\" sizes=\"(max-width: 500px) 100vw, 500px\" \/>\t\t\t\t\t\t\t\t\t\t\t\t\t\t\t<\/div>\n\t\t\t\t<\/div>\n\t\t\t\t\t<\/div>\n\t\t<\/div>\n\t\t\t\t<div class=\"elementor-column elementor-col-20 elementor-top-column elementor-element elementor-element-ddcac76\" data-id=\"ddcac76\" data-element_type=\"column\" data-e-type=\"column\">\n\t\t\t<div class=\"elementor-widget-wrap elementor-element-populated\">\n\t\t\t\t\t\t<div class=\"elementor-element elementor-element-0931f32 e-transform elementor-widget elementor-widget-image\" data-id=\"0931f32\" data-element_type=\"widget\" data-e-type=\"widget\" data-settings=\"{&quot;_transform_translateY_effect&quot;:{&quot;unit&quot;:&quot;px&quot;,&quot;size&quot;:51,&quot;sizes&quot;:[]},&quot;_transform_translateX_effect&quot;:{&quot;unit&quot;:&quot;px&quot;,&quot;size&quot;:&quot;&quot;,&quot;sizes&quot;:[]},&quot;_transform_translateX_effect_tablet&quot;:{&quot;unit&quot;:&quot;px&quot;,&quot;size&quot;:&quot;&quot;,&quot;sizes&quot;:[]},&quot;_transform_translateX_effect_mobile&quot;:{&quot;unit&quot;:&quot;px&quot;,&quot;size&quot;:&quot;&quot;,&quot;sizes&quot;:[]},&quot;_transform_translateY_effect_tablet&quot;:{&quot;unit&quot;:&quot;px&quot;,&quot;size&quot;:&quot;&quot;,&quot;sizes&quot;:[]},&quot;_transform_translateY_effect_mobile&quot;:{&quot;unit&quot;:&quot;px&quot;,&quot;size&quot;:&quot;&quot;,&quot;sizes&quot;:[]}}\" data-widget_type=\"image.default\">\n\t\t\t\t<div class=\"elementor-widget-container\">\n\t\t\t\t\t\t\t\t\t\t\t\t\t\t\t\t<a href=\"https:\/\/bajoelmar.fr\/\" target=\"_blank\">\n\t\t\t\t\t\t\t<img decoding=\"async\" width=\"800\" height=\"147\" src=\"https:\/\/samba-resille.org\/international-platform\/wp-content\/uploads\/2023\/10\/bajo-1024x188.png\" class=\"attachment-large size-large wp-image-6467\" alt=\"\" srcset=\"https:\/\/samba-resille.org\/international-platform\/wp-content\/uploads\/2023\/10\/bajo-1024x188.png 1024w, https:\/\/samba-resille.org\/international-platform\/wp-content\/uploads\/2023\/10\/bajo-300x55.png 300w, https:\/\/samba-resille.org\/international-platform\/wp-content\/uploads\/2023\/10\/bajo-768x141.png 768w, https:\/\/samba-resille.org\/international-platform\/wp-content\/uploads\/2023\/10\/bajo-18x3.png 18w, https:\/\/samba-resille.org\/international-platform\/wp-content\/uploads\/2023\/10\/bajo-24x4.png 24w, https:\/\/samba-resille.org\/international-platform\/wp-content\/uploads\/2023\/10\/bajo-36x7.png 36w, https:\/\/samba-resille.org\/international-platform\/wp-content\/uploads\/2023\/10\/bajo-48x9.png 48w, https:\/\/samba-resille.org\/international-platform\/wp-content\/uploads\/2023\/10\/bajo.png 1400w\" sizes=\"(max-width: 800px) 100vw, 800px\" \/>\t\t\t\t\t\t\t\t<\/a>\n\t\t\t\t\t\t\t\t\t\t\t\t\t\t\t<\/div>\n\t\t\t\t<\/div>\n\t\t\t\t\t<\/div>\n\t\t<\/div>\n\t\t\t\t<div class=\"elementor-column elementor-col-20 elementor-top-column elementor-element elementor-element-f0a6c57\" data-id=\"f0a6c57\" data-element_type=\"column\" data-e-type=\"column\">\n\t\t\t<div class=\"elementor-widget-wrap elementor-element-populated\">\n\t\t\t\t\t\t<div class=\"elementor-element elementor-element-63f924b elementor-widget elementor-widget-image\" data-id=\"63f924b\" data-element_type=\"widget\" data-e-type=\"widget\" data-widget_type=\"image.default\">\n\t\t\t\t<div class=\"elementor-widget-container\">\n\t\t\t\t\t\t\t\t\t\t\t\t\t\t\t\t<a href=\"https:\/\/carnavaldetoulouse.fr\/SiteCarnaval\/\" target=\"_blank\">\n\t\t\t\t\t\t\t<img loading=\"lazy\" decoding=\"async\" width=\"271\" height=\"270\" src=\"https:\/\/samba-resille.org\/international-platform\/wp-content\/uploads\/2022\/12\/EL-COCU.png\" class=\"attachment-large size-large wp-image-5537\" alt=\"\" srcset=\"https:\/\/samba-resille.org\/international-platform\/wp-content\/uploads\/2022\/12\/EL-COCU.png 271w, https:\/\/samba-resille.org\/international-platform\/wp-content\/uploads\/2022\/12\/EL-COCU-150x150.png 150w, https:\/\/samba-resille.org\/international-platform\/wp-content\/uploads\/2022\/12\/EL-COCU-12x12.png 12w, https:\/\/samba-resille.org\/international-platform\/wp-content\/uploads\/2022\/12\/EL-COCU-24x24.png 24w, https:\/\/samba-resille.org\/international-platform\/wp-content\/uploads\/2022\/12\/EL-COCU-36x36.png 36w, https:\/\/samba-resille.org\/international-platform\/wp-content\/uploads\/2022\/12\/EL-COCU-48x48.png 48w\" sizes=\"(max-width: 271px) 100vw, 271px\" \/>\t\t\t\t\t\t\t\t<\/a>\n\t\t\t\t\t\t\t\t\t\t\t\t\t\t\t<\/div>\n\t\t\t\t<\/div>\n\t\t\t\t\t<\/div>\n\t\t<\/div>\n\t\t\t\t<div class=\"elementor-column elementor-col-20 elementor-top-column elementor-element elementor-element-350918f\" data-id=\"350918f\" data-element_type=\"column\" data-e-type=\"column\">\n\t\t\t<div class=\"elementor-widget-wrap elementor-element-populated\">\n\t\t\t\t\t\t<div class=\"elementor-element elementor-element-57cee92 elementor-widget elementor-widget-image\" data-id=\"57cee92\" data-element_type=\"widget\" data-e-type=\"widget\" data-widget_type=\"image.default\">\n\t\t\t\t<div class=\"elementor-widget-container\">\n\t\t\t\t\t\t\t\t\t\t\t\t\t\t\t\t<a href=\"https:\/\/www.lepolymorphe.com\/\" target=\"_blank\">\n\t\t\t\t\t\t\t<img loading=\"lazy\" decoding=\"async\" width=\"139\" height=\"142\" src=\"https:\/\/samba-resille.org\/international-platform\/wp-content\/uploads\/2021\/09\/avatarlepolymorphepetit.jpg\" class=\"attachment-large size-large wp-image-3125\" alt=\"\" \/>\t\t\t\t\t\t\t\t<\/a>\n\t\t\t\t\t\t\t\t\t\t\t\t\t\t\t<\/div>\n\t\t\t\t<\/div>\n\t\t\t\t\t<\/div>\n\t\t<\/div>\n\t\t\t\t<div class=\"elementor-column elementor-col-20 elementor-top-column elementor-element elementor-element-779e60b\" data-id=\"779e60b\" data-element_type=\"column\" data-e-type=\"column\">\n\t\t\t<div class=\"elementor-widget-wrap elementor-element-populated\">\n\t\t\t\t\t\t<div class=\"elementor-element elementor-element-f1992c1 elementor-widget elementor-widget-image\" data-id=\"f1992c1\" data-element_type=\"widget\" data-e-type=\"widget\" data-widget_type=\"image.default\">\n\t\t\t\t<div class=\"elementor-widget-container\">\n\t\t\t\t\t\t\t\t\t\t\t\t\t\t\t\t<a href=\"https:\/\/samba-resille.org\/site\/\" target=\"_blank\">\n\t\t\t\t\t\t\t<img decoding=\"async\" src=\"https:\/\/samba-resille.org\/international-platform\/wp-content\/uploads\/elementor\/thumbs\/LOGO-ROND-FOND-BLEU-SR-2021-qclz6wuu6b9d9dtouli8l9e7lbv7ee5s3i84gy2z28.png\" title=\"LOGO-ROND-FOND BLEU-SR-2021\" alt=\"LOGO-ROND-FOND BLEU-SR-2021\" loading=\"lazy\" \/>\t\t\t\t\t\t\t\t<\/a>\n\t\t\t\t\t\t\t\t\t\t\t\t\t\t\t<\/div>\n\t\t\t\t<\/div>\n\t\t\t\t\t<\/div>\n\t\t<\/div>\n\t\t\t\t\t<\/div>\n\t\t<\/section>\n\t\t\t\t<section class=\"elementor-section elementor-top-section elementor-element elementor-element-4818e92 elementor-section-boxed elementor-section-height-default elementor-section-height-default wpr-particle-no wpr-jarallax-no wpr-parallax-no wpr-sticky-section-no wpr-equal-height-no\" data-id=\"4818e92\" data-element_type=\"section\" data-e-type=\"section\">\n\t\t\t\t\t\t<div class=\"elementor-container elementor-column-gap-default\">\n\t\t\t\t\t<div class=\"elementor-column elementor-col-50 elementor-top-column elementor-element elementor-element-56498ae\" data-id=\"56498ae\" data-element_type=\"column\" data-e-type=\"column\">\n\t\t\t<div class=\"elementor-widget-wrap elementor-element-populated\">\n\t\t\t\t\t\t<div class=\"elementor-element elementor-element-1de8e2e elementor-widget elementor-widget-text-editor\" data-id=\"1de8e2e\" data-element_type=\"widget\" data-e-type=\"widget\" data-widget_type=\"text-editor.default\">\n\t\t\t\t<div class=\"elementor-widget-container\">\n\t\t\t\t\t\t\t\t\t<p dir=\"auto\" style=\"-ms-text-size-adjust: 100%; mso-line-height-rule: exactly; margin: 0; text-align: left; margin-bottom: 0; font-family: Helvetica; font-size: 16px; font-weight: normal; font-style: normal; color: #000000; word-break: break-word; line-height: inherit;\">Le <a href=\"https:\/\/www.aruba.com\/us\/calendar\/aruba-carnival\" target=\"_blank\" rel=\"noopener\">Carnaval d&rsquo;Aruba,<\/a> qui f\u00eate\u00a0cette ann\u00e9e ses 70 ans d&rsquo;existence, se d\u00e9roule aux mois de janvier et f\u00e9vrier\u00a0pendant lesquels toute l&rsquo;\u00eele vit et respire le carnaval.\u00a0<\/p><p dir=\"auto\" style=\"-ms-text-size-adjust: 100%; mso-line-height-rule: exactly; margin: 0; text-align: left; margin-bottom: 0; font-family: Helvetica; font-size: 16px; font-weight: normal; font-style: normal; color: #000000; word-break: break-word; line-height: inherit;\">\u00a0D\u00e9clench\u00e9 par la parade des flambeaux dans les rues de la capitale Oranjestad, le carnaval regorge d&rsquo;\u00e9v\u00e9nements : Jump-ins, \u00e9lections du roi et de la reine, concours de Calypso, concerts, c\u00e9l\u00e9brations pour les enfants, f\u00eates (avant et apr\u00e8s chaque \u00e9v\u00e9nement) et enfin les grands d\u00e9fil\u00e9s\u00a0d&rsquo;Oranjestad et de San Nicolas.<\/p><p dir=\"auto\" style=\"-ms-text-size-adjust: 100%; mso-line-height-rule: exactly; margin: 0; text-align: left; margin-bottom: 0; font-family: Helvetica; font-size: 16px; font-weight: normal; font-style: normal; color: #000000; word-break: break-word; line-height: inherit;\">Le carnaval se termine au port d&rsquo;Oranjestad juste avant le d\u00e9but du Car\u00eame catholique, avec le rituel de l&rsquo;incendie du roi Momo, une poup\u00e9e d\u00e9cor\u00e9e \u00e0 taille humaine qui repr\u00e9sente\u00a0les d\u00e9sirs terrestres.\u00a0D\u00e8s le lendemain, les\u00a0participants\u00a0se pr\u00e9parent pour les festivit\u00e9s de l&rsquo;ann\u00e9e prochaine.<\/p>\t\t\t\t\t\t\t\t<\/div>\n\t\t\t\t<\/div>\n\t\t\t\t\t<\/div>\n\t\t<\/div>\n\t\t\t\t<div class=\"elementor-column elementor-col-50 elementor-top-column elementor-element elementor-element-415cbf6\" data-id=\"415cbf6\" data-element_type=\"column\" data-e-type=\"column\">\n\t\t\t<div class=\"elementor-widget-wrap elementor-element-populated\">\n\t\t\t\t\t\t<div class=\"elementor-element elementor-element-afd60e5 elementor-widget elementor-widget-image\" data-id=\"afd60e5\" data-element_type=\"widget\" data-e-type=\"widget\" data-widget_type=\"image.default\">\n\t\t\t\t<div class=\"elementor-widget-container\">\n\t\t\t\t\t\t\t\t\t\t\t\t\t\t\t\t<a href=\"https:\/\/www.facebook.com\/smacaruba\">\n\t\t\t\t\t\t\t<img loading=\"lazy\" decoding=\"async\" width=\"800\" height=\"260\" src=\"https:\/\/samba-resille.org\/international-platform\/wp-content\/uploads\/2024\/01\/logo-aruba-carnaval-e1722954477235.png\" class=\"attachment-large size-large wp-image-7619\" alt=\"\" srcset=\"https:\/\/samba-resille.org\/international-platform\/wp-content\/uploads\/2024\/01\/logo-aruba-carnaval-e1722954477235.png 960w, https:\/\/samba-resille.org\/international-platform\/wp-content\/uploads\/2024\/01\/logo-aruba-carnaval-e1722954477235-300x98.png 300w, https:\/\/samba-resille.org\/international-platform\/wp-content\/uploads\/2024\/01\/logo-aruba-carnaval-e1722954477235-768x250.png 768w, https:\/\/samba-resille.org\/international-platform\/wp-content\/uploads\/2024\/01\/logo-aruba-carnaval-e1722954477235-18x6.png 18w, https:\/\/samba-resille.org\/international-platform\/wp-content\/uploads\/2024\/01\/logo-aruba-carnaval-e1722954477235-24x8.png 24w, https:\/\/samba-resille.org\/international-platform\/wp-content\/uploads\/2024\/01\/logo-aruba-carnaval-e1722954477235-36x12.png 36w, https:\/\/samba-resille.org\/international-platform\/wp-content\/uploads\/2024\/01\/logo-aruba-carnaval-e1722954477235-48x16.png 48w\" sizes=\"(max-width: 800px) 100vw, 800px\" \/>\t\t\t\t\t\t\t\t<\/a>\n\t\t\t\t\t\t\t\t\t\t\t\t\t\t\t<\/div>\n\t\t\t\t<\/div>\n\t\t\t\t\t<\/div>\n\t\t<\/div>\n\t\t\t\t\t<\/div>\n\t\t<\/section>\n\t\t\t\t<section class=\"elementor-section elementor-top-section elementor-element elementor-element-6745db4 elementor-section-boxed elementor-section-height-default elementor-section-height-default wpr-particle-no wpr-jarallax-no wpr-parallax-no wpr-sticky-section-no wpr-equal-height-no\" data-id=\"6745db4\" data-element_type=\"section\" data-e-type=\"section\">\n\t\t\t\t\t\t<div class=\"elementor-container elementor-column-gap-default\">\n\t\t\t\t\t<div class=\"elementor-column elementor-col-100 elementor-top-column elementor-element elementor-element-690b4a5\" data-id=\"690b4a5\" data-element_type=\"column\" data-e-type=\"column\">\n\t\t\t<div class=\"elementor-widget-wrap elementor-element-populated\">\n\t\t\t\t\t\t<div class=\"elementor-element elementor-element-6462cf2 elementor-widget elementor-widget-text-editor\" data-id=\"6462cf2\" data-element_type=\"widget\" data-e-type=\"widget\" data-widget_type=\"text-editor.default\">\n\t\t\t\t<div class=\"elementor-widget-container\">\n\t\t\t\t\t\t\t\t\t<p><strong>Suivez ces aventures sur les r\u00e9seaux sociaux de Samba R\u00e9sille, Carnaval de Toulouse, le Polymorphe et Bajo el Mar&#8230;<\/strong><\/p>\t\t\t\t\t\t\t\t<\/div>\n\t\t\t\t<\/div>\n\t\t\t\t\t<\/div>\n\t\t<\/div>\n\t\t\t\t\t<\/div>\n\t\t<\/section>\n\t\t\t\t<\/div>\n\t\t","protected":false},"excerpt":{"rendered":"<p>Les 18 membres des organisations vont observer assidument la derni\u00e8re semaine de ce carnaval carib\u00e9en avec notamment les grandes parades de st Nicolas et Aruba.<\/p>\n","protected":false},"author":2,"featured_media":7616,"comment_status":"closed","ping_status":"closed","sticky":false,"template":"","format":"standard","meta":{"footnotes":""},"categories":[48,45,74,41,49,75,40,42,39],"tags":[46,47],"class_list":["post-7615","post","type-post","status-publish","format-standard","has-post-thumbnail","hentry","category-48","category-adultes","category-age","category-annee","category-aruba","category-geographie","category-pays","category-projet-international","category-stage-dobservation","tag-46","tag-aruba"],"_links":{"self":[{"href":"https:\/\/samba-resille.org\/international-platform\/wp-json\/wp\/v2\/posts\/7615","targetHints":{"allow":["GET"]}}],"collection":[{"href":"https:\/\/samba-resille.org\/international-platform\/wp-json\/wp\/v2\/posts"}],"about":[{"href":"https:\/\/samba-resille.org\/international-platform\/wp-json\/wp\/v2\/types\/post"}],"author":[{"embeddable":true,"href":"https:\/\/samba-resille.org\/international-platform\/wp-json\/wp\/v2\/users\/2"}],"replies":[{"embeddable":true,"href":"https:\/\/samba-resille.org\/international-platform\/wp-json\/wp\/v2\/comments?post=7615"}],"version-history":[{"count":22,"href":"https:\/\/samba-resille.org\/international-platform\/wp-json\/wp\/v2\/posts\/7615\/revisions"}],"predecessor-version":[{"id":7641,"href":"https:\/\/samba-resille.org\/international-platform\/wp-json\/wp\/v2\/posts\/7615\/revisions\/7641"}],"wp:featuredmedia":[{"embeddable":true,"href":"https:\/\/samba-resille.org\/international-platform\/wp-json\/wp\/v2\/media\/7616"}],"wp:attachment":[{"href":"https:\/\/samba-resille.org\/international-platform\/wp-json\/wp\/v2\/media?parent=7615"}],"wp:term":[{"taxonomy":"category","embeddable":true,"href":"https:\/\/samba-resille.org\/international-platform\/wp-json\/wp\/v2\/categories?post=7615"},{"taxonomy":"post_tag","embeddable":true,"href":"https:\/\/samba-resille.org\/international-platform\/wp-json\/wp\/v2\/tags?post=7615"}],"curies":[{"name":"wp","href":"https:\/\/api.w.org\/{rel}","templated":true}]}}