{"id":8107,"date":"2024-04-03T09:18:38","date_gmt":"2024-04-03T09:18:38","guid":{"rendered":"https:\/\/samba-resille.org\/international-platform\/?p=8107"},"modified":"2024-05-30T13:55:29","modified_gmt":"2024-05-30T13:55:29","slug":"un-mois-davril-aux-couleurs-du-portugal","status":"publish","type":"post","link":"https:\/\/samba-resille.org\/international-platform\/2024\/04\/03\/un-mois-davril-aux-couleurs-du-portugal\/","title":{"rendered":"Un mois d\u2019avril aux couleurs du Portugal !"},"content":{"rendered":"\t\t<div data-elementor-type=\"wp-post\" data-elementor-id=\"8107\" class=\"elementor elementor-8107\" wpc-filter-elementor-widget=\"1\" data-elementor-post-type=\"post\">\n\t\t\t\t\t\t<section class=\"elementor-section elementor-top-section elementor-element elementor-element-319301f9 elementor-section-boxed elementor-section-height-default elementor-section-height-default wpr-particle-no wpr-jarallax-no wpr-parallax-no wpr-sticky-section-no wpr-equal-height-no\" data-id=\"319301f9\" data-element_type=\"section\" data-e-type=\"section\">\n\t\t\t\t\t\t<div class=\"elementor-container elementor-column-gap-default\">\n\t\t\t\t\t<div class=\"elementor-column elementor-col-50 elementor-top-column elementor-element elementor-element-e825f0e\" data-id=\"e825f0e\" data-element_type=\"column\" data-e-type=\"column\">\n\t\t\t<div class=\"elementor-widget-wrap elementor-element-populated\">\n\t\t\t\t\t\t<div class=\"elementor-element elementor-element-72ee0ac elementor-widget elementor-widget-image\" data-id=\"72ee0ac\" data-element_type=\"widget\" data-e-type=\"widget\" data-widget_type=\"image.default\">\n\t\t\t\t<div class=\"elementor-widget-container\">\n\t\t\t\t\t\t\t\t\t\t\t\t\t\t\t<img fetchpriority=\"high\" decoding=\"async\" width=\"800\" height=\"534\" src=\"https:\/\/samba-resille.org\/international-platform\/wp-content\/uploads\/2024\/04\/ID-20231007-8508-1024x683.jpg\" class=\"attachment-large size-large wp-image-8108\" alt=\"\" srcset=\"https:\/\/samba-resille.org\/international-platform\/wp-content\/uploads\/2024\/04\/ID-20231007-8508-1024x683.jpg 1024w, https:\/\/samba-resille.org\/international-platform\/wp-content\/uploads\/2024\/04\/ID-20231007-8508-300x200.jpg 300w, https:\/\/samba-resille.org\/international-platform\/wp-content\/uploads\/2024\/04\/ID-20231007-8508-768x512.jpg 768w, https:\/\/samba-resille.org\/international-platform\/wp-content\/uploads\/2024\/04\/ID-20231007-8508-18x12.jpg 18w, https:\/\/samba-resille.org\/international-platform\/wp-content\/uploads\/2024\/04\/ID-20231007-8508-24x16.jpg 24w, https:\/\/samba-resille.org\/international-platform\/wp-content\/uploads\/2024\/04\/ID-20231007-8508-36x24.jpg 36w, https:\/\/samba-resille.org\/international-platform\/wp-content\/uploads\/2024\/04\/ID-20231007-8508-48x32.jpg 48w, https:\/\/samba-resille.org\/international-platform\/wp-content\/uploads\/2024\/04\/ID-20231007-8508.jpg 1197w\" sizes=\"(max-width: 800px) 100vw, 800px\" \/>\t\t\t\t\t\t\t\t\t\t\t\t\t\t\t<\/div>\n\t\t\t\t<\/div>\n\t\t\t\t<div class=\"elementor-element elementor-element-adda2ab elementor-widget elementor-widget-image\" data-id=\"adda2ab\" data-element_type=\"widget\" data-e-type=\"widget\" data-widget_type=\"image.default\">\n\t\t\t\t<div class=\"elementor-widget-container\">\n\t\t\t\t\t\t\t\t\t\t\t\t\t\t\t<img decoding=\"async\" width=\"800\" height=\"529\" src=\"https:\/\/samba-resille.org\/international-platform\/wp-content\/uploads\/2024\/04\/lisboa3-1024x677.jpg\" class=\"attachment-large size-large wp-image-8111\" alt=\"\" srcset=\"https:\/\/samba-resille.org\/international-platform\/wp-content\/uploads\/2024\/04\/lisboa3-1024x677.jpg 1024w, https:\/\/samba-resille.org\/international-platform\/wp-content\/uploads\/2024\/04\/lisboa3-300x198.jpg 300w, https:\/\/samba-resille.org\/international-platform\/wp-content\/uploads\/2024\/04\/lisboa3-768x508.jpg 768w, https:\/\/samba-resille.org\/international-platform\/wp-content\/uploads\/2024\/04\/lisboa3-1536x1016.jpg 1536w, https:\/\/samba-resille.org\/international-platform\/wp-content\/uploads\/2024\/04\/lisboa3-2048x1355.jpg 2048w, https:\/\/samba-resille.org\/international-platform\/wp-content\/uploads\/2024\/04\/lisboa3-18x12.jpg 18w, https:\/\/samba-resille.org\/international-platform\/wp-content\/uploads\/2024\/04\/lisboa3-24x16.jpg 24w, https:\/\/samba-resille.org\/international-platform\/wp-content\/uploads\/2024\/04\/lisboa3-36x24.jpg 36w, https:\/\/samba-resille.org\/international-platform\/wp-content\/uploads\/2024\/04\/lisboa3-48x32.jpg 48w\" sizes=\"(max-width: 800px) 100vw, 800px\" \/>\t\t\t\t\t\t\t\t\t\t\t\t\t\t\t<\/div>\n\t\t\t\t<\/div>\n\t\t\t\t\t<\/div>\n\t\t<\/div>\n\t\t\t\t<div class=\"elementor-column elementor-col-50 elementor-top-column elementor-element elementor-element-71f2ec55\" data-id=\"71f2ec55\" data-element_type=\"column\" data-e-type=\"column\">\n\t\t\t<div class=\"elementor-widget-wrap elementor-element-populated\">\n\t\t\t\t\t\t<div class=\"elementor-element elementor-element-5a1490f7 elementor-widget elementor-widget-text-editor\" data-id=\"5a1490f7\" data-element_type=\"widget\" data-e-type=\"widget\" data-widget_type=\"text-editor.default\">\n\t\t\t\t<div class=\"elementor-widget-container\">\n\t\t\t\t\t\t\t\t\t\n<p>Mobilit\u00e9s europ\u00e9ennes du Consortium Erasmus+ de Samba R\u00e9sille : Un mois d\u2019avril aux couleurs du Portugal !<\/p>\n\n\n\n<p>Samba R\u00e9sille poursuit le d\u00e9ploiement de sa strat\u00e9gie de coop\u00e9ration artistique et interculturelle avec trois nouvelles mobilit\u00e9s Erasmus+ organis\u00e9es \u00e0 Lisbonne au mois d\u2019avril. Ces mobilit\u00e9s visent : <br>&#8211; le renforcement de la qualit\u00e9 des cursus de musique br\u00e9silienne de Samba R\u00e9sille<br>&#8211; le renforcement de la coop\u00e9ration artistique au sein du Consortium Erasmus+ coordonn\u00e9 par Samba R\u00e9sille, dans la perspective de d\u00e9velopper de nouvelles cr\u00e9ations et de nouvelles actions p\u00e9dagogiques dans la r\u00e9gion toulousaine<br>&#8211; le renforcement des comp\u00e9tences interculturelles des personnels du Consortium, \u00e0 travers l\u2019\u00e9tude de diff\u00e9rents patrimoines culturels et une coop\u00e9ration artistique respectueuse des droits et int\u00e9r\u00eats des diff\u00e9rentes parties concern\u00e9es<br>&#8211; l\u2019organisation d\u2019un p\u00f4le durable de coop\u00e9ration avec les forces vives du secteur culturel de la ville de Lisbonne<\/p>\n\n\n\n<p><strong>6-12 avril : Mobilit\u00e9 Histoire du samba \u00e0 travers ses rythmes<\/strong><br>34 membres du cursus samba pagode de Samba R\u00e9sille partiront \u00e9tudier aupr\u00e8s du cavaquiniste Tercio Borges, musicien de stature internationale qui a accompagn\u00e9 les plus grands noms de la sc\u00e8ne br\u00e9silienne. Ils pourront mieux cerner l\u2019histoire du samba \u00e0 partir d\u2019une \u00e9tude de l\u2019\u00e9volution de ses rythmes, des formes maxixes au pagode contemporain.<\/p>\n\n\n\n<p><strong>13-18 avril Mobilit\u00e9 Musiques anciennes et classiques du Portugal et du Br\u00e9sil<\/strong><br>42 musiciens de l\u2019ensemble vocal \u00c0 bout de souffle, membre du Consortium, iront d\u00e9couvrir un r\u00e9pertoire qui met en dialogue les musiques du Portugal et du Br\u00e9sil, aupr\u00e8s des enseignants de la prestigieuse \u00c9cole sup\u00e9rieure de musique de Lisbonne. Cette mobilit\u00e9 nourrira entre autres le nouveau projet Coro Sambado d\u00e9velopp\u00e9 par \u00c0 Bout de Souffle et Samba R\u00e9sille, qui fera l\u2019objet d\u2019un nouveau spectacle et d\u2019actions p\u00e9dagogiques dans le cadre du programme Actions culturelles de Toulouse M\u00e9tropole.\u00a0<\/p>\n\n\n\n<p><strong>16-20 avril Mobilit\u00e9 Percussions d\u2019Angola et du Mozambique<\/strong><br>56 musiciens des cursus de batucada de Samba R\u00e9sille retrouveront leurs homologues du groupe Nice Groove situ\u00e9 \u00e0 Cascais pr\u00e8s de Lisbonne. Nice Groove, partenaire de Samba R\u00e9sille depuis 2018, s\u2019est sp\u00e9cialis\u00e9 dans l\u2019\u00e9tude et la transcription des musiques lusophones d\u2019Afrique, notamment celles d\u2019Angola et du Mozambique.<\/p>\n\t\t\t\t\t\t\t\t<\/div>\n\t\t\t\t<\/div>\n\t\t\t\t\t<\/div>\n\t\t<\/div>\n\t\t\t\t\t<\/div>\n\t\t<\/section>\n\t\t\t\t<\/div>\n\t\t","protected":false},"excerpt":{"rendered":"<p>Mobilit\u00e9s europ\u00e9ennes du Consortium Erasmus+ de Samba R\u00e9sille : Un mois d\u2019avril aux couleurs du Portugal ! Samba R\u00e9sille poursuit le d\u00e9ploiement de sa strat\u00e9gie de coop\u00e9ration artistique et interculturelle avec trois nouvelles mobilit\u00e9s Erasmus+ organis\u00e9es \u00e0 Lisbonne au mois d\u2019avril. Ces mobilit\u00e9s visent : &#8211; le renforcement de la qualit\u00e9 des cursus de musique br\u00e9silienne de Samba R\u00e9sille&#8211; le renforcement de la coop\u00e9ration artistique au sein du Consortium Erasmus+ coordonn\u00e9 par Samba R\u00e9sille, dans la perspective de d\u00e9velopper de nouvelles cr\u00e9ations et de nouvelles actions p\u00e9dagogiques dans la r\u00e9gion toulousaine&#8211; le renforcement des comp\u00e9tences interculturelles des personnels du Consortium, \u00e0 travers l\u2019\u00e9tude de diff\u00e9rents patrimoines culturels et une coop\u00e9ration artistique respectueuse des droits et int\u00e9r\u00eats des diff\u00e9rentes parties concern\u00e9es&#8211; l\u2019organisation d\u2019un p\u00f4le durable de coop\u00e9ration avec les forces vives du secteur culturel de la ville de Lisbonne 6-12 avril : Mobilit\u00e9 Histoire du samba \u00e0 travers ses rythmes34 membres du cursus samba pagode de Samba R\u00e9sille partiront \u00e9tudier aupr\u00e8s du cavaquiniste Tercio Borges, musicien de stature internationale qui a accompagn\u00e9 les plus grands noms de la sc\u00e8ne br\u00e9silienne. Ils pourront mieux cerner l\u2019histoire du samba \u00e0 partir d\u2019une \u00e9tude de l\u2019\u00e9volution de ses rythmes, des formes maxixes au pagode contemporain. 13-18 avril Mobilit\u00e9 Musiques anciennes et classiques du Portugal et du Br\u00e9sil42 musiciens de l\u2019ensemble vocal \u00c0 bout de souffle, membre du Consortium, iront d\u00e9couvrir un r\u00e9pertoire qui met en dialogue les musiques du Portugal et du Br\u00e9sil, aupr\u00e8s des enseignants de la prestigieuse \u00c9cole sup\u00e9rieure de musique de Lisbonne. Cette mobilit\u00e9 nourrira entre autres le nouveau projet Coro Sambado d\u00e9velopp\u00e9 par \u00c0 Bout de Souffle et Samba R\u00e9sille, qui fera l\u2019objet d\u2019un nouveau spectacle et d\u2019actions p\u00e9dagogiques dans le cadre du programme Actions culturelles de Toulouse M\u00e9tropole.\u00a0 16-20 avril Mobilit\u00e9 Percussions d\u2019Angola et du Mozambique56 musiciens des cursus de batucada de Samba R\u00e9sille retrouveront leurs homologues du groupe Nice Groove situ\u00e9 \u00e0 Cascais pr\u00e8s de Lisbonne. Nice Groove, partenaire de Samba R\u00e9sille depuis 2018, s\u2019est sp\u00e9cialis\u00e9 dans l\u2019\u00e9tude et la transcription des musiques lusophones d\u2019Afrique, notamment celles d\u2019Angola et du Mozambique.<\/p>\n","protected":false},"author":2,"featured_media":8109,"comment_status":"closed","ping_status":"closed","sticky":false,"template":"","format":"standard","meta":{"footnotes":""},"categories":[48,45,58,43,26],"tags":[],"class_list":["post-8107","post","type-post","status-publish","format-standard","has-post-thumbnail","hentry","category-48","category-adultes","category-portugal","category-projet-europeen","category-zoom"],"_links":{"self":[{"href":"https:\/\/samba-resille.org\/international-platform\/wp-json\/wp\/v2\/posts\/8107","targetHints":{"allow":["GET"]}}],"collection":[{"href":"https:\/\/samba-resille.org\/international-platform\/wp-json\/wp\/v2\/posts"}],"about":[{"href":"https:\/\/samba-resille.org\/international-platform\/wp-json\/wp\/v2\/types\/post"}],"author":[{"embeddable":true,"href":"https:\/\/samba-resille.org\/international-platform\/wp-json\/wp\/v2\/users\/2"}],"replies":[{"embeddable":true,"href":"https:\/\/samba-resille.org\/international-platform\/wp-json\/wp\/v2\/comments?post=8107"}],"version-history":[{"count":1,"href":"https:\/\/samba-resille.org\/international-platform\/wp-json\/wp\/v2\/posts\/8107\/revisions"}],"predecessor-version":[{"id":8112,"href":"https:\/\/samba-resille.org\/international-platform\/wp-json\/wp\/v2\/posts\/8107\/revisions\/8112"}],"wp:featuredmedia":[{"embeddable":true,"href":"https:\/\/samba-resille.org\/international-platform\/wp-json\/wp\/v2\/media\/8109"}],"wp:attachment":[{"href":"https:\/\/samba-resille.org\/international-platform\/wp-json\/wp\/v2\/media?parent=8107"}],"wp:term":[{"taxonomy":"category","embeddable":true,"href":"https:\/\/samba-resille.org\/international-platform\/wp-json\/wp\/v2\/categories?post=8107"},{"taxonomy":"post_tag","embeddable":true,"href":"https:\/\/samba-resille.org\/international-platform\/wp-json\/wp\/v2\/tags?post=8107"}],"curies":[{"name":"wp","href":"https:\/\/api.w.org\/{rel}","templated":true}]}}