{"id":9071,"date":"2024-12-12T11:23:06","date_gmt":"2024-12-12T11:23:06","guid":{"rendered":"https:\/\/samba-resille.org\/international-platform\/?p=9071"},"modified":"2025-04-07T15:21:37","modified_gmt":"2025-04-07T15:21:37","slug":"mobilite-street-art-berlin-du-14-au-20-decembre","status":"publish","type":"post","link":"https:\/\/samba-resille.org\/international-platform\/2024\/12\/12\/mobilite-street-art-berlin-du-14-au-20-decembre\/","title":{"rendered":"Mobilit\u00e9 Street Art &#8211; Berlin du 14 au 20 d\u00e9cembre"},"content":{"rendered":"\t\t<div data-elementor-type=\"wp-post\" data-elementor-id=\"9071\" class=\"elementor elementor-9071\" wpc-filter-elementor-widget=\"1\" data-elementor-post-type=\"post\">\n\t\t\t\t\t\t<section class=\"elementor-section elementor-top-section elementor-element elementor-element-79a5c53 elementor-section-boxed elementor-section-height-default elementor-section-height-default wpr-particle-no wpr-jarallax-no wpr-parallax-no wpr-sticky-section-no wpr-equal-height-no\" data-id=\"79a5c53\" data-element_type=\"section\" data-e-type=\"section\">\n\t\t\t\t\t\t<div class=\"elementor-container elementor-column-gap-default\">\n\t\t\t\t\t<div class=\"elementor-column elementor-col-50 elementor-top-column elementor-element elementor-element-09ed453\" data-id=\"09ed453\" data-element_type=\"column\" data-e-type=\"column\">\n\t\t\t<div class=\"elementor-widget-wrap elementor-element-populated\">\n\t\t\t\t\t\t<div class=\"elementor-element elementor-element-29a7c19 elementor-widget elementor-widget-image\" data-id=\"29a7c19\" data-element_type=\"widget\" data-e-type=\"widget\" data-widget_type=\"image.default\">\n\t\t\t\t<div class=\"elementor-widget-container\">\n\t\t\t\t\t\t\t\t\t\t\t\t\t\t\t<img fetchpriority=\"high\" decoding=\"async\" width=\"800\" height=\"496\" src=\"https:\/\/samba-resille.org\/international-platform\/wp-content\/uploads\/2024\/12\/berlin-Street-art-Kreuzberg-blu.jpg\" class=\"attachment-large size-large wp-image-9073\" alt=\"\" srcset=\"https:\/\/samba-resille.org\/international-platform\/wp-content\/uploads\/2024\/12\/berlin-Street-art-Kreuzberg-blu.jpg 800w, https:\/\/samba-resille.org\/international-platform\/wp-content\/uploads\/2024\/12\/berlin-Street-art-Kreuzberg-blu-300x186.jpg 300w, https:\/\/samba-resille.org\/international-platform\/wp-content\/uploads\/2024\/12\/berlin-Street-art-Kreuzberg-blu-768x476.jpg 768w, https:\/\/samba-resille.org\/international-platform\/wp-content\/uploads\/2024\/12\/berlin-Street-art-Kreuzberg-blu-18x12.jpg 18w, https:\/\/samba-resille.org\/international-platform\/wp-content\/uploads\/2024\/12\/berlin-Street-art-Kreuzberg-blu-24x15.jpg 24w, https:\/\/samba-resille.org\/international-platform\/wp-content\/uploads\/2024\/12\/berlin-Street-art-Kreuzberg-blu-36x22.jpg 36w, https:\/\/samba-resille.org\/international-platform\/wp-content\/uploads\/2024\/12\/berlin-Street-art-Kreuzberg-blu-48x30.jpg 48w\" sizes=\"(max-width: 800px) 100vw, 800px\" \/>\t\t\t\t\t\t\t\t\t\t\t\t\t\t\t<\/div>\n\t\t\t\t<\/div>\n\t\t\t\t\t<\/div>\n\t\t<\/div>\n\t\t\t\t<div class=\"elementor-column elementor-col-50 elementor-top-column elementor-element elementor-element-a93ac94\" data-id=\"a93ac94\" data-element_type=\"column\" data-e-type=\"column\">\n\t\t\t<div class=\"elementor-widget-wrap elementor-element-populated\">\n\t\t\t\t\t\t<div class=\"elementor-element elementor-element-1af0374 elementor-widget elementor-widget-text-editor\" data-id=\"1af0374\" data-element_type=\"widget\" data-e-type=\"widget\" data-widget_type=\"text-editor.default\">\n\t\t\t\t<div class=\"elementor-widget-container\">\n\t\t\t\t\t\t\t\t\t<p>Un mobilit\u00e9 europ\u00e9enne sur le th\u00e8me de Street Art \u00e0 Berlin organis\u00e9e par l&rsquo;association BeArt Toulouse avec la participation des membres du consortium.<\/p>\n<p>Cette mobilit\u00e9 est l&rsquo;occasion de se demander comment le street art et en particulier le graff a vu son statut \u00e9voluer d\u2019une pratique strictement ill\u00e9gale \u00e0 un art majeur expos\u00e9 dans les plus grandes galeries.<\/p>\n<p>Ce voyage au c\u0153ur de Berlin et de ses graffeurs se veut \u00eatre un moment de d\u00e9couverte, d&rsquo;\u00e9changes, de devoir de m\u00e9moire et d\u2019initiation pour les participants de cette mobilit\u00e9 europ\u00e9enne.<\/p>\n<p><\/p>\t\t\t\t\t\t\t\t<\/div>\n\t\t\t\t<\/div>\n\t\t\t\t<div class=\"elementor-element elementor-element-9fb3328 elementor-widget elementor-widget-text-editor\" data-id=\"9fb3328\" data-element_type=\"widget\" data-e-type=\"widget\" data-widget_type=\"text-editor.default\">\n\t\t\t\t<div class=\"elementor-widget-container\">\n\t\t\t\t\t\t\t\t\t<p>Au programme notamment, la Teufelsberg, le local d&rsquo;Artistania, \u00ab\u00a0Les Vitrines\u00a0\u00bb de l&rsquo;Institut Fran\u00e7ais, la galerie The Wall, l&rsquo;East Side Galerie, Urban Nation ou le legacy Hall of frame.<\/p>\t\t\t\t\t\t\t\t<\/div>\n\t\t\t\t<\/div>\n\t\t\t\t\t<\/div>\n\t\t<\/div>\n\t\t\t\t\t<\/div>\n\t\t<\/section>\n\t\t\t\t<section class=\"elementor-section elementor-top-section elementor-element elementor-element-9aa04f1 elementor-section-boxed elementor-section-height-default elementor-section-height-default wpr-particle-no wpr-jarallax-no wpr-parallax-no wpr-sticky-section-no wpr-equal-height-no\" data-id=\"9aa04f1\" data-element_type=\"section\" data-e-type=\"section\">\n\t\t\t\t\t\t<div class=\"elementor-container elementor-column-gap-default\">\n\t\t\t\t\t<div class=\"elementor-column elementor-col-50 elementor-top-column elementor-element elementor-element-609be84\" data-id=\"609be84\" data-element_type=\"column\" data-e-type=\"column\">\n\t\t\t<div class=\"elementor-widget-wrap elementor-element-populated\">\n\t\t\t\t\t\t<div class=\"elementor-element elementor-element-d281b6f elementor-widget elementor-widget-text-editor\" data-id=\"d281b6f\" data-element_type=\"widget\" data-e-type=\"widget\" data-widget_type=\"text-editor.default\">\n\t\t\t\t<div class=\"elementor-widget-container\">\n\t\t\t\t\t\t\t\t\t<p><strong>Le street art comme outil politique<\/strong><br \/>L\u2019art urbain, \u00e0 travers le tag et le graff, a envahi nos villes depuis les ann\u00e9es 70, avec, tr\u00e8s souvent, un message politique explicite. La jeunesse s\u2019est empar\u00e9e de cette pratique pour exprimer sa col\u00e8re. La ville de Berlin, consid\u00e9r\u00e9e comme berceau du graff, au m\u00eame titre que New-York et est devenue une v\u00e9ritable galerie d\u2019art \u00e0 ciel ouvert.<\/p><p>A Berlin, le street art politique est omnipr\u00e9sent et se manifeste \u00e0 travers des fresques murales, des graffitis engag\u00e9s et de multiples installations artistiques. Les artistes locaux et internationaux utilisent depuis plus de 50 ans les murs de la ville pour exprimer leurs opinions politiques, les questions de soci\u00e9t\u00e9s, l\u2019Histoire, l\u2019environnement\u2026.<br \/>Berlin a une longue tradition de contestation et d\u2019expression artistique, en partie due \u00e0 son pass\u00e9 marqu\u00e9 par la division de la ville et la lutte pour la libert\u00e9. Cette histoire dramatique a inspir\u00e9 de nombreux artistes \u00e0 utiliser l\u2019art urbain comme moyen de r\u00e9sistance.<\/p>\t\t\t\t\t\t\t\t<\/div>\n\t\t\t\t<\/div>\n\t\t\t\t\t<\/div>\n\t\t<\/div>\n\t\t\t\t<div class=\"elementor-column elementor-col-50 elementor-top-column elementor-element elementor-element-1eef2f3\" data-id=\"1eef2f3\" data-element_type=\"column\" data-e-type=\"column\">\n\t\t\t<div class=\"elementor-widget-wrap elementor-element-populated\">\n\t\t\t\t\t\t<div class=\"elementor-element elementor-element-7392854 elementor-widget elementor-widget-text-editor\" data-id=\"7392854\" data-element_type=\"widget\" data-e-type=\"widget\" data-widget_type=\"text-editor.default\">\n\t\t\t\t<div class=\"elementor-widget-container\">\n\t\t\t\t\t\t\t\t\t<p>Comment le street art et en particulier le graff a vu son statut \u00e9voluer d\u2019une pratique strictement ill\u00e9gale \u00e0 un art majeur expos\u00e9 dans les plus grandes galeries ?<br \/>Quelles sont les techniques employ\u00e9es dans le street art ? Graffiti, tag, peinture au pochoir, collage, affichage, trompe l\u2019oeil mural ou sol, tricot urbain, flacking, mosa\u00efque&#8230;<br \/>Pourquoi proposer une mobilit\u00e9 europ\u00e9enne sur cette th\u00e9matique et cette ville ?<br \/>Be Art Toulouse est confront\u00e9e \u00e0 beaucoup de street artistes du monde entier et en particulier dans des zones difficiles o\u00f9 beaucoup risquent leurs vies en cr\u00e9ant, d\u2019autres ont fui le r\u00e9gime en place, d\u2019autres encore ont vu leurs cr\u00e9ations effac\u00e9es. Comment les aider \u00e0 diffuser leurs travaux, sur quels supports ?<br \/>Cette mobilit\u00e9 Erasmus+ se veut \u00eatre un moment de d\u00e9couverte, d\u2019\u00e9changes, de devoir de m\u00e9moire et d\u2019initiation.<\/p>\t\t\t\t\t\t\t\t<\/div>\n\t\t\t\t<\/div>\n\t\t\t\t\t<\/div>\n\t\t<\/div>\n\t\t\t\t\t<\/div>\n\t\t<\/section>\n\t\t\t\t<section class=\"elementor-section elementor-top-section elementor-element elementor-element-268adf7 elementor-section-boxed elementor-section-height-default elementor-section-height-default wpr-particle-no wpr-jarallax-no wpr-parallax-no wpr-sticky-section-no wpr-equal-height-no\" data-id=\"268adf7\" data-element_type=\"section\" data-e-type=\"section\">\n\t\t\t\t\t\t<div class=\"elementor-container elementor-column-gap-default\">\n\t\t\t\t\t<div class=\"elementor-column elementor-col-100 elementor-top-column elementor-element elementor-element-47a7014\" data-id=\"47a7014\" data-element_type=\"column\" data-e-type=\"column\">\n\t\t\t<div class=\"elementor-widget-wrap elementor-element-populated\">\n\t\t\t\t\t\t<div class=\"elementor-element elementor-element-857abc8 elementor-widget elementor-widget-video\" data-id=\"857abc8\" data-element_type=\"widget\" data-e-type=\"widget\" data-settings=\"{&quot;youtube_url&quot;:&quot;https:\\\/\\\/youtu.be\\\/OuMLzieX4eI?si=8gAYQQSq3ss9Ej0x&quot;,&quot;video_type&quot;:&quot;youtube&quot;,&quot;controls&quot;:&quot;yes&quot;}\" data-widget_type=\"video.default\">\n\t\t\t\t<div class=\"elementor-widget-container\">\n\t\t\t\t\t\t\t<div class=\"elementor-wrapper elementor-open-inline\">\n\t\t\t<div class=\"elementor-video\"><\/div>\t\t<\/div>\n\t\t\t\t\t\t<\/div>\n\t\t\t\t<\/div>\n\t\t\t\t\t<\/div>\n\t\t<\/div>\n\t\t\t\t\t<\/div>\n\t\t<\/section>\n\t\t\t\t<\/div>\n\t\t","protected":false},"excerpt":{"rendered":"<p>Sous l&rsquo;impulsion de l&rsquo;association BEART, 24 membres du Consortium Samba R\u00e9sille vont explorer les lieux forts du street art de la capitale allemande.<\/p>\n","protected":false},"author":2,"featured_media":6020,"comment_status":"closed","ping_status":"closed","sticky":false,"template":"","format":"standard","meta":{"footnotes":""},"categories":[48,45,74,57,27,43,39,26],"tags":[],"class_list":["post-9071","post","type-post","status-publish","format-standard","has-post-thumbnail","hentry","category-48","category-adultes","category-age","category-allemagne","category-projet","category-projet-europeen","category-stage-dobservation","category-zoom"],"_links":{"self":[{"href":"https:\/\/samba-resille.org\/international-platform\/wp-json\/wp\/v2\/posts\/9071","targetHints":{"allow":["GET"]}}],"collection":[{"href":"https:\/\/samba-resille.org\/international-platform\/wp-json\/wp\/v2\/posts"}],"about":[{"href":"https:\/\/samba-resille.org\/international-platform\/wp-json\/wp\/v2\/types\/post"}],"author":[{"embeddable":true,"href":"https:\/\/samba-resille.org\/international-platform\/wp-json\/wp\/v2\/users\/2"}],"replies":[{"embeddable":true,"href":"https:\/\/samba-resille.org\/international-platform\/wp-json\/wp\/v2\/comments?post=9071"}],"version-history":[{"count":10,"href":"https:\/\/samba-resille.org\/international-platform\/wp-json\/wp\/v2\/posts\/9071\/revisions"}],"predecessor-version":[{"id":9320,"href":"https:\/\/samba-resille.org\/international-platform\/wp-json\/wp\/v2\/posts\/9071\/revisions\/9320"}],"wp:featuredmedia":[{"embeddable":true,"href":"https:\/\/samba-resille.org\/international-platform\/wp-json\/wp\/v2\/media\/6020"}],"wp:attachment":[{"href":"https:\/\/samba-resille.org\/international-platform\/wp-json\/wp\/v2\/media?parent=9071"}],"wp:term":[{"taxonomy":"category","embeddable":true,"href":"https:\/\/samba-resille.org\/international-platform\/wp-json\/wp\/v2\/categories?post=9071"},{"taxonomy":"post_tag","embeddable":true,"href":"https:\/\/samba-resille.org\/international-platform\/wp-json\/wp\/v2\/tags?post=9071"}],"curies":[{"name":"wp","href":"https:\/\/api.w.org\/{rel}","templated":true}]}}