{"id":9161,"date":"2025-02-14T14:21:49","date_gmt":"2025-02-14T14:21:49","guid":{"rendered":"https:\/\/samba-resille.org\/international-platform\/?p=9161"},"modified":"2025-03-04T14:00:37","modified_gmt":"2025-03-04T14:00:37","slug":"departs-imminents-pour-leurope-du-17-au-23-fevrier","status":"publish","type":"post","link":"https:\/\/samba-resille.org\/international-platform\/2025\/02\/14\/departs-imminents-pour-leurope-du-17-au-23-fevrier\/","title":{"rendered":"D\u00e9parts imminents pour l&rsquo;Europe ! du 17 au 23 f\u00e9vrier"},"content":{"rendered":"\t\t<div data-elementor-type=\"wp-post\" data-elementor-id=\"9161\" class=\"elementor elementor-9161\" wpc-filter-elementor-widget=\"1\" data-elementor-post-type=\"post\">\n\t\t\t\t\t\t<section class=\"elementor-section elementor-top-section elementor-element elementor-element-7d0e344 elementor-section-boxed elementor-section-height-default elementor-section-height-default wpr-particle-no wpr-jarallax-no wpr-parallax-no wpr-sticky-section-no wpr-equal-height-no\" data-id=\"7d0e344\" data-element_type=\"section\" data-e-type=\"section\">\n\t\t\t\t\t\t<div class=\"elementor-container elementor-column-gap-default\">\n\t\t\t\t\t<div class=\"elementor-column elementor-col-100 elementor-top-column elementor-element elementor-element-da24dca\" data-id=\"da24dca\" data-element_type=\"column\" data-e-type=\"column\">\n\t\t\t<div class=\"elementor-widget-wrap elementor-element-populated\">\n\t\t\t\t\t\t<div class=\"elementor-element elementor-element-432c9fa elementor-widget elementor-widget-text-editor\" data-id=\"432c9fa\" data-element_type=\"widget\" data-e-type=\"widget\" data-widget_type=\"text-editor.default\">\n\t\t\t\t<div class=\"elementor-widget-container\">\n\t\t\t\t\t\t\t\t\t<p><strong>Une semaine intens\u00e9ment europ\u00e9enne pour les \u00e9quipes de Samba R\u00e9sille et de son consortium europ\u00e9en\u2026 \u00e0 suivre sur nos r\u00e9seaux !<\/strong><\/p>\t\t\t\t\t\t\t\t<\/div>\n\t\t\t\t<\/div>\n\t\t\t\t\t<\/div>\n\t\t<\/div>\n\t\t\t\t\t<\/div>\n\t\t<\/section>\n\t\t\t\t<section class=\"elementor-section elementor-top-section elementor-element elementor-element-72c958c elementor-section-boxed elementor-section-height-default elementor-section-height-default wpr-particle-no wpr-jarallax-no wpr-parallax-no wpr-sticky-section-no wpr-equal-height-no\" data-id=\"72c958c\" data-element_type=\"section\" data-e-type=\"section\">\n\t\t\t\t\t\t<div class=\"elementor-container elementor-column-gap-default\">\n\t\t\t\t\t<div class=\"elementor-column elementor-col-50 elementor-top-column elementor-element elementor-element-6d5ff47\" data-id=\"6d5ff47\" data-element_type=\"column\" data-e-type=\"column\">\n\t\t\t<div class=\"elementor-widget-wrap elementor-element-populated\">\n\t\t\t\t\t\t<div class=\"elementor-element elementor-element-1f16443 elementor-widget elementor-widget-heading\" data-id=\"1f16443\" data-element_type=\"widget\" data-e-type=\"widget\" data-widget_type=\"heading.default\">\n\t\t\t\t<div class=\"elementor-widget-container\">\n\t\t\t\t\t<h2 class=\"elementor-heading-title elementor-size-default\">Salamanque, Espagne<\/h2>\t\t\t\t<\/div>\n\t\t\t\t<\/div>\n\t\t\t\t\t<\/div>\n\t\t<\/div>\n\t\t\t\t<div class=\"elementor-column elementor-col-50 elementor-top-column elementor-element elementor-element-55f34fb\" data-id=\"55f34fb\" data-element_type=\"column\" data-e-type=\"column\">\n\t\t\t<div class=\"elementor-widget-wrap elementor-element-populated\">\n\t\t\t\t\t\t<div class=\"elementor-element elementor-element-17b37fa elementor-widget elementor-widget-heading\" data-id=\"17b37fa\" data-element_type=\"widget\" data-e-type=\"widget\" data-widget_type=\"heading.default\">\n\t\t\t\t<div class=\"elementor-widget-container\">\n\t\t\t\t\t<h2 class=\"elementor-heading-title elementor-size-default\">Kourion, Chypre<\/h2>\t\t\t\t<\/div>\n\t\t\t\t<\/div>\n\t\t\t\t\t<\/div>\n\t\t<\/div>\n\t\t\t\t\t<\/div>\n\t\t<\/section>\n\t\t\t\t<section class=\"elementor-section elementor-top-section elementor-element elementor-element-3cc1696 elementor-section-boxed elementor-section-height-default elementor-section-height-default wpr-particle-no wpr-jarallax-no wpr-parallax-no wpr-sticky-section-no wpr-equal-height-no\" data-id=\"3cc1696\" data-element_type=\"section\" data-e-type=\"section\">\n\t\t\t\t\t\t<div class=\"elementor-container elementor-column-gap-default\">\n\t\t\t\t\t<div class=\"elementor-column elementor-col-50 elementor-top-column elementor-element elementor-element-8c9d888\" data-id=\"8c9d888\" data-element_type=\"column\" data-e-type=\"column\">\n\t\t\t<div class=\"elementor-widget-wrap elementor-element-populated\">\n\t\t\t\t\t\t<div class=\"elementor-element elementor-element-67df411 elementor-widget elementor-widget-text-editor\" data-id=\"67df411\" data-element_type=\"widget\" data-e-type=\"widget\" data-widget_type=\"text-editor.default\">\n\t\t\t\t<div class=\"elementor-widget-container\">\n\t\t\t\t\t\t\t\t\t<p><b>Une Mobilit\u00e9 pour les membres de Samba R\u00e9sille avec<\/b><a href=\"https:\/\/www.bloccocharro.es\/\" target=\"_blank\" rel=\"noopener\"> <b>Blocco Charro<\/b><\/a>, batucada espagnole, et ses formateurs autour du perfectionnement du jeu de batucada, la d\u00e9couverte de nos nouveaux partenaires, l&rsquo;acquisition de nouvelles techniques et de nouveaux morceaux, <b>mais surtout la prise d&rsquo;initiatives b\u00e9n\u00e9voles.<\/b>\u00a0<\/p><p>L&rsquo;ensemble de ces apprentissages visent \u00e0 am\u00e9liorer la coordination corporelle, la ma\u00eetrise de son corps, l&rsquo;aisance dans les interactions sociales ainsi que la coh\u00e9sion de groupe et permettront l&rsquo;augmentation de la qualit\u00e9 artistique des spectacles de la Compagnie Samba R\u00e9sille et de l&rsquo;investissement associatif au sens large (participation \u00e0 des commissions, b\u00e9n\u00e9volat lors de sorties ou de concerts etc&#8230;).<\/p>\t\t\t\t\t\t\t\t<\/div>\n\t\t\t\t<\/div>\n\t\t\t\t<div class=\"elementor-element elementor-element-99f96af elementor-widget elementor-widget-image\" data-id=\"99f96af\" data-element_type=\"widget\" data-e-type=\"widget\" data-widget_type=\"image.default\">\n\t\t\t\t<div class=\"elementor-widget-container\">\n\t\t\t\t\t\t\t\t\t\t\t\t\t\t\t<img fetchpriority=\"high\" decoding=\"async\" width=\"560\" height=\"585\" src=\"https:\/\/samba-resille.org\/international-platform\/wp-content\/uploads\/2025\/02\/blocco-charro.jpg\" class=\"attachment-large size-large wp-image-9164\" alt=\"\" srcset=\"https:\/\/samba-resille.org\/international-platform\/wp-content\/uploads\/2025\/02\/blocco-charro.jpg 560w, https:\/\/samba-resille.org\/international-platform\/wp-content\/uploads\/2025\/02\/blocco-charro-287x300.jpg 287w, https:\/\/samba-resille.org\/international-platform\/wp-content\/uploads\/2025\/02\/blocco-charro-11x12.jpg 11w, https:\/\/samba-resille.org\/international-platform\/wp-content\/uploads\/2025\/02\/blocco-charro-24x24.jpg 24w, https:\/\/samba-resille.org\/international-platform\/wp-content\/uploads\/2025\/02\/blocco-charro-34x36.jpg 34w, https:\/\/samba-resille.org\/international-platform\/wp-content\/uploads\/2025\/02\/blocco-charro-46x48.jpg 46w\" sizes=\"(max-width: 560px) 100vw, 560px\" \/>\t\t\t\t\t\t\t\t\t\t\t\t\t\t\t<\/div>\n\t\t\t\t<\/div>\n\t\t\t\t\t<\/div>\n\t\t<\/div>\n\t\t\t\t<div class=\"elementor-column elementor-col-50 elementor-top-column elementor-element elementor-element-30b6677\" data-id=\"30b6677\" data-element_type=\"column\" data-e-type=\"column\">\n\t\t\t<div class=\"elementor-widget-wrap elementor-element-populated\">\n\t\t\t\t\t\t<div class=\"elementor-element elementor-element-34d5051 elementor-widget elementor-widget-image\" data-id=\"34d5051\" data-element_type=\"widget\" data-e-type=\"widget\" data-widget_type=\"image.default\">\n\t\t\t\t<div class=\"elementor-widget-container\">\n\t\t\t\t\t\t\t\t\t\t\t\t\t\t\t<img decoding=\"async\" width=\"800\" height=\"302\" src=\"https:\/\/samba-resille.org\/international-platform\/wp-content\/uploads\/2025\/02\/kourion2023-1024x387.jpg\" class=\"attachment-large size-large wp-image-9163\" alt=\"\" srcset=\"https:\/\/samba-resille.org\/international-platform\/wp-content\/uploads\/2025\/02\/kourion2023-1024x387.jpg 1024w, https:\/\/samba-resille.org\/international-platform\/wp-content\/uploads\/2025\/02\/kourion2023-300x113.jpg 300w, https:\/\/samba-resille.org\/international-platform\/wp-content\/uploads\/2025\/02\/kourion2023-768x290.jpg 768w, https:\/\/samba-resille.org\/international-platform\/wp-content\/uploads\/2025\/02\/kourion2023-1536x581.jpg 1536w, https:\/\/samba-resille.org\/international-platform\/wp-content\/uploads\/2025\/02\/kourion2023-18x7.jpg 18w, https:\/\/samba-resille.org\/international-platform\/wp-content\/uploads\/2025\/02\/kourion2023-24x9.jpg 24w, https:\/\/samba-resille.org\/international-platform\/wp-content\/uploads\/2025\/02\/kourion2023-36x14.jpg 36w, https:\/\/samba-resille.org\/international-platform\/wp-content\/uploads\/2025\/02\/kourion2023-48x18.jpg 48w, https:\/\/samba-resille.org\/international-platform\/wp-content\/uploads\/2025\/02\/kourion2023.jpg 1587w\" sizes=\"(max-width: 800px) 100vw, 800px\" \/>\t\t\t\t\t\t\t\t\t\t\t\t\t\t\t<\/div>\n\t\t\t\t<\/div>\n\t\t\t\t<div class=\"elementor-element elementor-element-76fb441 elementor-widget elementor-widget-text-editor\" data-id=\"76fb441\" data-element_type=\"widget\" data-e-type=\"widget\" data-widget_type=\"text-editor.default\">\n\t\t\t\t<div class=\"elementor-widget-container\">\n\t\t\t\t\t\t\t\t\t<p><b>Une mobilit\u00e9 Erasmus+ qui int\u00e8gre les membres du Consortium Erasmus Plus de Samba R\u00e9sille.<\/b><\/p><p>Suite \u00e0 une premi\u00e8re mobilit\u00e9 et une rencontre avec<a href=\"https:\/\/www.kourion2030.eu\/home-1\"> <b>Kourion, candidate au titre de capitale europ\u00e9enne de la culture 2030<\/b><\/a><b>, l<\/b>es \u00e9changes ont permis de d\u00e9terminer un souhait r\u00e9ciproque de d\u00e9velopper une coop\u00e9ration durable autour des enjeux suivants :<\/p><p><b>&#8211; Les \u00e9changes<\/b> entre acteurs culturels et artistes des cultures m\u00e9diterran\u00e9ennes et la capacit\u00e9 de nos cultures \u00e0 \u00e9changer positivement avec les autres cultures du monde.<br \/><b>&#8211; Les d\u00e9fis environnementaux<\/b> qu\u2019ils soient structurels (mobilit\u00e9 douce etc.) ou relatifs au contexte m\u00e9diterran\u00e9en (sensibilisation environnementale).<br \/><b>&#8211; La mutualisation de nos expertises<\/b> dans le domaine de la coop\u00e9ration europ\u00e9enne et internationale.<\/p><p>Les participants auditeront les besoins du partenaire chypriote en fonction de l&rsquo;expertise de leur association et formuler des propositions d&rsquo;actions concr\u00e8tes prospectives en concertation avec lui. Ces actions pourront se concr\u00e9tiser ult\u00e9rieurement aupr\u00e8s de notre partenaire chypriote lors de mobilit\u00e9s \u00e0 programmer en 2025 et 2026.<\/p><p><b>Concernant Samba R\u00e9sille,<\/b> cette coop\u00e9ration vise \u00e0 poser les premiers jalons \u00e0 travers cette mobilit\u00e9 en s\u2019appuyant sur l&rsquo;actualit\u00e9 de la<a href=\"https:\/\/samba-resille.org\/site\/#francebresil\"> <b>Saison Br\u00e9sil-France<\/b><\/a> et ses th\u00e9matiques (environnement maritime, dialogue interculturel). Les missions de la premi\u00e8re mobilit\u00e9 seront donc li\u00e9es \u00e0 :\u00a0<\/p><p>&#8211; La rencontre d\u2019<b>acteurs institutionnels<\/b> autour de la candidature Kourion 2030 et son plan de d\u00e9veloppement europ\u00e9en.<br \/>&#8211; La rencontre d\u2019<b>acteurs culturels<\/b> (en particulier li\u00e9s \u00e0 la musique et aux arts dans l\u2019espace public) en vue de dynamiser les \u00e9changes culturels et les exports de productions artistiques.<br \/>&#8211; La rencontre d\u2019<b>acteurs environnementaux<\/b> (sciences environnementales, activisme \u00e9cologique) afin de d\u00e9velopper une culture environnementale commune \u00e0 nos deux versants du bassin m\u00e9diterran\u00e9e.<\/p>\t\t\t\t\t\t\t\t<\/div>\n\t\t\t\t<\/div>\n\t\t\t\t\t<\/div>\n\t\t<\/div>\n\t\t\t\t\t<\/div>\n\t\t<\/section>\n\t\t\t\t<section class=\"elementor-section elementor-top-section elementor-element elementor-element-3e40ea0 elementor-section-boxed elementor-section-height-default elementor-section-height-default wpr-particle-no wpr-jarallax-no wpr-parallax-no wpr-sticky-section-no wpr-equal-height-no\" data-id=\"3e40ea0\" data-element_type=\"section\" data-e-type=\"section\">\n\t\t\t\t\t\t<div class=\"elementor-container elementor-column-gap-default\">\n\t\t\t\t\t<div class=\"elementor-column elementor-col-50 elementor-top-column elementor-element elementor-element-f6cd61b\" data-id=\"f6cd61b\" data-element_type=\"column\" data-e-type=\"column\">\n\t\t\t<div class=\"elementor-widget-wrap\">\n\t\t\t\t\t\t\t<\/div>\n\t\t<\/div>\n\t\t\t\t<div class=\"elementor-column elementor-col-50 elementor-top-column elementor-element elementor-element-4410d7e\" data-id=\"4410d7e\" data-element_type=\"column\" data-e-type=\"column\">\n\t\t\t<div class=\"elementor-widget-wrap elementor-element-populated\">\n\t\t\t\t\t\t<div class=\"elementor-element elementor-element-1457d6b elementor-widget elementor-widget-image\" data-id=\"1457d6b\" data-element_type=\"widget\" data-e-type=\"widget\" data-widget_type=\"image.default\">\n\t\t\t\t<div class=\"elementor-widget-container\">\n\t\t\t\t\t\t\t\t\t\t\t\t\t\t\t<img decoding=\"async\" width=\"800\" height=\"600\" src=\"https:\/\/samba-resille.org\/international-platform\/wp-content\/uploads\/2025\/02\/Kourion-\u00a9SR-1024x768.jpeg\" class=\"attachment-large size-large wp-image-9165\" alt=\"\" srcset=\"https:\/\/samba-resille.org\/international-platform\/wp-content\/uploads\/2025\/02\/Kourion-\u00a9SR-1024x768.jpeg 1024w, https:\/\/samba-resille.org\/international-platform\/wp-content\/uploads\/2025\/02\/Kourion-\u00a9SR-300x225.jpeg 300w, https:\/\/samba-resille.org\/international-platform\/wp-content\/uploads\/2025\/02\/Kourion-\u00a9SR-768x576.jpeg 768w, https:\/\/samba-resille.org\/international-platform\/wp-content\/uploads\/2025\/02\/Kourion-\u00a9SR-1536x1152.jpeg 1536w, https:\/\/samba-resille.org\/international-platform\/wp-content\/uploads\/2025\/02\/Kourion-\u00a9SR-16x12.jpeg 16w, https:\/\/samba-resille.org\/international-platform\/wp-content\/uploads\/2025\/02\/Kourion-\u00a9SR-24x18.jpeg 24w, https:\/\/samba-resille.org\/international-platform\/wp-content\/uploads\/2025\/02\/Kourion-\u00a9SR-36x27.jpeg 36w, https:\/\/samba-resille.org\/international-platform\/wp-content\/uploads\/2025\/02\/Kourion-\u00a9SR-48x36.jpeg 48w, https:\/\/samba-resille.org\/international-platform\/wp-content\/uploads\/2025\/02\/Kourion-\u00a9SR.jpeg 1600w\" sizes=\"(max-width: 800px) 100vw, 800px\" \/>\t\t\t\t\t\t\t\t\t\t\t\t\t\t\t<\/div>\n\t\t\t\t<\/div>\n\t\t\t\t\t<\/div>\n\t\t<\/div>\n\t\t\t\t\t<\/div>\n\t\t<\/section>\n\t\t\t\t<\/div>\n\t\t","protected":false},"excerpt":{"rendered":"<p>Deux mobilit\u00e9s europ\u00e9ennes au programme : l&rsquo;une en Espagne \u00e0 Salamanque, l&rsquo;autre \u00e0 Kourion, Chypre.<\/p>\n","protected":false},"author":12,"featured_media":1146,"comment_status":"closed","ping_status":"closed","sticky":false,"template":"","format":"standard","meta":{"footnotes":""},"categories":[1],"tags":[],"class_list":["post-9161","post","type-post","status-publish","format-standard","has-post-thumbnail","hentry","category-uncategorized"],"_links":{"self":[{"href":"https:\/\/samba-resille.org\/international-platform\/wp-json\/wp\/v2\/posts\/9161","targetHints":{"allow":["GET"]}}],"collection":[{"href":"https:\/\/samba-resille.org\/international-platform\/wp-json\/wp\/v2\/posts"}],"about":[{"href":"https:\/\/samba-resille.org\/international-platform\/wp-json\/wp\/v2\/types\/post"}],"author":[{"embeddable":true,"href":"https:\/\/samba-resille.org\/international-platform\/wp-json\/wp\/v2\/users\/12"}],"replies":[{"embeddable":true,"href":"https:\/\/samba-resille.org\/international-platform\/wp-json\/wp\/v2\/comments?post=9161"}],"version-history":[{"count":22,"href":"https:\/\/samba-resille.org\/international-platform\/wp-json\/wp\/v2\/posts\/9161\/revisions"}],"predecessor-version":[{"id":9191,"href":"https:\/\/samba-resille.org\/international-platform\/wp-json\/wp\/v2\/posts\/9161\/revisions\/9191"}],"wp:featuredmedia":[{"embeddable":true,"href":"https:\/\/samba-resille.org\/international-platform\/wp-json\/wp\/v2\/media\/1146"}],"wp:attachment":[{"href":"https:\/\/samba-resille.org\/international-platform\/wp-json\/wp\/v2\/media?parent=9161"}],"wp:term":[{"taxonomy":"category","embeddable":true,"href":"https:\/\/samba-resille.org\/international-platform\/wp-json\/wp\/v2\/categories?post=9161"},{"taxonomy":"post_tag","embeddable":true,"href":"https:\/\/samba-resille.org\/international-platform\/wp-json\/wp\/v2\/tags?post=9161"}],"curies":[{"name":"wp","href":"https:\/\/api.w.org\/{rel}","templated":true}]}}