{"id":9382,"date":"2025-06-26T10:05:34","date_gmt":"2025-06-26T10:05:34","guid":{"rendered":"https:\/\/samba-resille.org\/international-platform\/?p=9382"},"modified":"2025-06-30T10:41:18","modified_gmt":"2025-06-30T10:41:18","slug":"mobilite-turin-italie-du-23-au-31-juillet-2025","status":"publish","type":"post","link":"https:\/\/samba-resille.org\/international-platform\/2025\/06\/26\/mobilite-turin-italie-du-23-au-31-juillet-2025\/","title":{"rendered":"Mobilit\u00e9 Turin  &#8211; Du  23 au  31 juillet"},"content":{"rendered":"\t\t<div data-elementor-type=\"wp-post\" data-elementor-id=\"9382\" class=\"elementor elementor-9382\" wpc-filter-elementor-widget=\"1\" data-elementor-post-type=\"post\">\n\t\t\t\t\t\t<section class=\"elementor-section elementor-top-section elementor-element elementor-element-30fd6e4 elementor-section-boxed elementor-section-height-default elementor-section-height-default wpr-particle-no wpr-jarallax-no wpr-parallax-no wpr-sticky-section-no wpr-equal-height-no\" data-id=\"30fd6e4\" data-element_type=\"section\" data-e-type=\"section\">\n\t\t\t\t\t\t<div class=\"elementor-container elementor-column-gap-default\">\n\t\t\t\t\t<div class=\"elementor-column elementor-col-50 elementor-top-column elementor-element elementor-element-9217320\" data-id=\"9217320\" data-element_type=\"column\" data-e-type=\"column\">\n\t\t\t<div class=\"elementor-widget-wrap elementor-element-populated\">\n\t\t\t\t\t\t<div class=\"elementor-element elementor-element-eab5de1 elementor-widget elementor-widget-image\" data-id=\"eab5de1\" data-element_type=\"widget\" data-e-type=\"widget\" data-widget_type=\"image.default\">\n\t\t\t\t<div class=\"elementor-widget-container\">\n\t\t\t\t\t\t\t\t\t\t\t\t\t\t\t<img fetchpriority=\"high\" decoding=\"async\" width=\"800\" height=\"600\" src=\"https:\/\/samba-resille.org\/international-platform\/wp-content\/uploads\/2025\/06\/IMG_7068-1024x768.jpg\" class=\"attachment-large size-large wp-image-9384\" alt=\"\" srcset=\"https:\/\/samba-resille.org\/international-platform\/wp-content\/uploads\/2025\/06\/IMG_7068-1024x768.jpg 1024w, https:\/\/samba-resille.org\/international-platform\/wp-content\/uploads\/2025\/06\/IMG_7068-300x225.jpg 300w, https:\/\/samba-resille.org\/international-platform\/wp-content\/uploads\/2025\/06\/IMG_7068-768x576.jpg 768w, https:\/\/samba-resille.org\/international-platform\/wp-content\/uploads\/2025\/06\/IMG_7068-1536x1152.jpg 1536w, https:\/\/samba-resille.org\/international-platform\/wp-content\/uploads\/2025\/06\/IMG_7068-2048x1536.jpg 2048w, https:\/\/samba-resille.org\/international-platform\/wp-content\/uploads\/2025\/06\/IMG_7068-16x12.jpg 16w, https:\/\/samba-resille.org\/international-platform\/wp-content\/uploads\/2025\/06\/IMG_7068-24x18.jpg 24w, https:\/\/samba-resille.org\/international-platform\/wp-content\/uploads\/2025\/06\/IMG_7068-36x27.jpg 36w, https:\/\/samba-resille.org\/international-platform\/wp-content\/uploads\/2025\/06\/IMG_7068-48x36.jpg 48w\" sizes=\"(max-width: 800px) 100vw, 800px\" \/>\t\t\t\t\t\t\t\t\t\t\t\t\t\t\t<\/div>\n\t\t\t\t<\/div>\n\t\t\t\t<div class=\"elementor-element elementor-element-bc51193 elementor-widget elementor-widget-image\" data-id=\"bc51193\" data-element_type=\"widget\" data-e-type=\"widget\" data-widget_type=\"image.default\">\n\t\t\t\t<div class=\"elementor-widget-container\">\n\t\t\t\t\t\t\t\t\t\t\t\t\t\t\t<img decoding=\"async\" width=\"800\" height=\"600\" src=\"https:\/\/samba-resille.org\/international-platform\/wp-content\/uploads\/2025\/06\/IMG_6995-1024x768.jpg\" class=\"attachment-large size-large wp-image-9386\" alt=\"\" srcset=\"https:\/\/samba-resille.org\/international-platform\/wp-content\/uploads\/2025\/06\/IMG_6995-1024x768.jpg 1024w, https:\/\/samba-resille.org\/international-platform\/wp-content\/uploads\/2025\/06\/IMG_6995-300x225.jpg 300w, https:\/\/samba-resille.org\/international-platform\/wp-content\/uploads\/2025\/06\/IMG_6995-768x576.jpg 768w, https:\/\/samba-resille.org\/international-platform\/wp-content\/uploads\/2025\/06\/IMG_6995-1536x1152.jpg 1536w, https:\/\/samba-resille.org\/international-platform\/wp-content\/uploads\/2025\/06\/IMG_6995-2048x1536.jpg 2048w, https:\/\/samba-resille.org\/international-platform\/wp-content\/uploads\/2025\/06\/IMG_6995-16x12.jpg 16w, https:\/\/samba-resille.org\/international-platform\/wp-content\/uploads\/2025\/06\/IMG_6995-24x18.jpg 24w, https:\/\/samba-resille.org\/international-platform\/wp-content\/uploads\/2025\/06\/IMG_6995-36x27.jpg 36w, https:\/\/samba-resille.org\/international-platform\/wp-content\/uploads\/2025\/06\/IMG_6995-48x36.jpg 48w\" sizes=\"(max-width: 800px) 100vw, 800px\" \/>\t\t\t\t\t\t\t\t\t\t\t\t\t\t\t<\/div>\n\t\t\t\t<\/div>\n\t\t\t\t\t<\/div>\n\t\t<\/div>\n\t\t\t\t<div class=\"elementor-column elementor-col-50 elementor-top-column elementor-element elementor-element-559a918\" data-id=\"559a918\" data-element_type=\"column\" data-e-type=\"column\">\n\t\t\t<div class=\"elementor-widget-wrap elementor-element-populated\">\n\t\t\t\t\t\t<div class=\"elementor-element elementor-element-f34f29e elementor-widget elementor-widget-text-editor\" data-id=\"f34f29e\" data-element_type=\"widget\" data-e-type=\"widget\" data-widget_type=\"text-editor.default\">\n\t\t\t\t<div class=\"elementor-widget-container\">\n\t\t\t\t\t\t\t\t\t<p>Cette mobilit\u00e9 construite avec la compagnie turinoise\u00a0<strong>Enjoy<\/strong>, nos fid\u00e8les partenaires rencontr\u00e9s en 2016 au carnaval de Liverpool, permettra d\u2019explorer des\u00a0<strong>techniques th\u00e9\u00e2trales\u00a0d\u00e9veloppant l\u2019implication des participant(e)s et la coh\u00e9sion de groupe<\/strong>. Les activit\u00e9s sont tr\u00e8s simples et accessibles \u00e0 tous, quelle que soit son exp\u00e9rience de la sc\u00e8ne.<\/p><p>Les cours prendront place dans le tout\u00a0<strong>nouveau th\u00e9\u00e2tre de r\u00e9sidence<\/strong>\u00a0de la Compagnie Enjoy, \u00e0\u00a0<strong>Borgaro Torinese<\/strong>, au nord de la ville.<\/p><p>Elle s&rsquo;adresse\u00a0\u00e0 tous les adh\u00e9rent(e)s et salari\u00e9(e)s des 10 associations du consortium. Les cours\u00a0seront d\u00e9livr\u00e9s dans un anglais tr\u00e8s accessible et avec traduction si besoin par\u00a0<strong>Simone Musumeci<\/strong>\u00a0et\u00a0<strong>Alessio Santini,<\/strong>\u00a0le directeur d&rsquo;Enjoy.<\/p><p>Leurs techniques sont inspir\u00e9es aussi bien de la\u00a0<strong>Commedia dell\u2019arte\u00a0<\/strong>italienne que du\u00a0r\u00e9volutionnaire metteur en sc\u00e8ne polonais\u00a0<strong>Grotowski<\/strong>, partisan d&rsquo;un \u201cth\u00e9\u00e2tre pauvre\u201d qui d\u00e9laisse les artifices pour\u00a0se concentrer sur l\u2019intensit\u00e9 et la v\u00e9rit\u00e9 du jeu. Grotowski a par ailleurs beaucoup \u00e9tudi\u00e9 les expressions th\u00e9\u00e2trales \u00e0 travers le monde, avec une attention particuli\u00e8re aux notions de rite et de transe.<\/p><p>Les techniques d\u00e9velopp\u00e9es par Enjoy visent la\u00a0<strong>lib\u00e9ration du corps, le d\u00e9voilement de soi et le l\u00e2cher prise comme acte collectif<\/strong>, et seront \u00e0 ce titre\u00a0b\u00e9n\u00e9fiques pour les performances sc\u00e9niques des\u00a0artistes participant(e)s\u00a0mais aussi pour la qualit\u00e9 de la vie personnelle comme associative.\u00a0<\/p><p>Le tout dans une ambiance conviviale dont Enjoy a le secret, avec la\u00a0<strong>gastronomie italienne<\/strong>\u00a0comme composante \u00e0 part enti\u00e8re des activit\u00e9s !<\/p>\t\t\t\t\t\t\t\t<\/div>\n\t\t\t\t<\/div>\n\t\t\t\t\t<\/div>\n\t\t<\/div>\n\t\t\t\t\t<\/div>\n\t\t<\/section>\n\t\t\t\t<\/div>\n\t\t","protected":false},"excerpt":{"rendered":"<p>Cette mobilit\u00e9 construite avec la compagnie turinoise\u00a0Enjoy, nos fid\u00e8les partenaires rencontr\u00e9s en 2016 au carnaval de Liverpool, permettra d\u2019explorer des\u00a0techniques th\u00e9\u00e2trales\u00a0d\u00e9veloppant l\u2019implication des participant(e)s et la coh\u00e9sion de groupe. Les activit\u00e9s sont tr\u00e8s simples et accessibles \u00e0 tous, quelle que soit son exp\u00e9rience de la sc\u00e8ne.<\/p>\n","protected":false},"author":14,"featured_media":9345,"comment_status":"closed","ping_status":"closed","sticky":false,"template":"","format":"standard","meta":{"footnotes":""},"categories":[80,45,43],"tags":[],"class_list":["post-9382","post","type-post","status-publish","format-standard","has-post-thumbnail","hentry","category-80","category-adultes","category-projet-europeen"],"_links":{"self":[{"href":"https:\/\/samba-resille.org\/international-platform\/wp-json\/wp\/v2\/posts\/9382","targetHints":{"allow":["GET"]}}],"collection":[{"href":"https:\/\/samba-resille.org\/international-platform\/wp-json\/wp\/v2\/posts"}],"about":[{"href":"https:\/\/samba-resille.org\/international-platform\/wp-json\/wp\/v2\/types\/post"}],"author":[{"embeddable":true,"href":"https:\/\/samba-resille.org\/international-platform\/wp-json\/wp\/v2\/users\/14"}],"replies":[{"embeddable":true,"href":"https:\/\/samba-resille.org\/international-platform\/wp-json\/wp\/v2\/comments?post=9382"}],"version-history":[{"count":13,"href":"https:\/\/samba-resille.org\/international-platform\/wp-json\/wp\/v2\/posts\/9382\/revisions"}],"predecessor-version":[{"id":9442,"href":"https:\/\/samba-resille.org\/international-platform\/wp-json\/wp\/v2\/posts\/9382\/revisions\/9442"}],"wp:featuredmedia":[{"embeddable":true,"href":"https:\/\/samba-resille.org\/international-platform\/wp-json\/wp\/v2\/media\/9345"}],"wp:attachment":[{"href":"https:\/\/samba-resille.org\/international-platform\/wp-json\/wp\/v2\/media?parent=9382"}],"wp:term":[{"taxonomy":"category","embeddable":true,"href":"https:\/\/samba-resille.org\/international-platform\/wp-json\/wp\/v2\/categories?post=9382"},{"taxonomy":"post_tag","embeddable":true,"href":"https:\/\/samba-resille.org\/international-platform\/wp-json\/wp\/v2\/tags?post=9382"}],"curies":[{"name":"wp","href":"https:\/\/api.w.org\/{rel}","templated":true}]}}