{"id":9390,"date":"2025-06-26T10:31:21","date_gmt":"2025-06-26T10:31:21","guid":{"rendered":"https:\/\/samba-resille.org\/international-platform\/?p=9390"},"modified":"2025-06-26T10:40:06","modified_gmt":"2025-06-26T10:40:06","slug":"mobilite-chypre-stage-kourion-du-30-juin-au-05-juillet","status":"publish","type":"post","link":"https:\/\/samba-resille.org\/international-platform\/2025\/06\/26\/mobilite-chypre-stage-kourion-du-30-juin-au-05-juillet\/","title":{"rendered":"Mobilit\u00e9 Chypre &#8211; Stage Kourion du 30 juin au 05 juillet"},"content":{"rendered":"\t\t<div data-elementor-type=\"wp-post\" data-elementor-id=\"9390\" class=\"elementor elementor-9390\" wpc-filter-elementor-widget=\"1\" data-elementor-post-type=\"post\">\n\t\t\t\t\t\t<section class=\"elementor-section elementor-top-section elementor-element elementor-element-30fd6e4 elementor-section-boxed elementor-section-height-default elementor-section-height-default wpr-particle-no wpr-jarallax-no wpr-parallax-no wpr-sticky-section-no wpr-equal-height-no\" data-id=\"30fd6e4\" data-element_type=\"section\" data-e-type=\"section\">\n\t\t\t\t\t\t<div class=\"elementor-container elementor-column-gap-default\">\n\t\t\t\t\t<div class=\"elementor-column elementor-col-50 elementor-top-column elementor-element elementor-element-9217320\" data-id=\"9217320\" data-element_type=\"column\" data-e-type=\"column\">\n\t\t\t<div class=\"elementor-widget-wrap elementor-element-populated\">\n\t\t\t\t\t\t<div class=\"elementor-element elementor-element-bc51193 elementor-widget elementor-widget-image\" data-id=\"bc51193\" data-element_type=\"widget\" data-e-type=\"widget\" data-widget_type=\"image.default\">\n\t\t\t\t<div class=\"elementor-widget-container\">\n\t\t\t\t\t\t\t\t\t\t\t\t\t\t\t<img fetchpriority=\"high\" decoding=\"async\" width=\"800\" height=\"533\" src=\"https:\/\/samba-resille.org\/international-platform\/wp-content\/uploads\/2025\/06\/J1-11-1024x682.jpg\" class=\"attachment-large size-large wp-image-9392\" alt=\"\" srcset=\"https:\/\/samba-resille.org\/international-platform\/wp-content\/uploads\/2025\/06\/J1-11-1024x682.jpg 1024w, https:\/\/samba-resille.org\/international-platform\/wp-content\/uploads\/2025\/06\/J1-11-300x200.jpg 300w, https:\/\/samba-resille.org\/international-platform\/wp-content\/uploads\/2025\/06\/J1-11-768x511.jpg 768w, https:\/\/samba-resille.org\/international-platform\/wp-content\/uploads\/2025\/06\/J1-11-1536x1023.jpg 1536w, https:\/\/samba-resille.org\/international-platform\/wp-content\/uploads\/2025\/06\/J1-11-2048x1364.jpg 2048w, https:\/\/samba-resille.org\/international-platform\/wp-content\/uploads\/2025\/06\/J1-11-18x12.jpg 18w, https:\/\/samba-resille.org\/international-platform\/wp-content\/uploads\/2025\/06\/J1-11-24x16.jpg 24w, https:\/\/samba-resille.org\/international-platform\/wp-content\/uploads\/2025\/06\/J1-11-36x24.jpg 36w, https:\/\/samba-resille.org\/international-platform\/wp-content\/uploads\/2025\/06\/J1-11-48x32.jpg 48w\" sizes=\"(max-width: 800px) 100vw, 800px\" \/>\t\t\t\t\t\t\t\t\t\t\t\t\t\t\t<\/div>\n\t\t\t\t<\/div>\n\t\t\t\t<div class=\"elementor-element elementor-element-a14beed elementor-widget elementor-widget-image\" data-id=\"a14beed\" data-element_type=\"widget\" data-e-type=\"widget\" data-widget_type=\"image.default\">\n\t\t\t\t<div class=\"elementor-widget-container\">\n\t\t\t\t\t\t\t\t\t\t\t\t\t\t\t<img decoding=\"async\" width=\"800\" height=\"600\" src=\"https:\/\/samba-resille.org\/international-platform\/wp-content\/uploads\/2025\/02\/Kourion-\u00a9SR-1024x768.jpeg\" class=\"attachment-large size-large wp-image-9165\" alt=\"\" srcset=\"https:\/\/samba-resille.org\/international-platform\/wp-content\/uploads\/2025\/02\/Kourion-\u00a9SR-1024x768.jpeg 1024w, https:\/\/samba-resille.org\/international-platform\/wp-content\/uploads\/2025\/02\/Kourion-\u00a9SR-300x225.jpeg 300w, https:\/\/samba-resille.org\/international-platform\/wp-content\/uploads\/2025\/02\/Kourion-\u00a9SR-768x576.jpeg 768w, https:\/\/samba-resille.org\/international-platform\/wp-content\/uploads\/2025\/02\/Kourion-\u00a9SR-1536x1152.jpeg 1536w, https:\/\/samba-resille.org\/international-platform\/wp-content\/uploads\/2025\/02\/Kourion-\u00a9SR-16x12.jpeg 16w, https:\/\/samba-resille.org\/international-platform\/wp-content\/uploads\/2025\/02\/Kourion-\u00a9SR-24x18.jpeg 24w, https:\/\/samba-resille.org\/international-platform\/wp-content\/uploads\/2025\/02\/Kourion-\u00a9SR-36x27.jpeg 36w, https:\/\/samba-resille.org\/international-platform\/wp-content\/uploads\/2025\/02\/Kourion-\u00a9SR-48x36.jpeg 48w, https:\/\/samba-resille.org\/international-platform\/wp-content\/uploads\/2025\/02\/Kourion-\u00a9SR.jpeg 1600w\" sizes=\"(max-width: 800px) 100vw, 800px\" \/>\t\t\t\t\t\t\t\t\t\t\t\t\t\t\t<\/div>\n\t\t\t\t<\/div>\n\t\t\t\t\t<\/div>\n\t\t<\/div>\n\t\t\t\t<div class=\"elementor-column elementor-col-50 elementor-top-column elementor-element elementor-element-559a918\" data-id=\"559a918\" data-element_type=\"column\" data-e-type=\"column\">\n\t\t\t<div class=\"elementor-widget-wrap elementor-element-populated\">\n\t\t\t\t\t\t<div class=\"elementor-element elementor-element-f34f29e elementor-widget elementor-widget-text-editor\" data-id=\"f34f29e\" data-element_type=\"widget\" data-e-type=\"widget\" data-widget_type=\"text-editor.default\">\n\t\t\t\t<div class=\"elementor-widget-container\">\n\t\t\t\t\t\t\t\t\t<p><strong>Cette mobilit\u00e9 est mise en place par LE POLYMORPHE dans le cadre du consortium europ\u00e9en Erasmus Plus pilot\u00e9 par Samba R\u00e9sille.<\/strong><\/p><p><strong>PROJET : WEAVE THE WAVE\u00a0<\/strong><\/p><p>\u00a0\u00ab Weave the wave \u00bb est un projet de coop\u00e9ration internationale, bas\u00e9 sur l&rsquo;\u00e9change avec notre partenaire la ville de Kourion qui met en place des\u00a0cours structur\u00e9s pour apprendre des techniques traditionnelles de broderies Chypriote. Ces techniques seront inject\u00e9es dans la cr\u00e9ation contemporaine de la pi\u00e8ce Sc\u00e9l\u00e9rates sur la mont\u00e9e des eaux. Sc\u00e9l\u00e9rates nous parle de comment nous faisons\u00a0face \u00e0 une forme de sid\u00e9ration face aux d\u00e9sastres \u00e9cologiques majeurs.\u00a0<\/p><p>C&rsquo;est une pi\u00e8ce collaborative qui traverse les fronti\u00e8res.\u00a0<\/p><p>La ville de Kourion va associer \u00e0 cette semaine plusieurs partenaires locaux afin de cr\u00e9er une semaine riche en \u00e9changes, en transmission de savoirs et de bonnes pratiques.\u00a0<\/p><p>L&rsquo;\u00e9quipe du Polymorphe s\u00e9lectionn\u00e9e s&rsquo;engage \u00e0 transmettre ses connaissances artistiques \u00e0 l&rsquo;\u00e9quipe Chypriote et \u00e0 r\u00e9aliser ensemble une exposition collective.\u00a0<\/p>\t\t\t\t\t\t\t\t<\/div>\n\t\t\t\t<\/div>\n\t\t\t\t<div class=\"elementor-element elementor-element-eab5de1 elementor-widget elementor-widget-image\" data-id=\"eab5de1\" data-element_type=\"widget\" data-e-type=\"widget\" data-widget_type=\"image.default\">\n\t\t\t\t<div class=\"elementor-widget-container\">\n\t\t\t\t\t\t\t\t\t\t\t\t\t\t\t<img decoding=\"async\" width=\"800\" height=\"533\" src=\"https:\/\/samba-resille.org\/international-platform\/wp-content\/uploads\/2025\/06\/J4-23-1024x682.jpg\" class=\"attachment-large size-large wp-image-9391\" alt=\"\" srcset=\"https:\/\/samba-resille.org\/international-platform\/wp-content\/uploads\/2025\/06\/J4-23-1024x682.jpg 1024w, https:\/\/samba-resille.org\/international-platform\/wp-content\/uploads\/2025\/06\/J4-23-300x200.jpg 300w, https:\/\/samba-resille.org\/international-platform\/wp-content\/uploads\/2025\/06\/J4-23-768x511.jpg 768w, https:\/\/samba-resille.org\/international-platform\/wp-content\/uploads\/2025\/06\/J4-23-1536x1023.jpg 1536w, https:\/\/samba-resille.org\/international-platform\/wp-content\/uploads\/2025\/06\/J4-23-2048x1364.jpg 2048w, https:\/\/samba-resille.org\/international-platform\/wp-content\/uploads\/2025\/06\/J4-23-18x12.jpg 18w, https:\/\/samba-resille.org\/international-platform\/wp-content\/uploads\/2025\/06\/J4-23-24x16.jpg 24w, https:\/\/samba-resille.org\/international-platform\/wp-content\/uploads\/2025\/06\/J4-23-36x24.jpg 36w, https:\/\/samba-resille.org\/international-platform\/wp-content\/uploads\/2025\/06\/J4-23-48x32.jpg 48w\" sizes=\"(max-width: 800px) 100vw, 800px\" \/>\t\t\t\t\t\t\t\t\t\t\t\t\t\t\t<\/div>\n\t\t\t\t<\/div>\n\t\t\t\t\t<\/div>\n\t\t<\/div>\n\t\t\t\t\t<\/div>\n\t\t<\/section>\n\t\t\t\t<\/div>\n\t\t","protected":false},"excerpt":{"rendered":"<p>Samba R\u00e9sille, Be Art et IDC du Consortium sont partis \u00e0 la rencontre de la municipalit\u00e9 de Kourion \u00e0 Chypre, pour y d\u00e9couvrir son plan de d\u00e9veloppement europ\u00e9en ax\u00e9 sur la candidature au titre de Capitale europ\u00e9enne de la culture.<\/p>\n","protected":false},"author":14,"featured_media":9392,"comment_status":"closed","ping_status":"closed","sticky":false,"template":"","format":"standard","meta":{"footnotes":""},"categories":[80,45,43],"tags":[],"class_list":["post-9390","post","type-post","status-publish","format-standard","has-post-thumbnail","hentry","category-80","category-adultes","category-projet-europeen"],"_links":{"self":[{"href":"https:\/\/samba-resille.org\/international-platform\/wp-json\/wp\/v2\/posts\/9390","targetHints":{"allow":["GET"]}}],"collection":[{"href":"https:\/\/samba-resille.org\/international-platform\/wp-json\/wp\/v2\/posts"}],"about":[{"href":"https:\/\/samba-resille.org\/international-platform\/wp-json\/wp\/v2\/types\/post"}],"author":[{"embeddable":true,"href":"https:\/\/samba-resille.org\/international-platform\/wp-json\/wp\/v2\/users\/14"}],"replies":[{"embeddable":true,"href":"https:\/\/samba-resille.org\/international-platform\/wp-json\/wp\/v2\/comments?post=9390"}],"version-history":[{"count":6,"href":"https:\/\/samba-resille.org\/international-platform\/wp-json\/wp\/v2\/posts\/9390\/revisions"}],"predecessor-version":[{"id":9398,"href":"https:\/\/samba-resille.org\/international-platform\/wp-json\/wp\/v2\/posts\/9390\/revisions\/9398"}],"wp:featuredmedia":[{"embeddable":true,"href":"https:\/\/samba-resille.org\/international-platform\/wp-json\/wp\/v2\/media\/9392"}],"wp:attachment":[{"href":"https:\/\/samba-resille.org\/international-platform\/wp-json\/wp\/v2\/media?parent=9390"}],"wp:term":[{"taxonomy":"category","embeddable":true,"href":"https:\/\/samba-resille.org\/international-platform\/wp-json\/wp\/v2\/categories?post=9390"},{"taxonomy":"post_tag","embeddable":true,"href":"https:\/\/samba-resille.org\/international-platform\/wp-json\/wp\/v2\/tags?post=9390"}],"curies":[{"name":"wp","href":"https:\/\/api.w.org\/{rel}","templated":true}]}}