{"id":9399,"date":"2025-06-26T10:48:00","date_gmt":"2025-06-26T10:48:00","guid":{"rendered":"https:\/\/samba-resille.org\/international-platform\/?p=9399"},"modified":"2025-06-27T13:43:07","modified_gmt":"2025-06-27T13:43:07","slug":"mobilite-barcelone-festa-major-de-gracia-du-12-au-17-aout","status":"publish","type":"post","link":"https:\/\/samba-resille.org\/international-platform\/2025\/06\/26\/mobilite-barcelone-festa-major-de-gracia-du-12-au-17-aout\/","title":{"rendered":"Mobilit\u00e9 Barcelone &#8211; Festa Major de Gracia du  12 au  17 ao\u00fbt"},"content":{"rendered":"\t\t<div data-elementor-type=\"wp-post\" data-elementor-id=\"9399\" class=\"elementor elementor-9399\" wpc-filter-elementor-widget=\"1\" data-elementor-post-type=\"post\">\n\t\t\t\t\t\t<section class=\"elementor-section elementor-top-section elementor-element elementor-element-30fd6e4 elementor-section-boxed elementor-section-height-default elementor-section-height-default wpr-particle-no wpr-jarallax-no wpr-parallax-no wpr-sticky-section-no wpr-equal-height-no\" data-id=\"30fd6e4\" data-element_type=\"section\" data-e-type=\"section\">\n\t\t\t\t\t\t<div class=\"elementor-container elementor-column-gap-default\">\n\t\t\t\t\t<div class=\"elementor-column elementor-col-50 elementor-top-column elementor-element elementor-element-9217320\" data-id=\"9217320\" data-element_type=\"column\" data-e-type=\"column\">\n\t\t\t<div class=\"elementor-widget-wrap elementor-element-populated\">\n\t\t\t\t\t\t<div class=\"elementor-element elementor-element-d48c705 elementor-widget elementor-widget-image\" data-id=\"d48c705\" data-element_type=\"widget\" data-e-type=\"widget\" data-widget_type=\"image.default\">\n\t\t\t\t<div class=\"elementor-widget-container\">\n\t\t\t\t\t\t\t\t\t\t\t\t\t\t\t<img fetchpriority=\"high\" decoding=\"async\" width=\"768\" height=\"1024\" src=\"https:\/\/samba-resille.org\/international-platform\/wp-content\/uploads\/2025\/06\/IMG_9333-768x1024.jpg\" class=\"attachment-medium_large size-medium_large wp-image-9400\" alt=\"\" srcset=\"https:\/\/samba-resille.org\/international-platform\/wp-content\/uploads\/2025\/06\/IMG_9333-768x1024.jpg 768w, https:\/\/samba-resille.org\/international-platform\/wp-content\/uploads\/2025\/06\/IMG_9333-225x300.jpg 225w, https:\/\/samba-resille.org\/international-platform\/wp-content\/uploads\/2025\/06\/IMG_9333-1152x1536.jpg 1152w, https:\/\/samba-resille.org\/international-platform\/wp-content\/uploads\/2025\/06\/IMG_9333-1536x2048.jpg 1536w, https:\/\/samba-resille.org\/international-platform\/wp-content\/uploads\/2025\/06\/IMG_9333-9x12.jpg 9w, https:\/\/samba-resille.org\/international-platform\/wp-content\/uploads\/2025\/06\/IMG_9333-18x24.jpg 18w, https:\/\/samba-resille.org\/international-platform\/wp-content\/uploads\/2025\/06\/IMG_9333-27x36.jpg 27w, https:\/\/samba-resille.org\/international-platform\/wp-content\/uploads\/2025\/06\/IMG_9333-36x48.jpg 36w, https:\/\/samba-resille.org\/international-platform\/wp-content\/uploads\/2025\/06\/IMG_9333-scaled.jpg 1920w\" sizes=\"(max-width: 768px) 100vw, 768px\" \/>\t\t\t\t\t\t\t\t\t\t\t\t\t\t\t<\/div>\n\t\t\t\t<\/div>\n\t\t\t\t\t<\/div>\n\t\t<\/div>\n\t\t\t\t<div class=\"elementor-column elementor-col-50 elementor-top-column elementor-element elementor-element-559a918\" data-id=\"559a918\" data-element_type=\"column\" data-e-type=\"column\">\n\t\t\t<div class=\"elementor-widget-wrap elementor-element-populated\">\n\t\t\t\t\t\t<div class=\"elementor-element elementor-element-f34f29e elementor-widget elementor-widget-text-editor\" data-id=\"f34f29e\" data-element_type=\"widget\" data-e-type=\"widget\" data-widget_type=\"text-editor.default\">\n\t\t\t\t<div class=\"elementor-widget-container\">\n\t\t\t\t\t\t\t\t\t<p><b>C&rsquo;est le mois de la Festa Major !<br \/><\/b>Dans ce cadre, les membres du consortium se rassemblent pour une observation de cet \u00e9v\u00e8nement.<\/p><p><strong>Le Polymorphe<\/strong>, <strong>Samba Resille<\/strong> et le <strong>COCU<\/strong> se retrouvent \u00e0 Barcelone et partent \u00e0 la rencontre des organisateurs et des habitants afin d&rsquo;assister aux derniers pr\u00e9paratifs du montage des d\u00e9corations de rue.<\/p><p><strong>La Festa Major<\/strong>\u00a0est une f\u00eate de d\u00e9corations de rues existantes depuis plus de 200 ans.\u00a0Chaque rue cr\u00e9\u00e9e des suspensions, plafonds, d\u00e9corations&#8230;\u00a0<\/p><p>Deux mobilit\u00e9s sont organis\u00e9es : une coordonn\u00e9e par Le Polymorphe et Samba Resille et une autre par le COCU.<\/p>\t\t\t\t\t\t\t\t<\/div>\n\t\t\t\t<\/div>\n\t\t\t\t<div class=\"elementor-element elementor-element-bc51193 elementor-widget elementor-widget-image\" data-id=\"bc51193\" data-element_type=\"widget\" data-e-type=\"widget\" data-widget_type=\"image.default\">\n\t\t\t\t<div class=\"elementor-widget-container\">\n\t\t\t\t\t\t\t\t\t\t\t\t\t\t\t<img decoding=\"async\" width=\"800\" height=\"599\" src=\"https:\/\/samba-resille.org\/international-platform\/wp-content\/uploads\/2025\/06\/IMG_9371-1024x767.jpg\" class=\"attachment-large size-large wp-image-9402\" alt=\"\" srcset=\"https:\/\/samba-resille.org\/international-platform\/wp-content\/uploads\/2025\/06\/IMG_9371-1024x767.jpg 1024w, https:\/\/samba-resille.org\/international-platform\/wp-content\/uploads\/2025\/06\/IMG_9371-300x225.jpg 300w, https:\/\/samba-resille.org\/international-platform\/wp-content\/uploads\/2025\/06\/IMG_9371-768x575.jpg 768w, https:\/\/samba-resille.org\/international-platform\/wp-content\/uploads\/2025\/06\/IMG_9371-16x12.jpg 16w, https:\/\/samba-resille.org\/international-platform\/wp-content\/uploads\/2025\/06\/IMG_9371-24x18.jpg 24w, https:\/\/samba-resille.org\/international-platform\/wp-content\/uploads\/2025\/06\/IMG_9371-36x27.jpg 36w, https:\/\/samba-resille.org\/international-platform\/wp-content\/uploads\/2025\/06\/IMG_9371-48x36.jpg 48w, https:\/\/samba-resille.org\/international-platform\/wp-content\/uploads\/2025\/06\/IMG_9371.jpg 1242w\" sizes=\"(max-width: 800px) 100vw, 800px\" \/>\t\t\t\t\t\t\t\t\t\t\t\t\t\t\t<\/div>\n\t\t\t\t<\/div>\n\t\t\t\t\t<\/div>\n\t\t<\/div>\n\t\t\t\t\t<\/div>\n\t\t<\/section>\n\t\t\t\t<\/div>\n\t\t","protected":false},"excerpt":{"rendered":"<p>La Festa Major\u00a0est une f\u00eate de d\u00e9corations de rues existantes depuis plus de 200 ans.\u00a0<\/p>\n<p>Chaque rue cr\u00e9\u00e9e des suspensions, plafonds, d\u00e9corations&#8230;\u00a0<br \/>\nLes participant\u00b7e\u00b7s seront invit\u00e9es \u00e0 participer activement au montage des rues r\u00e9parties en groupe de 4 personnes, iels assisteront \u00e0 diff\u00e9rents tempos de rencontres des institutions. Des temps de d\u00e9couvertes de Barcelone seront pr\u00e9vus.\u00a0<\/p>\n","protected":false},"author":14,"featured_media":9400,"comment_status":"closed","ping_status":"closed","sticky":false,"template":"","format":"standard","meta":{"footnotes":""},"categories":[80,45,43],"tags":[],"class_list":["post-9399","post","type-post","status-publish","format-standard","has-post-thumbnail","hentry","category-80","category-adultes","category-projet-europeen"],"_links":{"self":[{"href":"https:\/\/samba-resille.org\/international-platform\/wp-json\/wp\/v2\/posts\/9399","targetHints":{"allow":["GET"]}}],"collection":[{"href":"https:\/\/samba-resille.org\/international-platform\/wp-json\/wp\/v2\/posts"}],"about":[{"href":"https:\/\/samba-resille.org\/international-platform\/wp-json\/wp\/v2\/types\/post"}],"author":[{"embeddable":true,"href":"https:\/\/samba-resille.org\/international-platform\/wp-json\/wp\/v2\/users\/14"}],"replies":[{"embeddable":true,"href":"https:\/\/samba-resille.org\/international-platform\/wp-json\/wp\/v2\/comments?post=9399"}],"version-history":[{"count":9,"href":"https:\/\/samba-resille.org\/international-platform\/wp-json\/wp\/v2\/posts\/9399\/revisions"}],"predecessor-version":[{"id":9432,"href":"https:\/\/samba-resille.org\/international-platform\/wp-json\/wp\/v2\/posts\/9399\/revisions\/9432"}],"wp:featuredmedia":[{"embeddable":true,"href":"https:\/\/samba-resille.org\/international-platform\/wp-json\/wp\/v2\/media\/9400"}],"wp:attachment":[{"href":"https:\/\/samba-resille.org\/international-platform\/wp-json\/wp\/v2\/media?parent=9399"}],"wp:term":[{"taxonomy":"category","embeddable":true,"href":"https:\/\/samba-resille.org\/international-platform\/wp-json\/wp\/v2\/categories?post=9399"},{"taxonomy":"post_tag","embeddable":true,"href":"https:\/\/samba-resille.org\/international-platform\/wp-json\/wp\/v2\/tags?post=9399"}],"curies":[{"name":"wp","href":"https:\/\/api.w.org\/{rel}","templated":true}]}}