{"id":9496,"date":"2025-09-22T10:19:22","date_gmt":"2025-09-22T10:19:22","guid":{"rendered":"https:\/\/samba-resille.org\/international-platform\/?p=9496"},"modified":"2025-09-22T10:20:44","modified_gmt":"2025-09-22T10:20:44","slug":"mobilite-portugal-nice-groove-du-8-au-14-octobre","status":"publish","type":"post","link":"https:\/\/samba-resille.org\/international-platform\/2025\/09\/22\/mobilite-portugal-nice-groove-du-8-au-14-octobre\/","title":{"rendered":"Mobilit\u00e9 Portugal &#8211; Nice Groove du 8 au 14 octobre"},"content":{"rendered":"\t\t<div data-elementor-type=\"wp-post\" data-elementor-id=\"9496\" class=\"elementor elementor-9496\" wpc-filter-elementor-widget=\"1\" data-elementor-post-type=\"post\">\n\t\t\t\t\t\t<section class=\"elementor-section elementor-top-section elementor-element elementor-element-30fd6e4 elementor-section-boxed elementor-section-height-default elementor-section-height-default wpr-particle-no wpr-jarallax-no wpr-parallax-no wpr-sticky-section-no wpr-equal-height-no\" data-id=\"30fd6e4\" data-element_type=\"section\" data-e-type=\"section\">\n\t\t\t\t\t\t<div class=\"elementor-container elementor-column-gap-default\">\n\t\t\t\t\t<div class=\"elementor-column elementor-col-50 elementor-top-column elementor-element elementor-element-9217320\" data-id=\"9217320\" data-element_type=\"column\" data-e-type=\"column\">\n\t\t\t<div class=\"elementor-widget-wrap elementor-element-populated\">\n\t\t\t\t\t\t<div class=\"elementor-element elementor-element-d48c705 elementor-widget elementor-widget-image\" data-id=\"d48c705\" data-element_type=\"widget\" data-e-type=\"widget\" data-widget_type=\"image.default\">\n\t\t\t\t<div class=\"elementor-widget-container\">\n\t\t\t\t\t\t\t\t\t\t\t\t<figure class=\"wp-caption\">\n\t\t\t\t\t\t\t\t\t\t<img fetchpriority=\"high\" decoding=\"async\" width=\"768\" height=\"576\" src=\"https:\/\/samba-resille.org\/international-platform\/wp-content\/uploads\/2025\/09\/IMG_0665-768x576.jpg\" class=\"attachment-medium_large size-medium_large wp-image-9498\" alt=\"\" srcset=\"https:\/\/samba-resille.org\/international-platform\/wp-content\/uploads\/2025\/09\/IMG_0665-768x576.jpg 768w, https:\/\/samba-resille.org\/international-platform\/wp-content\/uploads\/2025\/09\/IMG_0665-300x225.jpg 300w, https:\/\/samba-resille.org\/international-platform\/wp-content\/uploads\/2025\/09\/IMG_0665-1024x768.jpg 1024w, https:\/\/samba-resille.org\/international-platform\/wp-content\/uploads\/2025\/09\/IMG_0665-1536x1152.jpg 1536w, https:\/\/samba-resille.org\/international-platform\/wp-content\/uploads\/2025\/09\/IMG_0665-2048x1536.jpg 2048w, https:\/\/samba-resille.org\/international-platform\/wp-content\/uploads\/2025\/09\/IMG_0665-16x12.jpg 16w, https:\/\/samba-resille.org\/international-platform\/wp-content\/uploads\/2025\/09\/IMG_0665-24x18.jpg 24w, https:\/\/samba-resille.org\/international-platform\/wp-content\/uploads\/2025\/09\/IMG_0665-36x27.jpg 36w, https:\/\/samba-resille.org\/international-platform\/wp-content\/uploads\/2025\/09\/IMG_0665-48x36.jpg 48w\" sizes=\"(max-width: 768px) 100vw, 768px\" \/>\t\t\t\t\t\t\t\t\t\t\t<figcaption class=\"widget-image-caption wp-caption-text\"><\/figcaption>\n\t\t\t\t\t\t\t\t\t\t<\/figure>\n\t\t\t\t\t\t\t\t\t<\/div>\n\t\t\t\t<\/div>\n\t\t\t\t\t<\/div>\n\t\t<\/div>\n\t\t\t\t<div class=\"elementor-column elementor-col-50 elementor-top-column elementor-element elementor-element-559a918\" data-id=\"559a918\" data-element_type=\"column\" data-e-type=\"column\">\n\t\t\t<div class=\"elementor-widget-wrap elementor-element-populated\">\n\t\t\t\t\t\t<div class=\"elementor-element elementor-element-f34f29e elementor-widget elementor-widget-text-editor\" data-id=\"f34f29e\" data-element_type=\"widget\" data-e-type=\"widget\" data-widget_type=\"text-editor.default\">\n\t\t\t\t<div class=\"elementor-widget-container\">\n\t\t\t\t\t\t\t\t\t<div class=\"flex basis-auto flex-col -mb-(--composer-overlap-px) [--composer-overlap-px:24px] grow overflow-hidden\"><div class=\"relative h-full\"><div class=\"flex h-full flex-col overflow-y-auto [scrollbar-gutter:stable_both-edges] @[84rem]\/thread:pt-(--header-height)\"><div class=\"@thread-xl\/thread:pt-header-height mt-1.5 flex flex-col text-sm pb-25\"><article class=\"text-token-text-primary w-full\" dir=\"auto\" data-testid=\"conversation-turn-2\" data-scroll-anchor=\"true\"><div class=\"text-base my-auto mx-auto py-5 [--thread-content-margin:--spacing(4)] @[37rem]:[--thread-content-margin:--spacing(6)] @[72rem]:[--thread-content-margin:--spacing(16)] px-(--thread-content-margin)\"><div class=\"[--thread-content-max-width:32rem] @[34rem]:[--thread-content-max-width:40rem] @[64rem]:[--thread-content-max-width:48rem] mx-auto flex max-w-(--thread-content-max-width) flex-1 text-base gap-4 md:gap-5 lg:gap-6 group\/turn-messages focus-visible:outline-hidden\" tabindex=\"-1\"><div class=\"group\/conversation-turn relative flex w-full min-w-0 flex-col agent-turn\"><div class=\"relative flex-col gap-1 md:gap-3\"><div class=\"flex max-w-full flex-col grow\"><div class=\"min-h-8 text-message relative flex w-full flex-col items-end gap-2 text-start break-words whitespace-normal [.text-message+&amp;]:mt-5\" dir=\"auto\" data-message-author-role=\"assistant\" data-message-id=\"4b00b131-e406-40d3-8978-dc95a670c21f\" data-message-model-slug=\"gpt-4o\"><div class=\"flex w-full flex-col gap-1 empty:hidden first:pt-[3px]\"><div class=\"markdown prose dark:prose-invert w-full break-words light\"><p>Les participant(e)s prendront part \u00e0 un stage d\u2019observation de 4 jours en anglais et en portugais \u00e0 Estoril, d\u00e9livr\u00e9 par <strong>Filipe Neves<\/strong> et les formateurs de <strong>Nice Groove<\/strong>.<\/p><p>Cette mobilit\u00e9 construite avec notre partenaire <a href=\"https:\/\/nicegroovebatucadalusofona.wordpress.com\/\" target=\"_blank\" rel=\"noopener\">Nice Groove<\/a>, compagnie de percussion d\u2019Arts de rue, permettra de fusionner le<strong> r\u00e9pertoire percussif lusophone<\/strong> d\u00e9j\u00e0 appris lors de pr\u00e9c\u00e9dentes mobilit\u00e9s avec<strong> la session cuivres<\/strong> de Nice Groove et de former un ensemble avec les autres groupes de percussions invit\u00e9s.<\/p><p>La Batucada Nice Groove bas\u00e9e sur des rythmiques lusophones pleines d&rsquo;\u00e9nergies et de bonnes vibrations, implique le public et montre que la musique peut \u00eatre jou\u00e9e par chacun et chacune.<\/p><p>Les techniques d\u00e9velopp\u00e9es par Nice Groove visent le<strong> ressenti de la musique par le corps<\/strong>, la transe percussive collective comme m\u00e9dia de partage, en s\u2019assurant que chaque participant puisse<em> trouver sa place<\/em>.<\/p><p>Ces techniques seront \u00e0 ce titre b\u00e9n\u00e9fiques pour les<strong> performances sc\u00e9niques<\/strong> des musiciens de Samba R\u00e9sille, pour<strong> \u00e9largir le r\u00e9pertoire<\/strong> percussif de l\u2019\u00e9cole Samba R\u00e9sille mais aussi pour la <em>qualit\u00e9 de la vie personnelle comme associative<\/em>. Le tout dans une ambiance conviviale de partage ou Nice Groove f\u00eatera ses 12 ans d\u2019existence.<\/p><\/div><\/div><\/div><\/div><\/div><\/div><\/div><\/div><\/article><\/div><\/div><\/div><\/div>\t\t\t\t\t\t\t\t<\/div>\n\t\t\t\t<\/div>\n\t\t\t\t\t<\/div>\n\t\t<\/div>\n\t\t\t\t\t<\/div>\n\t\t<\/section>\n\t\t\t\t<\/div>\n\t\t","protected":false},"excerpt":{"rendered":"<p>Les participant(e)s prendront part \u00e0 un stage d\u2019observation de 4 jours en anglais et en portugais, d\u00e9livr\u00e9 par Filipe Neves et les formateurs de Nice Groove.<\/p>\n","protected":false},"author":14,"featured_media":9497,"comment_status":"closed","ping_status":"closed","sticky":false,"template":"","format":"standard","meta":{"footnotes":""},"categories":[80,45,43,39],"tags":[],"class_list":["post-9496","post","type-post","status-publish","format-standard","has-post-thumbnail","hentry","category-80","category-adultes","category-projet-europeen","category-stage-dobservation"],"_links":{"self":[{"href":"https:\/\/samba-resille.org\/international-platform\/wp-json\/wp\/v2\/posts\/9496","targetHints":{"allow":["GET"]}}],"collection":[{"href":"https:\/\/samba-resille.org\/international-platform\/wp-json\/wp\/v2\/posts"}],"about":[{"href":"https:\/\/samba-resille.org\/international-platform\/wp-json\/wp\/v2\/types\/post"}],"author":[{"embeddable":true,"href":"https:\/\/samba-resille.org\/international-platform\/wp-json\/wp\/v2\/users\/14"}],"replies":[{"embeddable":true,"href":"https:\/\/samba-resille.org\/international-platform\/wp-json\/wp\/v2\/comments?post=9496"}],"version-history":[{"count":3,"href":"https:\/\/samba-resille.org\/international-platform\/wp-json\/wp\/v2\/posts\/9496\/revisions"}],"predecessor-version":[{"id":9501,"href":"https:\/\/samba-resille.org\/international-platform\/wp-json\/wp\/v2\/posts\/9496\/revisions\/9501"}],"wp:featuredmedia":[{"embeddable":true,"href":"https:\/\/samba-resille.org\/international-platform\/wp-json\/wp\/v2\/media\/9497"}],"wp:attachment":[{"href":"https:\/\/samba-resille.org\/international-platform\/wp-json\/wp\/v2\/media?parent=9496"}],"wp:term":[{"taxonomy":"category","embeddable":true,"href":"https:\/\/samba-resille.org\/international-platform\/wp-json\/wp\/v2\/categories?post=9496"},{"taxonomy":"post_tag","embeddable":true,"href":"https:\/\/samba-resille.org\/international-platform\/wp-json\/wp\/v2\/tags?post=9496"}],"curies":[{"name":"wp","href":"https:\/\/api.w.org\/{rel}","templated":true}]}}