{"id":9671,"date":"2026-04-17T14:47:38","date_gmt":"2026-04-17T14:47:38","guid":{"rendered":"https:\/\/samba-resille.org\/international-platform\/?p=9671"},"modified":"2026-04-17T15:16:37","modified_gmt":"2026-04-17T15:16:37","slug":"en-avril-le-consortium-en-mobilites","status":"publish","type":"post","link":"https:\/\/samba-resille.org\/international-platform\/2026\/04\/17\/en-avril-le-consortium-en-mobilites\/","title":{"rendered":"En avril, le consortium en mobilit\u00e9s !"},"content":{"rendered":"\t\t<div data-elementor-type=\"wp-post\" data-elementor-id=\"9671\" class=\"elementor elementor-9671\" wpc-filter-elementor-widget=\"1\" data-elementor-post-type=\"post\">\n\t\t\t\t\t\t<section class=\"elementor-section elementor-top-section elementor-element elementor-element-a6b6ab0 elementor-section-boxed elementor-section-height-default elementor-section-height-default wpr-particle-no wpr-jarallax-no wpr-parallax-no wpr-sticky-section-no wpr-equal-height-no\" data-id=\"a6b6ab0\" data-element_type=\"section\" data-e-type=\"section\">\n\t\t\t\t\t\t<div class=\"elementor-container elementor-column-gap-default\">\n\t\t\t\t\t<div class=\"elementor-column elementor-col-50 elementor-top-column elementor-element elementor-element-ca22772\" data-id=\"ca22772\" data-element_type=\"column\" data-e-type=\"column\">\n\t\t\t<div class=\"elementor-widget-wrap elementor-element-populated\">\n\t\t\t\t\t\t<div class=\"elementor-element elementor-element-90c39a5 elementor-widget elementor-widget-image\" data-id=\"90c39a5\" data-element_type=\"widget\" data-e-type=\"widget\" data-widget_type=\"image.default\">\n\t\t\t\t<div class=\"elementor-widget-container\">\n\t\t\t\t\t\t\t\t\t\t\t\t\t\t\t<img fetchpriority=\"high\" decoding=\"async\" width=\"612\" height=\"408\" src=\"https:\/\/samba-resille.org\/international-platform\/wp-content\/uploads\/2025\/03\/istockphoto-478897762-612x612-1.jpg\" class=\"attachment-large size-large wp-image-9272\" alt=\"\" srcset=\"https:\/\/samba-resille.org\/international-platform\/wp-content\/uploads\/2025\/03\/istockphoto-478897762-612x612-1.jpg 612w, https:\/\/samba-resille.org\/international-platform\/wp-content\/uploads\/2025\/03\/istockphoto-478897762-612x612-1-300x200.jpg 300w, https:\/\/samba-resille.org\/international-platform\/wp-content\/uploads\/2025\/03\/istockphoto-478897762-612x612-1-18x12.jpg 18w, https:\/\/samba-resille.org\/international-platform\/wp-content\/uploads\/2025\/03\/istockphoto-478897762-612x612-1-24x16.jpg 24w, https:\/\/samba-resille.org\/international-platform\/wp-content\/uploads\/2025\/03\/istockphoto-478897762-612x612-1-36x24.jpg 36w, https:\/\/samba-resille.org\/international-platform\/wp-content\/uploads\/2025\/03\/istockphoto-478897762-612x612-1-48x32.jpg 48w\" sizes=\"(max-width: 612px) 100vw, 612px\" \/>\t\t\t\t\t\t\t\t\t\t\t\t\t\t\t<\/div>\n\t\t\t\t<\/div>\n\t\t\t\t\t<\/div>\n\t\t<\/div>\n\t\t\t\t<div class=\"elementor-column elementor-col-50 elementor-top-column elementor-element elementor-element-053398d\" data-id=\"053398d\" data-element_type=\"column\" data-e-type=\"column\">\n\t\t\t<div class=\"elementor-widget-wrap elementor-element-populated\">\n\t\t\t\t\t\t<div class=\"elementor-element elementor-element-7c29a20 elementor-widget elementor-widget-text-editor\" data-id=\"7c29a20\" data-element_type=\"widget\" data-e-type=\"widget\" data-widget_type=\"text-editor.default\">\n\t\t\t\t<div class=\"elementor-widget-container\">\n\t\t\t\t\t\t\t\t\t<h1><span style=\"color: #333333;\"><b>Les mobilit\u00e9s europ\u00e9ennes Erasmus+ d\u2019avril 2026<\/b><\/span><\/h1><h5><span style=\"color: #333333;\">Samba R\u00e9sille d\u00e9ploie une s\u00e9rie de quatre mobilit\u00e9s europ\u00e9ennes riches en apprentissages, rencontres et exp\u00e9rimentations artistiques.<\/span><\/h5>\t\t\t\t\t\t\t\t<\/div>\n\t\t\t\t<\/div>\n\t\t\t\t<div class=\"elementor-element elementor-element-7eb18fb elementor-widget elementor-widget-text-editor\" data-id=\"7eb18fb\" data-element_type=\"widget\" data-e-type=\"widget\" data-widget_type=\"text-editor.default\">\n\t\t\t\t<div class=\"elementor-widget-container\">\n\t\t\t\t\t\t\t\t\t<p><b><strong>Du 18 au 26 avril 2026\u00a0<br \/><\/strong><\/b><b><strong>Portugal (Lisbonne &amp; Estoril)<\/strong><\/b><b><br \/><\/b>Trois mobilit\u00e9s se d\u00e9roulent simultan\u00e9ment au Portugal.<br \/>\u00c0 <strong>Lisbonne<\/strong>, deux groupes du cursus samba-pagode (d\u00e9butants-interm\u00e9diaires puis interm\u00e9diaires-confirm\u00e9s) approfondissent leur pratique du chant, des percussions et des cordes br\u00e9siliennes en roda, tout en d\u00e9veloppant leurs comp\u00e9tences p\u00e9dagogiques et interculturelles.<br \/>\u00c0 <strong>Estoril<\/strong>, une immersion rythmique autour de la batucada avec Nice Groove propose un travail collectif intense m\u00ealant transe percussive, expression corporelle et ouverture \u00e0 de nouveaux r\u00e9pertoires.<\/p>\t\t\t\t\t\t\t\t<\/div>\n\t\t\t\t<\/div>\n\t\t\t\t\t<\/div>\n\t\t<\/div>\n\t\t\t\t\t<\/div>\n\t\t<\/section>\n\t\t\t\t<section class=\"elementor-section elementor-top-section elementor-element elementor-element-722dacb elementor-section-boxed elementor-section-height-default elementor-section-height-default wpr-particle-no wpr-jarallax-no wpr-parallax-no wpr-sticky-section-no wpr-equal-height-no\" data-id=\"722dacb\" data-element_type=\"section\" data-e-type=\"section\">\n\t\t\t\t\t\t<div class=\"elementor-container elementor-column-gap-default\">\n\t\t\t\t\t<div class=\"elementor-column elementor-col-50 elementor-top-column elementor-element elementor-element-283d197\" data-id=\"283d197\" data-element_type=\"column\" data-e-type=\"column\">\n\t\t\t<div class=\"elementor-widget-wrap elementor-element-populated\">\n\t\t\t\t\t\t<div class=\"elementor-element elementor-element-3c92966 elementor-widget elementor-widget-text-editor\" data-id=\"3c92966\" data-element_type=\"widget\" data-e-type=\"widget\" data-widget_type=\"text-editor.default\">\n\t\t\t\t<div class=\"elementor-widget-container\">\n\t\t\t\t\t\t\t\t\t<p><b><strong>Du 20 au 26 avril 2026\u00a0<br \/><\/strong><\/b><b><strong>Madrid, Espagne<\/strong><\/b><br \/>Les batucadas d\u2019Albi et de Tarbes participent \u00e0 une semaine d\u2019\u00e9changes avec le groupe Zumbal\u00e9. Au programme : pratique musicale, r\u00e9flexion sur les enjeux d\u2019interculturalit\u00e9, d\u2019afro-descendance et de place des femmes dans les musiques afro-br\u00e9siliennes, ainsi qu\u2019un enrichissement des dynamiques de groupe.<\/p>\t\t\t\t\t\t\t\t<\/div>\n\t\t\t\t<\/div>\n\t\t\t\t\t<\/div>\n\t\t<\/div>\n\t\t\t\t<div class=\"elementor-column elementor-col-50 elementor-top-column elementor-element elementor-element-001963e\" data-id=\"001963e\" data-element_type=\"column\" data-e-type=\"column\">\n\t\t\t<div class=\"elementor-widget-wrap elementor-element-populated\">\n\t\t\t\t\t\t<div class=\"elementor-element elementor-element-fc3d858 elementor-widget elementor-widget-text-editor\" data-id=\"fc3d858\" data-element_type=\"widget\" data-e-type=\"widget\" data-widget_type=\"text-editor.default\">\n\t\t\t\t<div class=\"elementor-widget-container\">\n\t\t\t\t\t\t\t\t\t<p><b><strong>Du 20 au 26 avril 2026\u00a0<br \/><\/strong><\/b><b><strong>Br\u00eame, Allemagne<\/strong><\/b><br \/>Dans un tout autre registre, des participants du R\u00e9seau Jazz Occitanie prennent part au salon international Jazzhead. Cette mobilit\u00e9 vise \u00e0 mieux comprendre les r\u00e9seaux professionnels europ\u00e9ens du jazz, d\u00e9velopper des partenariats et accompagner l\u2019internationalisation des acteurs culturels.<\/p>\t\t\t\t\t\t\t\t<\/div>\n\t\t\t\t<\/div>\n\t\t\t\t\t<\/div>\n\t\t<\/div>\n\t\t\t\t\t<\/div>\n\t\t<\/section>\n\t\t\t\t<section class=\"elementor-section elementor-top-section elementor-element elementor-element-e975aca elementor-section-boxed elementor-section-height-default elementor-section-height-default wpr-particle-no wpr-jarallax-no wpr-parallax-no wpr-sticky-section-no wpr-equal-height-no\" data-id=\"e975aca\" data-element_type=\"section\" data-e-type=\"section\">\n\t\t\t\t\t\t<div class=\"elementor-container elementor-column-gap-default\">\n\t\t\t\t\t<div class=\"elementor-column elementor-col-50 elementor-top-column elementor-element elementor-element-0124522\" data-id=\"0124522\" data-element_type=\"column\" data-e-type=\"column\">\n\t\t\t<div class=\"elementor-widget-wrap elementor-element-populated\">\n\t\t\t\t\t\t<div class=\"elementor-element elementor-element-703a7ea elementor-widget elementor-widget-text-editor\" data-id=\"703a7ea\" data-element_type=\"widget\" data-e-type=\"widget\" data-widget_type=\"text-editor.default\">\n\t\t\t\t<div class=\"elementor-widget-container\">\n\t\t\t\t\t\t\t\t\t<p><b><strong>Du 25 avril au 3 mai 2026\u00a0<br \/><\/strong><\/b><b><strong>Lisbonne, Portugal<br \/><\/strong><\/b>Une seconde session \u00e0 Lisbonne prolonge le travail du samba-pagode pour les niveaux avanc\u00e9s, consolidant les acquis musicaux, p\u00e9dagogiques et linguistiques tout en renfor\u00e7ant le r\u00e9seau international de l\u2019association.<\/p>\t\t\t\t\t\t\t\t<\/div>\n\t\t\t\t<\/div>\n\t\t\t\t\t<\/div>\n\t\t<\/div>\n\t\t\t\t<div class=\"elementor-column elementor-col-50 elementor-top-column elementor-element elementor-element-8ba197b\" data-id=\"8ba197b\" data-element_type=\"column\" data-e-type=\"column\">\n\t\t\t<div class=\"elementor-widget-wrap elementor-element-populated\">\n\t\t\t\t\t\t<div class=\"elementor-element elementor-element-a7ef053 elementor-widget__width-initial elementor-widget elementor-widget-image\" data-id=\"a7ef053\" data-element_type=\"widget\" data-e-type=\"widget\" data-widget_type=\"image.default\">\n\t\t\t\t<div class=\"elementor-widget-container\">\n\t\t\t\t\t\t\t\t\t\t\t\t\t\t\t<img decoding=\"async\" width=\"800\" height=\"800\" src=\"https:\/\/samba-resille.org\/international-platform\/wp-content\/uploads\/2026\/04\/Photo-rue-Madrid_02-1024x1024.jpg\" class=\"attachment-large size-large wp-image-9677\" alt=\"\" srcset=\"https:\/\/samba-resille.org\/international-platform\/wp-content\/uploads\/2026\/04\/Photo-rue-Madrid_02-1024x1024.jpg 1024w, https:\/\/samba-resille.org\/international-platform\/wp-content\/uploads\/2026\/04\/Photo-rue-Madrid_02-300x300.jpg 300w, https:\/\/samba-resille.org\/international-platform\/wp-content\/uploads\/2026\/04\/Photo-rue-Madrid_02-150x150.jpg 150w, https:\/\/samba-resille.org\/international-platform\/wp-content\/uploads\/2026\/04\/Photo-rue-Madrid_02-768x768.jpg 768w, https:\/\/samba-resille.org\/international-platform\/wp-content\/uploads\/2026\/04\/Photo-rue-Madrid_02-1536x1536.jpg 1536w, https:\/\/samba-resille.org\/international-platform\/wp-content\/uploads\/2026\/04\/Photo-rue-Madrid_02-2048x2048.jpg 2048w, https:\/\/samba-resille.org\/international-platform\/wp-content\/uploads\/2026\/04\/Photo-rue-Madrid_02-12x12.jpg 12w, https:\/\/samba-resille.org\/international-platform\/wp-content\/uploads\/2026\/04\/Photo-rue-Madrid_02-24x24.jpg 24w, https:\/\/samba-resille.org\/international-platform\/wp-content\/uploads\/2026\/04\/Photo-rue-Madrid_02-36x36.jpg 36w, https:\/\/samba-resille.org\/international-platform\/wp-content\/uploads\/2026\/04\/Photo-rue-Madrid_02-48x48.jpg 48w\" sizes=\"(max-width: 800px) 100vw, 800px\" \/>\t\t\t\t\t\t\t\t\t\t\t\t\t\t\t<\/div>\n\t\t\t\t<\/div>\n\t\t\t\t\t<\/div>\n\t\t<\/div>\n\t\t\t\t\t<\/div>\n\t\t<\/section>\n\t\t\t\t<\/div>\n\t\t","protected":false},"excerpt":{"rendered":"<p>Les mobilit\u00e9s europ\u00e9ennes Erasmus+ d\u2019avril 2026<br \/>\nSamba R\u00e9sille d\u00e9ploie une s\u00e9rie de quatre mobilit\u00e9s europ\u00e9ennes riches en apprentissages, rencontres et exp\u00e9rimentations artistiques.<br \/>\nRendez-vus \u00e0 Madrid, Lisbonne, Estoril et Br\u00eame !<\/p>\n","protected":false},"author":2,"featured_media":9272,"comment_status":"open","ping_status":"open","sticky":false,"template":"","format":"standard","meta":{"footnotes":""},"categories":[1],"tags":[],"class_list":["post-9671","post","type-post","status-publish","format-standard","has-post-thumbnail","hentry","category-uncategorized"],"_links":{"self":[{"href":"https:\/\/samba-resille.org\/international-platform\/wp-json\/wp\/v2\/posts\/9671","targetHints":{"allow":["GET"]}}],"collection":[{"href":"https:\/\/samba-resille.org\/international-platform\/wp-json\/wp\/v2\/posts"}],"about":[{"href":"https:\/\/samba-resille.org\/international-platform\/wp-json\/wp\/v2\/types\/post"}],"author":[{"embeddable":true,"href":"https:\/\/samba-resille.org\/international-platform\/wp-json\/wp\/v2\/users\/2"}],"replies":[{"embeddable":true,"href":"https:\/\/samba-resille.org\/international-platform\/wp-json\/wp\/v2\/comments?post=9671"}],"version-history":[{"count":9,"href":"https:\/\/samba-resille.org\/international-platform\/wp-json\/wp\/v2\/posts\/9671\/revisions"}],"predecessor-version":[{"id":9683,"href":"https:\/\/samba-resille.org\/international-platform\/wp-json\/wp\/v2\/posts\/9671\/revisions\/9683"}],"wp:featuredmedia":[{"embeddable":true,"href":"https:\/\/samba-resille.org\/international-platform\/wp-json\/wp\/v2\/media\/9272"}],"wp:attachment":[{"href":"https:\/\/samba-resille.org\/international-platform\/wp-json\/wp\/v2\/media?parent=9671"}],"wp:term":[{"taxonomy":"category","embeddable":true,"href":"https:\/\/samba-resille.org\/international-platform\/wp-json\/wp\/v2\/categories?post=9671"},{"taxonomy":"post_tag","embeddable":true,"href":"https:\/\/samba-resille.org\/international-platform\/wp-json\/wp\/v2\/tags?post=9671"}],"curies":[{"name":"wp","href":"https:\/\/api.w.org\/{rel}","templated":true}]}}