{"id":10005,"date":"2023-09-21T18:08:13","date_gmt":"2023-09-21T16:08:13","guid":{"rendered":"https:\/\/samba-resille.org\/site\/?p=10005"},"modified":"2024-06-19T11:23:29","modified_gmt":"2024-06-19T09:23:29","slug":"inscriptions-aux-ateliers-samba-resille","status":"publish","type":"post","link":"https:\/\/samba-resille.org\/site\/en\/2023\/09\/21\/inscriptions-aux-ateliers-samba-resille\/","title":{"rendered":"INSCRIPTIONS aux ateliers Samba R\u00e9sille"},"content":{"rendered":"<div data-elementor-type=\"wp-post\" data-elementor-id=\"10005\" class=\"elementor elementor-10005\" wpc-filter-elementor-widget=\"1\" data-elementor-post-type=\"post\">\n\t\t\t\t\t\t<section class=\"elementor-section elementor-top-section elementor-element elementor-element-2d56b88 elementor-section-boxed elementor-section-height-default elementor-section-height-default\" data-id=\"2d56b88\" data-element_type=\"section\" data-e-type=\"section\">\n\t\t\t\t\t\t<div class=\"elementor-container elementor-column-gap-default\">\n\t\t\t\t\t<div class=\"elementor-column elementor-col-50 elementor-top-column elementor-element elementor-element-e433182\" data-id=\"e433182\" data-element_type=\"column\" data-e-type=\"column\">\n\t\t\t<div class=\"elementor-widget-wrap elementor-element-populated\">\n\t\t\t\t\t\t<div class=\"elementor-element elementor-element-1218b3e elementor-widget elementor-widget-image\" data-id=\"1218b3e\" data-element_type=\"widget\" data-e-type=\"widget\" data-widget_type=\"image.default\">\n\t\t\t\t<div class=\"elementor-widget-container\">\n\t\t\t\t\t\t\t\t\t\t\t\t\t\t\t<img fetchpriority=\"high\" decoding=\"async\" width=\"800\" height=\"373\" src=\"https:\/\/samba-resille.org\/site\/wp-content\/uploads\/2023\/07\/preinscription-ouvertes.jpg\" class=\"attachment-large size-large wp-image-9729\" alt=\"\" srcset=\"https:\/\/samba-resille.org\/site\/wp-content\/uploads\/2023\/07\/preinscription-ouvertes.jpg 886w, https:\/\/samba-resille.org\/site\/wp-content\/uploads\/2023\/07\/preinscription-ouvertes-300x140.jpg 300w, https:\/\/samba-resille.org\/site\/wp-content\/uploads\/2023\/07\/preinscription-ouvertes-768x358.jpg 768w, https:\/\/samba-resille.org\/site\/wp-content\/uploads\/2023\/07\/preinscription-ouvertes-18x8.jpg 18w, https:\/\/samba-resille.org\/site\/wp-content\/uploads\/2023\/07\/preinscription-ouvertes-48x22.jpg 48w\" sizes=\"(max-width: 800px) 100vw, 800px\" \/>\t\t\t\t\t\t\t\t\t\t\t\t\t\t\t<\/div>\n\t\t\t\t<\/div>\n\t\t\t\t\t<\/div>\n\t\t<\/div>\n\t\t\t\t<div class=\"elementor-column elementor-col-50 elementor-top-column elementor-element elementor-element-23b0d17\" data-id=\"23b0d17\" data-element_type=\"column\" data-e-type=\"column\">\n\t\t\t<div class=\"elementor-widget-wrap elementor-element-populated\">\n\t\t\t\t\t\t<div class=\"elementor-element elementor-element-ecd1f5d elementor-widget elementor-widget-text-editor\" data-id=\"ecd1f5d\" data-element_type=\"widget\" data-e-type=\"widget\" data-widget_type=\"text-editor.default\">\n\t\t\t\t<div class=\"elementor-widget-container\">\n\t\t\t\t\t\t\t\t\t<div><div class=\"xdj266r x11i5rnm xat24cr x1mh8g0r x1vvkbs x126k92a\"><div dir=\"auto\"><strong>Vous pouvez vous d\u2019ores et d\u00e9j\u00e0 vous pr\u00e9-inscrire \u00e0 nos ateliers musicaux !<\/strong><\/div><div dir=\"auto\"><b>\u00a0<\/b><\/div><\/div><div class=\"x11i5rnm xat24cr x1mh8g0r x1vvkbs xtlvy1s x126k92a\"><div dir=\"auto\"><p><strong>ATELIERS DE SAMBA R\u00c9SILLE \u2013 <\/strong><strong>Pr\u00e9<\/strong><b>-inscriptions \u00e0 la saison 2023\/2024<\/b><\/p><\/div><div dir=\"auto\">\u2013 Cours de batucada \u2013 premi\u00e8re ann\u00e9e<\/div><div dir=\"auto\">\u2013 Cours de batucada \u2013 deuxi\u00e8me ann\u00e9e<\/div><div dir=\"auto\">\u2013 R\u00e9p\u00e9titions de la Compagnie<\/div><div dir=\"auto\">\u2013 Cours de percussions pagode d\u00e9butant<\/div><div dir=\"auto\">\u2013 Cours de percussions pagode interm\u00e9diaire<\/div><div dir=\"auto\">\u2013 Atelier Pagode (percussions avanc\u00e9 + chant) \u2013<\/div><div dir=\"auto\">\u2013 R\u00e9p\u00e9titions du groupe de chant br\u00e9silien \u00ab\u00a0Cacha\u00e7a\u00a0\u00bb<\/div><div dir=\"auto\">\u2013 Ateliers batucada enfants (8-12 ans)<\/div><div dir=\"auto\">\u2013 Ateliers batucada ados (13-18 ans)<br \/>\u2013 Adh\u00e9rent sympathisant<\/div><div dir=\"auto\">\u00a0<\/div><div dir=\"auto\"><strong><a href=\"https:\/\/docs.google.com\/forms\/d\/e\/1FAIpQLScLvycm7DJnNdKXNV6MYgijhkgNAZpD8uAVDnDQPoa11pwx0g\/viewform?usp=sf_link\">Pr\u00e9-inscriptions ici &gt;&gt;&gt;<\/a><br \/><\/strong><\/div><div dir=\"auto\"><strong>\u00a0<\/strong><\/div><\/div>Notre saison 2023-2024 est structur\u00e9e autour de plusieurs projets transversaux que vous retrouverez dans les contenus de vos ateliers :<\/div><div><ul><li>Projet <b>Mundo Kanaval <\/b>\u2013 m\u00ealant percussions, chant et instruments \u00e0 vent<\/li><li>Projet <b>Raiz \/ Racines<\/b> \u2013 autour du Candombl\u00e9 et du BeatMaking<\/li><li>Projet <b>Samba R\u00e9sille \/ \u00c0 Bout de Souffle<\/b> <b><\/b>\u2013 rencontre entre chant br\u00e9silien et musiques baroque et classique<\/li><li>Projet <b>Carnavalesca <\/b>\u2013 autour de la cr\u00e9ation d\u2019un spectacle pour le Carnaval de Toulouse 2024<\/li><\/ul><div>Dans ces diff\u00e9rents projets seront inclus ; une mobilit\u00e9 d\u2019apprentissage, des ateliers de sensibilisation, des programmations, des expositions..<\/div><p>Vous trouverez plus de d\u00e9tails sur ces projets sur le lien suivant : <a href=\"https:\/\/www.canva.com\/design\/DAFo-Qv_hMo\/RV3r31QB6JOvN0sOui6usA\/view?utm_content=DAFo-Qv_hMo&amp;utm_campaign=designshare&amp;utm_medium=link&amp;utm_source=publishsharelink\" target=\"_blank\" rel=\"noopener\">https:\/\/www.canva.com\/design\/<\/a><\/p><\/div>\t\t\t\t\t\t\t\t<\/div>\n\t\t\t\t<\/div>\n\t\t\t\t\t<\/div>\n\t\t<\/div>\n\t\t\t\t\t<\/div>\n\t\t<\/section>\n\t\t\t\t<\/div>","protected":false},"excerpt":{"rendered":"<p>Vous pouvez vous d\u2019ores et d\u00e9j\u00e0 vous pr\u00e9-inscrire \u00e0 nos ateliers musicaux !<\/p>\n<p>ATELIERS DE SAMBA R\u00c9SILLE \u2013 Pr\u00e9-inscriptions \u00e0 la saison 2023\/2024<\/p>","protected":false},"author":3,"featured_media":9729,"comment_status":"closed","ping_status":"closed","sticky":false,"template":"","format":"standard","meta":{"footnotes":""},"categories":[22],"tags":[],"class_list":["post-10005","post","type-post","status-publish","format-standard","has-post-thumbnail","hentry","category-non-classe-fr"],"_links":{"self":[{"href":"https:\/\/samba-resille.org\/site\/en\/wp-json\/wp\/v2\/posts\/10005","targetHints":{"allow":["GET"]}}],"collection":[{"href":"https:\/\/samba-resille.org\/site\/en\/wp-json\/wp\/v2\/posts"}],"about":[{"href":"https:\/\/samba-resille.org\/site\/en\/wp-json\/wp\/v2\/types\/post"}],"author":[{"embeddable":true,"href":"https:\/\/samba-resille.org\/site\/en\/wp-json\/wp\/v2\/users\/3"}],"replies":[{"embeddable":true,"href":"https:\/\/samba-resille.org\/site\/en\/wp-json\/wp\/v2\/comments?post=10005"}],"version-history":[{"count":10,"href":"https:\/\/samba-resille.org\/site\/en\/wp-json\/wp\/v2\/posts\/10005\/revisions"}],"predecessor-version":[{"id":12094,"href":"https:\/\/samba-resille.org\/site\/en\/wp-json\/wp\/v2\/posts\/10005\/revisions\/12094"}],"wp:featuredmedia":[{"embeddable":true,"href":"https:\/\/samba-resille.org\/site\/en\/wp-json\/wp\/v2\/media\/9729"}],"wp:attachment":[{"href":"https:\/\/samba-resille.org\/site\/en\/wp-json\/wp\/v2\/media?parent=10005"}],"wp:term":[{"taxonomy":"category","embeddable":true,"href":"https:\/\/samba-resille.org\/site\/en\/wp-json\/wp\/v2\/categories?post=10005"},{"taxonomy":"post_tag","embeddable":true,"href":"https:\/\/samba-resille.org\/site\/en\/wp-json\/wp\/v2\/tags?post=10005"}],"curies":[{"name":"wp","href":"https:\/\/api.w.org\/{rel}","templated":true}]}}