{"id":13768,"date":"2025-01-21T13:02:01","date_gmt":"2025-01-21T12:02:01","guid":{"rendered":"https:\/\/samba-resille.org\/site\/?p=13768"},"modified":"2025-05-29T14:01:53","modified_gmt":"2025-05-29T12:01:53","slug":"zoom-coro-sambado-au-festival-cuba-hoy","status":"publish","type":"post","link":"https:\/\/samba-resille.org\/site\/en\/2025\/01\/21\/zoom-coro-sambado-au-festival-cuba-hoy\/","title":{"rendered":"ZOOM : Coro Sambado au festival Cuba Hoy"},"content":{"rendered":"<div data-elementor-type=\"wp-post\" data-elementor-id=\"13768\" class=\"elementor elementor-13768\" wpc-filter-elementor-widget=\"1\" data-elementor-post-type=\"post\">\n\t\t\t\t\t\t<section class=\"elementor-section elementor-top-section elementor-element elementor-element-6c5398c elementor-section-boxed elementor-section-height-default elementor-section-height-default\" data-id=\"6c5398c\" data-element_type=\"section\" data-e-type=\"section\">\n\t\t\t\t\t\t<div class=\"elementor-container elementor-column-gap-default\">\n\t\t\t\t\t<div class=\"elementor-column elementor-col-50 elementor-top-column elementor-element elementor-element-c0bb781\" data-id=\"c0bb781\" data-element_type=\"column\" data-e-type=\"column\">\n\t\t\t<div class=\"elementor-widget-wrap elementor-element-populated\">\n\t\t\t\t\t\t<div class=\"elementor-element elementor-element-2ca483d elementor-widget elementor-widget-heading\" data-id=\"2ca483d\" data-element_type=\"widget\" data-e-type=\"widget\" data-widget_type=\"heading.default\">\n\t\t\t\t<div class=\"elementor-widget-container\">\n\t\t\t\t\t<h4 class=\"elementor-heading-title elementor-size-default\">Festival Cuba Hoy - Dimanche  9 f\u00e9vrier \u00e0 17h - \u00c9glise des sept deniers<\/h4>\t\t\t\t<\/div>\n\t\t\t\t<\/div>\n\t\t\t\t<div class=\"elementor-element elementor-element-205ed80 elementor-widget elementor-widget-text-editor\" data-id=\"205ed80\" data-element_type=\"widget\" data-e-type=\"widget\" data-widget_type=\"text-editor.default\">\n\t\t\t\t<div class=\"elementor-widget-container\">\n\t\t\t\t\t\t\t\t\t<div id=\"comp-m3j272pc\" class=\"HcOXKn c9GqVL QxJLC3 lq2cno YQcXTT comp-m3j272pc wixui-rich-text\" data-testid=\"richTextElement\"><p>Apr\u00e8s le CACHA\u00c7A SOCIAL CLUB et son pagode r\u00e9jouissant qui s&rsquo;est invit\u00e9 aux Pirogues du festival Cuba Hoy en janvier,\u00a0 c&rsquo;est maintenant la formule CORO SAMBADO qui prend place dans la programmation du festival qui f\u00eate sa 28\u00e8me \u00e9dition dans le cadre d&rsquo;une soir\u00e9e \u00ab\u00a0Ch\u0153urs aux accents d&rsquo;Am\u00e9rique Latine\u00a0\u00bb :<\/p><p class=\"font_8 wixui-rich-text__text\"><strong><span class=\"wixui-rich-text__text\">Avec CORO SAMBADO &#8211; Un souffle dans la samba<br \/><\/span><\/strong><span class=\"wixui-rich-text__text\">Un voyage sensible et \u00e9clair\u00e9 entre deux univers a priori tr\u00e8s \u00e9loign\u00e9s, les musiques populaires du Br\u00e9sil aux musiques classiques europ\u00e9ennes.<br class=\"wixui-rich-text__text\" \/>Sur sc\u00e8ne, plus de cinquante artistes interpr\u00e8tes issus de la formation de Samba r\u00e9sille et de l&rsquo;Ensemble A bout de souffle. Du baroque fran\u00e7ais aux modernes br\u00e9siliens en passant par les grands compositeurs de samba&#8230;<br class=\"wixui-rich-text__text\" \/>Un dialogue entre des \u0153uvres baroques (Les Indes Galantes de Jean-Philippe Rameau) et des musiques populaires br\u00e9siliennes (Canto das tr\u00eas ra\u00e7as) en passant par des pi\u00e8ces traditionnelles arrang\u00e9es par des compositeurs contemporains, et des musiques savantes baroques italiennes, ce projet permet de questionner l\u2019Histoire entre l\u2019Europe et le \u201cnouveau monde\u201d, en l&rsquo;occurrence le Br\u00e9sil, avec sa part tragique, et la r\u00e9sonance de nos activit\u00e9s dans le monde actuel.<\/span><\/p><\/div><div id=\"comp-m3j272pc\" class=\"HcOXKn c9GqVL QxJLC3 lq2cno YQcXTT comp-m3j272pc wixui-rich-text\" data-testid=\"richTextElement\"><p class=\"font_8 wixui-rich-text__text\"><span class=\"wixui-rich-text__text\">Hugues M\u00e9let : guitare, chant, percussions. St\u00e9phane Delincak : direction de ch\u0153ur, piano, percussions. Plus de cinquante chanteuses, chanteurs, percussionnistes du ch\u0153ur<\/span><span class=\"wixui-rich-text__text\"> \u00ab\u00a0<a class=\"wixui-rich-text__text\" href=\"https:\/\/www.aboutdesouffle.com\/\" target=\"_blank\" rel=\"noreferrer noopener\">\u00c0 bout de souffle<\/a>\u00a0\u00bb <\/span><span class=\"wixui-rich-text__text\">et des ateliers de musique traditionnelle br\u00e9silienne de<\/span><span class=\"wixui-rich-text__text\"> \u00ab\u00a0<a class=\"wixui-rich-text__text\" href=\"https:\/\/samba-resille.org\/site\/\" target=\"_blank\" rel=\"noreferrer noopener\">Samba R\u00e9sille<\/a>\u00ab\u00a0.<\/span><br class=\"wixui-rich-text__text\" \/><span class=\"wixui-rich-text__text\">Vous allez vivre de grandes \u00e9motions sur des musiques du Br\u00e9sil et d\u2019Europe pour ch\u0153ur, solistes et percussions. Du baroque fran\u00e7ais aux modernes br\u00e9siliens en passant par les grands compositeurs de samba&#8230;<\/span><\/p><\/div><div class=\"mb-1 has-background-white px-3 has-text-black-ter\"><div class=\"mb-3 is-size-7 has-background-white-ter p-3\"><div><strong>Festival Cuba Hoy<\/strong><\/div><div><span class=\"wixui-rich-text__text\">Tarifs : 6\u20ac \/ 8\u20ac \/ 10\u20ac<\/span><\/div><div class=\"has-text-weight-bold\">\u00c9glise des Septs Deniers<\/div><div>62 Route de Blagnac<\/div><div>31200 TOULOUSE<br \/><br \/><\/div><\/div><\/div><p><strong>Plus d&rsquo;infos et r\u00e9servations &gt; <\/strong><a href=\"https:\/\/www.festival-cuba-hoy.fr\/resochoeursal\" target=\"_blank\" rel=\"noopener\"><strong>Festival Cuba Hoy<\/strong><\/a><\/p>\t\t\t\t\t\t\t\t<\/div>\n\t\t\t\t<\/div>\n\t\t\t\t\t<\/div>\n\t\t<\/div>\n\t\t\t\t<div class=\"elementor-column elementor-col-50 elementor-top-column elementor-element elementor-element-26a11ec\" data-id=\"26a11ec\" data-element_type=\"column\" data-e-type=\"column\">\n\t\t\t<div class=\"elementor-widget-wrap elementor-element-populated\">\n\t\t\t\t\t\t<div class=\"elementor-element elementor-element-c7724d1 elementor-widget elementor-widget-image\" data-id=\"c7724d1\" data-element_type=\"widget\" data-e-type=\"widget\" data-widget_type=\"image.default\">\n\t\t\t\t<div class=\"elementor-widget-container\">\n\t\t\t\t\t\t\t\t\t\t\t\t\t\t\t\t<a href=\"http:\/\/Plus%20d&#039;infos%20et%20r\u00e9servations%20%20Festival%20Cuba%20Hoy\" target=\"_blank\">\n\t\t\t\t\t\t\t<img fetchpriority=\"high\" decoding=\"async\" width=\"800\" height=\"293\" src=\"https:\/\/samba-resille.org\/site\/wp-content\/uploads\/2025\/01\/cuba-hoy25.jpg\" class=\"attachment-large size-large wp-image-13770\" alt=\"\" srcset=\"https:\/\/samba-resille.org\/site\/wp-content\/uploads\/2025\/01\/cuba-hoy25.jpg 973w, https:\/\/samba-resille.org\/site\/wp-content\/uploads\/2025\/01\/cuba-hoy25-300x110.jpg 300w, https:\/\/samba-resille.org\/site\/wp-content\/uploads\/2025\/01\/cuba-hoy25-768x281.jpg 768w, https:\/\/samba-resille.org\/site\/wp-content\/uploads\/2025\/01\/cuba-hoy25-18x7.jpg 18w, https:\/\/samba-resille.org\/site\/wp-content\/uploads\/2025\/01\/cuba-hoy25-48x18.jpg 48w\" sizes=\"(max-width: 800px) 100vw, 800px\" \/>\t\t\t\t\t\t\t\t<\/a>\n\t\t\t\t\t\t\t\t\t\t\t\t\t\t\t<\/div>\n\t\t\t\t<\/div>\n\t\t\t\t<div class=\"elementor-element elementor-element-c4e2ff2 elementor-widget elementor-widget-image\" data-id=\"c4e2ff2\" data-element_type=\"widget\" data-e-type=\"widget\" data-widget_type=\"image.default\">\n\t\t\t\t<div class=\"elementor-widget-container\">\n\t\t\t\t\t\t\t\t\t\t\t\t\t\t\t<img decoding=\"async\" width=\"596\" height=\"372\" src=\"https:\/\/samba-resille.org\/site\/wp-content\/uploads\/2025\/01\/coro-sambado.jpg\" class=\"attachment-large size-large wp-image-13769\" alt=\"\" srcset=\"https:\/\/samba-resille.org\/site\/wp-content\/uploads\/2025\/01\/coro-sambado.jpg 596w, https:\/\/samba-resille.org\/site\/wp-content\/uploads\/2025\/01\/coro-sambado-300x187.jpg 300w, https:\/\/samba-resille.org\/site\/wp-content\/uploads\/2025\/01\/coro-sambado-18x12.jpg 18w, https:\/\/samba-resille.org\/site\/wp-content\/uploads\/2025\/01\/coro-sambado-48x30.jpg 48w\" sizes=\"(max-width: 596px) 100vw, 596px\" \/>\t\t\t\t\t\t\t\t\t\t\t\t\t\t\t<\/div>\n\t\t\t\t<\/div>\n\t\t\t\t\t<\/div>\n\t\t<\/div>\n\t\t\t\t\t<\/div>\n\t\t<\/section>\n\t\t\t\t<section class=\"elementor-section elementor-top-section elementor-element elementor-element-4b71a3f elementor-section-boxed elementor-section-height-default elementor-section-height-default\" data-id=\"4b71a3f\" data-element_type=\"section\" data-e-type=\"section\">\n\t\t\t\t\t\t<div class=\"elementor-container elementor-column-gap-default\">\n\t\t\t\t\t<div class=\"elementor-column elementor-col-50 elementor-top-column elementor-element elementor-element-befa8ee\" data-id=\"befa8ee\" data-element_type=\"column\" data-e-type=\"column\">\n\t\t\t<div class=\"elementor-widget-wrap\">\n\t\t\t\t\t\t\t<\/div>\n\t\t<\/div>\n\t\t\t\t<div class=\"elementor-column elementor-col-50 elementor-top-column elementor-element elementor-element-2b361f7\" data-id=\"2b361f7\" data-element_type=\"column\" data-e-type=\"column\">\n\t\t\t<div class=\"elementor-widget-wrap\">\n\t\t\t\t\t\t\t<\/div>\n\t\t<\/div>\n\t\t\t\t\t<\/div>\n\t\t<\/section>\n\t\t\t\t<\/div>","protected":false},"excerpt":{"rendered":"<p>Retrouvez Samba R\u00e9sille et le ch\u0153ur \u00ab\u00a0\u00c0 Bout de Souffle\u00a0\u00bb le dimanche 9 f\u00e9vrier pour un dialogues entre samba et baroque !<\/p>","protected":false},"author":3,"featured_media":13770,"comment_status":"closed","ping_status":"closed","sticky":false,"template":"","format":"standard","meta":{"footnotes":""},"categories":[38,45],"tags":[],"class_list":["post-13768","post","type-post","status-publish","format-standard","has-post-thumbnail","hentry","category-concert","category-evenements-passes"],"_links":{"self":[{"href":"https:\/\/samba-resille.org\/site\/en\/wp-json\/wp\/v2\/posts\/13768","targetHints":{"allow":["GET"]}}],"collection":[{"href":"https:\/\/samba-resille.org\/site\/en\/wp-json\/wp\/v2\/posts"}],"about":[{"href":"https:\/\/samba-resille.org\/site\/en\/wp-json\/wp\/v2\/types\/post"}],"author":[{"embeddable":true,"href":"https:\/\/samba-resille.org\/site\/en\/wp-json\/wp\/v2\/users\/3"}],"replies":[{"embeddable":true,"href":"https:\/\/samba-resille.org\/site\/en\/wp-json\/wp\/v2\/comments?post=13768"}],"version-history":[{"count":11,"href":"https:\/\/samba-resille.org\/site\/en\/wp-json\/wp\/v2\/posts\/13768\/revisions"}],"predecessor-version":[{"id":13781,"href":"https:\/\/samba-resille.org\/site\/en\/wp-json\/wp\/v2\/posts\/13768\/revisions\/13781"}],"wp:featuredmedia":[{"embeddable":true,"href":"https:\/\/samba-resille.org\/site\/en\/wp-json\/wp\/v2\/media\/13770"}],"wp:attachment":[{"href":"https:\/\/samba-resille.org\/site\/en\/wp-json\/wp\/v2\/media?parent=13768"}],"wp:term":[{"taxonomy":"category","embeddable":true,"href":"https:\/\/samba-resille.org\/site\/en\/wp-json\/wp\/v2\/categories?post=13768"},{"taxonomy":"post_tag","embeddable":true,"href":"https:\/\/samba-resille.org\/site\/en\/wp-json\/wp\/v2\/tags?post=13768"}],"curies":[{"name":"wp","href":"https:\/\/api.w.org\/{rel}","templated":true}]}}