{"id":16523,"date":"2026-04-28T11:25:15","date_gmt":"2026-04-28T09:25:15","guid":{"rendered":"https:\/\/samba-resille.org\/site\/?p=16523"},"modified":"2026-04-28T11:51:10","modified_gmt":"2026-04-28T09:51:10","slug":"samba-resille-au-festival-luluberlu-odyssud-vendredi-29-mai","status":"publish","type":"post","link":"https:\/\/samba-resille.org\/site\/en\/2026\/04\/28\/samba-resille-au-festival-luluberlu-odyssud-vendredi-29-mai\/","title":{"rendered":"Samba R\u00e9sille au festival Luluberlu &#8211; Odyssud &#8211; vendredi 29 mai"},"content":{"rendered":"<div data-elementor-type=\"wp-post\" data-elementor-id=\"16523\" class=\"elementor elementor-16523\" wpc-filter-elementor-widget=\"1\" data-elementor-post-type=\"post\">\n\t\t\t\t\t\t<section class=\"elementor-section elementor-top-section elementor-element elementor-element-1bd198f elementor-section-boxed elementor-section-height-default elementor-section-height-default\" data-id=\"1bd198f\" data-element_type=\"section\" data-e-type=\"section\">\n\t\t\t\t\t\t<div class=\"elementor-container elementor-column-gap-default\">\n\t\t\t\t\t<div class=\"elementor-column elementor-col-50 elementor-top-column elementor-element elementor-element-e280d7c\" data-id=\"e280d7c\" data-element_type=\"column\" data-e-type=\"column\">\n\t\t\t<div class=\"elementor-widget-wrap elementor-element-populated\">\n\t\t\t\t\t\t<div class=\"elementor-element elementor-element-0f1fadc elementor-widget elementor-widget-image\" data-id=\"0f1fadc\" data-element_type=\"widget\" data-e-type=\"widget\" data-widget_type=\"image.default\">\n\t\t\t\t<div class=\"elementor-widget-container\">\n\t\t\t\t\t\t\t\t\t\t\t\t\t\t\t<img fetchpriority=\"high\" decoding=\"async\" width=\"686\" height=\"1024\" src=\"https:\/\/samba-resille.org\/site\/wp-content\/uploads\/2026\/04\/Luluberlu_Affiche-686x1024.webp\" class=\"attachment-large size-large wp-image-16525\" alt=\"\" srcset=\"https:\/\/samba-resille.org\/site\/wp-content\/uploads\/2026\/04\/Luluberlu_Affiche-686x1024.webp 686w, https:\/\/samba-resille.org\/site\/wp-content\/uploads\/2026\/04\/Luluberlu_Affiche-201x300.webp 201w, https:\/\/samba-resille.org\/site\/wp-content\/uploads\/2026\/04\/Luluberlu_Affiche-768x1146.webp 768w, https:\/\/samba-resille.org\/site\/wp-content\/uploads\/2026\/04\/Luluberlu_Affiche-1029x1536.webp 1029w, https:\/\/samba-resille.org\/site\/wp-content\/uploads\/2026\/04\/Luluberlu_Affiche-1372x2048.webp 1372w, https:\/\/samba-resille.org\/site\/wp-content\/uploads\/2026\/04\/Luluberlu_Affiche-8x12.webp 8w, https:\/\/samba-resille.org\/site\/wp-content\/uploads\/2026\/04\/Luluberlu_Affiche-32x48.webp 32w, https:\/\/samba-resille.org\/site\/wp-content\/uploads\/2026\/04\/Luluberlu_Affiche-scaled.webp 1407w\" sizes=\"(max-width: 686px) 100vw, 686px\" \/>\t\t\t\t\t\t\t\t\t\t\t\t\t\t\t<\/div>\n\t\t\t\t<\/div>\n\t\t\t\t\t<\/div>\n\t\t<\/div>\n\t\t\t\t<div class=\"elementor-column elementor-col-50 elementor-top-column elementor-element elementor-element-6e20245\" data-id=\"6e20245\" data-element_type=\"column\" data-e-type=\"column\">\n\t\t\t<div class=\"elementor-widget-wrap elementor-element-populated\">\n\t\t\t\t\t\t<div class=\"elementor-element elementor-element-16e968b elementor-widget elementor-widget-text-editor\" data-id=\"16e968b\" data-element_type=\"widget\" data-e-type=\"widget\" data-widget_type=\"text-editor.default\">\n\t\t\t\t<div class=\"elementor-widget-container\">\n\t\t\t\t\t\t\t\t\t<p>Samba R\u00e9sille ouvrira le festival Luluberlu \u00e0 Odyssud, Blagnac !<br>Deux temps sont pr\u00e9vus :<\/p>\n<div class=\"elementor-element elementor-element-d617293 elementor-widget elementor-widget-heading animated fadeIn\" data-id=\"d617293\" data-element_type=\"widget\" data-e-type=\"widget\" data-settings=\"{&quot;_animation&quot;:&quot;fadeIn&quot;,&quot;_animation_delay&quot;:100}\" data-widget_type=\"heading.default\">\n<div class=\"elementor-widget-container\"><strong>&#8211; Tout Blagnac fait du bruit avec Samba R\u00e9sille ! &#8211; <\/strong><span class=\"elementor-icon-list-text\">Vendredi 29 mai \u00e0 18h<\/span><strong><br><\/strong><\/div>\n<\/div>\n<div class=\"elementor-element elementor-element-f229d87 elementor-widget elementor-widget-text-editor\" data-id=\"f229d87\" data-element_type=\"widget\" data-e-type=\"widget\" data-widget_type=\"text-editor.default\">\n<div class=\"elementor-widget-container\">\n<p>Une d\u00e9ambulation joyeuse et color\u00e9e en musique, aux sonorit\u00e9s br\u00e9siliennes avec la participation des enfants et des familles de Blagnac ! A partir de mat\u00e9riaux de r\u00e9cup\u00e9ration ; casseroles, conserves, bidons et tuyaux, joignez-vous \u00e0 la f\u00eate et reproduisez des rythmes simples de percussions, tous ensemble ! Une vid\u00e9o tuto sera disponible prochainement sur notre site et le site du festival pour que tout le monde puisse participer. Pr\u00e9parez-vous !<\/p>\n<\/div>\n<\/div>\n<p><strong>&#8211; Cl\u00f4ture de la soir\u00e9e en Batucada &#8211; <\/strong><span class=\"elementor-icon-list-text\">Vendredi 29 mai \u00e0 21h05<br>la compagnie Samba R\u00e9sille avec toute l&rsquo;\u00e9nergie du samba ! <\/span><\/p>\n<p><strong>Festival Luluberlu <a href=\"https:\/\/festival-luluberlu.fr\/\" target=\"_blank\" rel=\"noopener\">&gt;&gt;&gt;<\/a><\/strong><\/p>\t\t\t\t\t\t\t\t<\/div>\n\t\t\t\t<\/div>\n\t\t\t\t\t<\/div>\n\t\t<\/div>\n\t\t\t\t\t<\/div>\n\t\t<\/section>\n\t\t\t\t<\/div>","protected":false},"excerpt":{"rendered":"<p>Retrouvez Samba R\u00e9sille pour l&rsquo;inuguration du festival des boutdchous d&rsquo;Odyssud !<\/p>","protected":false},"author":3,"featured_media":16525,"comment_status":"closed","ping_status":"closed","sticky":false,"template":"","format":"standard","meta":{"footnotes":""},"categories":[38,6],"tags":[],"class_list":["post-16523","post","type-post","status-publish","format-standard","has-post-thumbnail","hentry","category-concert","category-news"],"_links":{"self":[{"href":"https:\/\/samba-resille.org\/site\/en\/wp-json\/wp\/v2\/posts\/16523","targetHints":{"allow":["GET"]}}],"collection":[{"href":"https:\/\/samba-resille.org\/site\/en\/wp-json\/wp\/v2\/posts"}],"about":[{"href":"https:\/\/samba-resille.org\/site\/en\/wp-json\/wp\/v2\/types\/post"}],"author":[{"embeddable":true,"href":"https:\/\/samba-resille.org\/site\/en\/wp-json\/wp\/v2\/users\/3"}],"replies":[{"embeddable":true,"href":"https:\/\/samba-resille.org\/site\/en\/wp-json\/wp\/v2\/comments?post=16523"}],"version-history":[{"count":6,"href":"https:\/\/samba-resille.org\/site\/en\/wp-json\/wp\/v2\/posts\/16523\/revisions"}],"predecessor-version":[{"id":16541,"href":"https:\/\/samba-resille.org\/site\/en\/wp-json\/wp\/v2\/posts\/16523\/revisions\/16541"}],"wp:featuredmedia":[{"embeddable":true,"href":"https:\/\/samba-resille.org\/site\/en\/wp-json\/wp\/v2\/media\/16525"}],"wp:attachment":[{"href":"https:\/\/samba-resille.org\/site\/en\/wp-json\/wp\/v2\/media?parent=16523"}],"wp:term":[{"taxonomy":"category","embeddable":true,"href":"https:\/\/samba-resille.org\/site\/en\/wp-json\/wp\/v2\/categories?post=16523"},{"taxonomy":"post_tag","embeddable":true,"href":"https:\/\/samba-resille.org\/site\/en\/wp-json\/wp\/v2\/tags?post=16523"}],"curies":[{"name":"wp","href":"https:\/\/api.w.org\/{rel}","templated":true}]}}