{"id":16530,"date":"2026-04-28T11:41:58","date_gmt":"2026-04-28T09:41:58","guid":{"rendered":"https:\/\/samba-resille.org\/site\/?p=16530"},"modified":"2026-04-28T11:58:36","modified_gmt":"2026-04-28T09:58:36","slug":"mundo-kanaval-au-festival-sol-y-fiesta-15-16-mai","status":"publish","type":"post","link":"https:\/\/samba-resille.org\/site\/en\/2026\/04\/28\/mundo-kanaval-au-festival-sol-y-fiesta-15-16-mai\/","title":{"rendered":"Mundo kanaval au festival Sol y fiesta -15\/16 mai"},"content":{"rendered":"<div data-elementor-type=\"wp-post\" data-elementor-id=\"16530\" class=\"elementor elementor-16530\" wpc-filter-elementor-widget=\"1\" data-elementor-post-type=\"post\">\n\t\t\t\t\t\t<section class=\"elementor-section elementor-top-section elementor-element elementor-element-2916922 elementor-section-boxed elementor-section-height-default elementor-section-height-default\" data-id=\"2916922\" data-element_type=\"section\" data-e-type=\"section\">\n\t\t\t\t\t\t<div class=\"elementor-container elementor-column-gap-default\">\n\t\t\t\t\t<div class=\"elementor-column elementor-col-50 elementor-top-column elementor-element elementor-element-cc205ab\" data-id=\"cc205ab\" data-element_type=\"column\" data-e-type=\"column\">\n\t\t\t<div class=\"elementor-widget-wrap elementor-element-populated\">\n\t\t\t\t\t\t<div class=\"elementor-element elementor-element-b7c57fa elementor-widget elementor-widget-image\" data-id=\"b7c57fa\" data-element_type=\"widget\" data-e-type=\"widget\" data-widget_type=\"image.default\">\n\t\t\t\t<div class=\"elementor-widget-container\">\n\t\t\t\t\t\t\t\t\t\t\t\t\t\t\t\t<a href=\"https:\/\/www.solyfiesta.fr\/\" target=\"_blank\">\n\t\t\t\t\t\t\t<img fetchpriority=\"high\" decoding=\"async\" width=\"360\" height=\"450\" src=\"https:\/\/samba-resille.org\/site\/wp-content\/uploads\/2026\/04\/solyfiesta.webp\" class=\"attachment-large size-large wp-image-16531\" alt=\"\" srcset=\"https:\/\/samba-resille.org\/site\/wp-content\/uploads\/2026\/04\/solyfiesta.webp 360w, https:\/\/samba-resille.org\/site\/wp-content\/uploads\/2026\/04\/solyfiesta-240x300.webp 240w, https:\/\/samba-resille.org\/site\/wp-content\/uploads\/2026\/04\/solyfiesta-10x12.webp 10w, https:\/\/samba-resille.org\/site\/wp-content\/uploads\/2026\/04\/solyfiesta-38x48.webp 38w\" sizes=\"(max-width: 360px) 100vw, 360px\" \/>\t\t\t\t\t\t\t\t<\/a>\n\t\t\t\t\t\t\t\t\t\t\t\t\t\t\t<\/div>\n\t\t\t\t<\/div>\n\t\t\t\t\t<\/div>\n\t\t<\/div>\n\t\t\t\t<div class=\"elementor-column elementor-col-50 elementor-top-column elementor-element elementor-element-db1b4b2\" data-id=\"db1b4b2\" data-element_type=\"column\" data-e-type=\"column\">\n\t\t\t<div class=\"elementor-widget-wrap elementor-element-populated\">\n\t\t\t\t\t\t<div class=\"elementor-element elementor-element-5957f36 elementor-widget elementor-widget-text-editor\" data-id=\"5957f36\" data-element_type=\"widget\" data-e-type=\"widget\" data-widget_type=\"text-editor.default\">\n\t\t\t\t<div class=\"elementor-widget-container\">\n\t\t\t\t\t\t\t\t\t<div class=\"xdj266r x14z9mp xat24cr x1lziwak x1vvkbs x126k92a\"><div dir=\"auto\">\ud835\udde0\ud835\ude02\ud835\uddfb\ud835\uddf1\ud835\uddfc \ud835\uddde\ud835\uddee\ud835\uddfb\ud835\uddee\ud835\ude03\ud835\uddee\ud835\uddf9 \u2013 \ud835\udde6\ud835\uddee\ud835\uddfa\ud835\uddef\ud835\uddee \ud835\udde5\ud835\uddf2\u0301\ud835\ude00\ud835\uddf6\ud835\uddf9\ud835\uddf9\ud835\uddf2 Fanfarna\u00fcm<\/div><\/div><div dir=\"auto\">\u00a0<\/div><div dir=\"auto\">L&rsquo;ensemble musical qui rassemble les deux collectifs depuis plusieurs ann\u00e9es dans une connivence artistique complice et festive s&rsquo;exporte au festival Sol y Fiesta !<\/div><div class=\"x14z9mp xat24cr x1lziwak x1vvkbs xtlvy1s x126k92a\"><div dir=\"auto\">Issu des exp\u00e9riences internationales de Samba R\u00e9sille, Mundo Karnaval est un spectacle qui propose un voyage musical \u00e0 travers les carnavals et grandes traditions festives d\u2019Am\u00e9rique du Sud et d\u2019Afrique.<\/div><\/div><div class=\"x14z9mp xat24cr x1lziwak x1vvkbs xtlvy1s x126k92a\"><div dir=\"auto\"><p>Un grand collectif compos\u00e9 d\u2019une batucada, de chanteurs et d\u2019une section de cuivres, interpr\u00e8te des morceaux du Br\u00e9sil, de Colombie, du Mexique, des Antilles, d\u2019Afrique du Sud, et plus encore \u00e0 l\u2019avenir, car le r\u00e9pertoire \u00e9volue au fil des projets de Samba R\u00e9sille.\u00a0<\/p><\/div><div dir=\"auto\">Vendredi 15 et samedi 16 mai &#8211; d\u00e8s 18h\u00a0<br \/>Rues du village<br \/><a href=\"https:\/\/www.solyfiesta.fr\/\" target=\"_blank\" rel=\"noopener\">Toutes les infos &gt;&gt;&gt;<\/a><\/div><\/div>\t\t\t\t\t\t\t\t<\/div>\n\t\t\t\t<\/div>\n\t\t\t\t\t<\/div>\n\t\t<\/div>\n\t\t\t\t\t<\/div>\n\t\t<\/section>\n\t\t\t\t<section class=\"elementor-section elementor-top-section elementor-element elementor-element-7a89b99 elementor-section-boxed elementor-section-height-default elementor-section-height-default\" data-id=\"7a89b99\" data-element_type=\"section\" data-e-type=\"section\">\n\t\t\t\t\t\t<div class=\"elementor-container elementor-column-gap-default\">\n\t\t\t\t\t<div class=\"elementor-column elementor-col-100 elementor-top-column elementor-element elementor-element-94bef34\" data-id=\"94bef34\" data-element_type=\"column\" data-e-type=\"column\">\n\t\t\t<div class=\"elementor-widget-wrap elementor-element-populated\">\n\t\t\t\t\t\t<div class=\"elementor-element elementor-element-e74284a elementor-widget elementor-widget-image\" data-id=\"e74284a\" data-element_type=\"widget\" data-e-type=\"widget\" data-widget_type=\"image.default\">\n\t\t\t\t<div class=\"elementor-widget-container\">\n\t\t\t\t\t\t\t\t\t\t\t\t\t\t\t<img decoding=\"async\" width=\"800\" height=\"367\" src=\"https:\/\/samba-resille.org\/site\/wp-content\/uploads\/2026\/04\/fanfarnaum-1024x470.jpg\" class=\"attachment-large size-large wp-image-16537\" alt=\"\" srcset=\"https:\/\/samba-resille.org\/site\/wp-content\/uploads\/2026\/04\/fanfarnaum-1024x470.jpg 1024w, https:\/\/samba-resille.org\/site\/wp-content\/uploads\/2026\/04\/fanfarnaum-300x138.jpg 300w, https:\/\/samba-resille.org\/site\/wp-content\/uploads\/2026\/04\/fanfarnaum-768x353.jpg 768w, https:\/\/samba-resille.org\/site\/wp-content\/uploads\/2026\/04\/fanfarnaum-1536x706.jpg 1536w, https:\/\/samba-resille.org\/site\/wp-content\/uploads\/2026\/04\/fanfarnaum-18x8.jpg 18w, https:\/\/samba-resille.org\/site\/wp-content\/uploads\/2026\/04\/fanfarnaum-48x22.jpg 48w, https:\/\/samba-resille.org\/site\/wp-content\/uploads\/2026\/04\/fanfarnaum.jpg 1600w\" sizes=\"(max-width: 800px) 100vw, 800px\" \/>\t\t\t\t\t\t\t\t\t\t\t\t\t\t\t<\/div>\n\t\t\t\t<\/div>\n\t\t\t\t\t<\/div>\n\t\t<\/div>\n\t\t\t\t\t<\/div>\n\t\t<\/section>\n\t\t\t\t<\/div>","protected":false},"excerpt":{"rendered":"<p>Retrouvez le format musical XXL au festival de Leucate Sol Y fiesta !<\/p>","protected":false},"author":3,"featured_media":16531,"comment_status":"closed","ping_status":"closed","sticky":false,"template":"","format":"standard","meta":{"footnotes":""},"categories":[38,6,22],"tags":[],"class_list":["post-16530","post","type-post","status-publish","format-standard","has-post-thumbnail","hentry","category-concert","category-news","category-non-classe-fr"],"_links":{"self":[{"href":"https:\/\/samba-resille.org\/site\/en\/wp-json\/wp\/v2\/posts\/16530","targetHints":{"allow":["GET"]}}],"collection":[{"href":"https:\/\/samba-resille.org\/site\/en\/wp-json\/wp\/v2\/posts"}],"about":[{"href":"https:\/\/samba-resille.org\/site\/en\/wp-json\/wp\/v2\/types\/post"}],"author":[{"embeddable":true,"href":"https:\/\/samba-resille.org\/site\/en\/wp-json\/wp\/v2\/users\/3"}],"replies":[{"embeddable":true,"href":"https:\/\/samba-resille.org\/site\/en\/wp-json\/wp\/v2\/comments?post=16530"}],"version-history":[{"count":8,"href":"https:\/\/samba-resille.org\/site\/en\/wp-json\/wp\/v2\/posts\/16530\/revisions"}],"predecessor-version":[{"id":16540,"href":"https:\/\/samba-resille.org\/site\/en\/wp-json\/wp\/v2\/posts\/16530\/revisions\/16540"}],"wp:featuredmedia":[{"embeddable":true,"href":"https:\/\/samba-resille.org\/site\/en\/wp-json\/wp\/v2\/media\/16531"}],"wp:attachment":[{"href":"https:\/\/samba-resille.org\/site\/en\/wp-json\/wp\/v2\/media?parent=16530"}],"wp:term":[{"taxonomy":"category","embeddable":true,"href":"https:\/\/samba-resille.org\/site\/en\/wp-json\/wp\/v2\/categories?post=16530"},{"taxonomy":"post_tag","embeddable":true,"href":"https:\/\/samba-resille.org\/site\/en\/wp-json\/wp\/v2\/tags?post=16530"}],"curies":[{"name":"wp","href":"https:\/\/api.w.org\/{rel}","templated":true}]}}