{"id":8776,"date":"2023-01-13T14:59:10","date_gmt":"2023-01-13T13:59:10","guid":{"rendered":"https:\/\/samba-resille.org\/site\/?p=8776"},"modified":"2023-03-08T11:21:21","modified_gmt":"2023-03-08T10:21:21","slug":"consortium-erasmus-education-des-adultes-appel-a-candidature","status":"publish","type":"post","link":"https:\/\/samba-resille.org\/site\/en\/2023\/01\/13\/consortium-erasmus-education-des-adultes-appel-a-candidature\/","title":{"rendered":"Consortium Erasmus+ \u00c9ducation des Adultes \/ Appel \u00e0 candidature"},"content":{"rendered":"<div data-elementor-type=\"wp-post\" data-elementor-id=\"8776\" class=\"elementor elementor-8776\" wpc-filter-elementor-widget=\"1\" data-elementor-post-type=\"post\">\n\t\t\t\t\t\t<section class=\"elementor-section elementor-top-section elementor-element elementor-element-ba46a46 elementor-section-boxed elementor-section-height-default elementor-section-height-default\" data-id=\"ba46a46\" data-element_type=\"section\" data-e-type=\"section\">\n\t\t\t\t\t\t<div class=\"elementor-container elementor-column-gap-default\">\n\t\t\t\t\t<div class=\"elementor-column elementor-col-50 elementor-top-column elementor-element elementor-element-f96f00b\" data-id=\"f96f00b\" data-element_type=\"column\" data-e-type=\"column\">\n\t\t\t<div class=\"elementor-widget-wrap elementor-element-populated\">\n\t\t\t\t\t\t<div class=\"elementor-element elementor-element-1c9cd83 elementor-widget elementor-widget-text-editor\" data-id=\"1c9cd83\" data-element_type=\"widget\" data-e-type=\"widget\" data-widget_type=\"text-editor.default\">\n\t\t\t\t<div class=\"elementor-widget-container\">\n\t\t\t\t\t\t\t\t\t<h3>Vous avez une id\u00e9e d&rsquo;action de coop\u00e9ration interculturelle locale avec une dimension europ\u00e9enne ?<\/h3><h5><span style=\"text-decoration: underline;\">Vous souhaitez organiser des mobilit\u00e9s europ\u00e9ennes pour votre personnel et vos apprenants ?<\/span><\/h5>\t\t\t\t\t\t\t\t<\/div>\n\t\t\t\t<\/div>\n\t\t\t\t<div class=\"elementor-element elementor-element-fe7ed4f elementor-widget elementor-widget-text-editor\" data-id=\"fe7ed4f\" data-element_type=\"widget\" data-e-type=\"widget\" data-widget_type=\"text-editor.default\">\n\t\t\t\t<div class=\"elementor-widget-container\">\n\t\t\t\t\t\t\t\t\t<h6><strong>Notre consortium accueille de nouveaux membres !<\/strong><\/h6><h6>Plus d\u2019informations sur notre page<strong>\u00a0<a href=\"https:\/\/samba-resille.org\/international-platform\/integrer-le-consortium\/\">&gt;&gt; Lien de la page<\/a><\/strong><\/h6><h6>Vous souhaitez candidater ? <strong><a href=\"https:\/\/form.jotform.com\/230102156009339\">&gt;&gt; Lien du formulaire<\/a><\/strong><\/h6>\t\t\t\t\t\t\t\t<\/div>\n\t\t\t\t<\/div>\n\t\t\t\t\t<\/div>\n\t\t<\/div>\n\t\t\t\t<div class=\"elementor-column elementor-col-50 elementor-top-column elementor-element elementor-element-a39b7ec\" data-id=\"a39b7ec\" data-element_type=\"column\" data-e-type=\"column\">\n\t\t\t<div class=\"elementor-widget-wrap elementor-element-populated\">\n\t\t\t\t\t\t<div class=\"elementor-element elementor-element-2dde7aa elementor-widget elementor-widget-image\" data-id=\"2dde7aa\" data-element_type=\"widget\" data-e-type=\"widget\" data-widget_type=\"image.default\">\n\t\t\t\t<div class=\"elementor-widget-container\">\n\t\t\t\t\t\t\t\t\t\t\t\t\t\t\t<img fetchpriority=\"high\" decoding=\"async\" width=\"500\" height=\"393\" src=\"https:\/\/samba-resille.org\/site\/wp-content\/uploads\/2023\/01\/CARTOUCHE-CONSORTIUM.jpg\" class=\"attachment-large size-large wp-image-8777\" alt=\"\" srcset=\"https:\/\/samba-resille.org\/site\/wp-content\/uploads\/2023\/01\/CARTOUCHE-CONSORTIUM.jpg 500w, https:\/\/samba-resille.org\/site\/wp-content\/uploads\/2023\/01\/CARTOUCHE-CONSORTIUM-300x236.jpg 300w, https:\/\/samba-resille.org\/site\/wp-content\/uploads\/2023\/01\/CARTOUCHE-CONSORTIUM-15x12.jpg 15w, https:\/\/samba-resille.org\/site\/wp-content\/uploads\/2023\/01\/CARTOUCHE-CONSORTIUM-48x38.jpg 48w\" sizes=\"(max-width: 500px) 100vw, 500px\" \/>\t\t\t\t\t\t\t\t\t\t\t\t\t\t\t<\/div>\n\t\t\t\t<\/div>\n\t\t\t\t\t<\/div>\n\t\t<\/div>\n\t\t\t\t\t<\/div>\n\t\t<\/section>\n\t\t\t\t<\/div>","protected":false},"excerpt":{"rendered":"<p>Vous avez une id\u00e9e d&rsquo;action de coop\u00e9ration interculturelle locale avec une dimension europ\u00e9enne ? Vous souhaitez organiser des mobilit\u00e9s europ\u00e9ennes pour votre personnel et vos apprenants ? Notre consortium accueille de nouveaux membres ! Plus d\u2019informations sur notre page\u00a0&gt;&gt; Lien de la page Vous souhaitez candidater ? &gt;&gt; Lien du formulaire<\/p>","protected":false},"author":5,"featured_media":8777,"comment_status":"closed","ping_status":"closed","sticky":false,"template":"","format":"standard","meta":{"footnotes":""},"categories":[22],"tags":[],"class_list":["post-8776","post","type-post","status-publish","format-standard","has-post-thumbnail","hentry","category-non-classe-fr"],"_links":{"self":[{"href":"https:\/\/samba-resille.org\/site\/en\/wp-json\/wp\/v2\/posts\/8776","targetHints":{"allow":["GET"]}}],"collection":[{"href":"https:\/\/samba-resille.org\/site\/en\/wp-json\/wp\/v2\/posts"}],"about":[{"href":"https:\/\/samba-resille.org\/site\/en\/wp-json\/wp\/v2\/types\/post"}],"author":[{"embeddable":true,"href":"https:\/\/samba-resille.org\/site\/en\/wp-json\/wp\/v2\/users\/5"}],"replies":[{"embeddable":true,"href":"https:\/\/samba-resille.org\/site\/en\/wp-json\/wp\/v2\/comments?post=8776"}],"version-history":[{"count":8,"href":"https:\/\/samba-resille.org\/site\/en\/wp-json\/wp\/v2\/posts\/8776\/revisions"}],"predecessor-version":[{"id":8787,"href":"https:\/\/samba-resille.org\/site\/en\/wp-json\/wp\/v2\/posts\/8776\/revisions\/8787"}],"wp:featuredmedia":[{"embeddable":true,"href":"https:\/\/samba-resille.org\/site\/en\/wp-json\/wp\/v2\/media\/8777"}],"wp:attachment":[{"href":"https:\/\/samba-resille.org\/site\/en\/wp-json\/wp\/v2\/media?parent=8776"}],"wp:term":[{"taxonomy":"category","embeddable":true,"href":"https:\/\/samba-resille.org\/site\/en\/wp-json\/wp\/v2\/categories?post=8776"},{"taxonomy":"post_tag","embeddable":true,"href":"https:\/\/samba-resille.org\/site\/en\/wp-json\/wp\/v2\/tags?post=8776"}],"curies":[{"name":"wp","href":"https:\/\/api.w.org\/{rel}","templated":true}]}}