{"id":8920,"date":"2023-02-06T11:15:07","date_gmt":"2023-02-06T10:15:07","guid":{"rendered":"https:\/\/samba-resille.org\/site\/?p=8920"},"modified":"2023-05-02T11:14:43","modified_gmt":"2023-05-02T09:14:43","slug":"parade-de-los-muertos-au-museum","status":"publish","type":"post","link":"https:\/\/samba-resille.org\/site\/en\/2023\/02\/06\/parade-de-los-muertos-au-museum\/","title":{"rendered":"Parade de los Muertos au Museum"},"content":{"rendered":"<div data-elementor-type=\"wp-post\" data-elementor-id=\"8920\" class=\"elementor elementor-8920\" wpc-filter-elementor-widget=\"1\" data-elementor-post-type=\"post\">\n\t\t\t\t\t\t<section class=\"elementor-section elementor-top-section elementor-element elementor-element-0da18d7 elementor-section-boxed elementor-section-height-default elementor-section-height-default\" data-id=\"0da18d7\" data-element_type=\"section\" data-e-type=\"section\">\n\t\t\t\t\t\t<div class=\"elementor-container elementor-column-gap-default\">\n\t\t\t\t\t<div class=\"elementor-column elementor-col-50 elementor-top-column elementor-element elementor-element-9cf79e8\" data-id=\"9cf79e8\" data-element_type=\"column\" data-e-type=\"column\">\n\t\t\t<div class=\"elementor-widget-wrap elementor-element-populated\">\n\t\t\t\t\t\t<div class=\"elementor-element elementor-element-94c2012 elementor-widget elementor-widget-video\" data-id=\"94c2012\" data-element_type=\"widget\" data-e-type=\"widget\" data-settings=\"{&quot;youtube_url&quot;:&quot;https:\\\/\\\/youtu.be\\\/VKsK4WhYLYI&quot;,&quot;video_type&quot;:&quot;youtube&quot;,&quot;controls&quot;:&quot;yes&quot;}\" data-widget_type=\"video.default\">\n\t\t\t\t<div class=\"elementor-widget-container\">\n\t\t\t\t\t\t\t<div class=\"elementor-wrapper elementor-open-inline\">\n\t\t\t<div class=\"elementor-video\"><\/div>\t\t<\/div>\n\t\t\t\t\t\t<\/div>\n\t\t\t\t<\/div>\n\t\t\t\t\t<\/div>\n\t\t<\/div>\n\t\t\t\t<div class=\"elementor-column elementor-col-50 elementor-top-column elementor-element elementor-element-6e4fd30\" data-id=\"6e4fd30\" data-element_type=\"column\" data-e-type=\"column\">\n\t\t\t<div class=\"elementor-widget-wrap elementor-element-populated\">\n\t\t\t\t\t\t<div class=\"elementor-element elementor-element-064bf00 elementor-widget elementor-widget-text-editor\" data-id=\"064bf00\" data-element_type=\"widget\" data-e-type=\"widget\" data-widget_type=\"text-editor.default\">\n\t\t\t\t<div class=\"elementor-widget-container\">\n\t\t\t\t\t\t\t\t\t<p>Samedi 29 octobre 2022, \u00e0\u00a0 l&rsquo;occasion de l&rsquo;ouverture de sa saison th\u00e9matique et de l&rsquo;exposition \u00ab\u00a0Momies\u00a0\u00bb, le Mus\u00e9um de Toulouse a invit\u00e9 Samba R\u00e9sille \u00e0 une d\u00e9ambulation au jardin des plantes de la Parade De Los Muertos aux couleurs du Mexique. Un concert du Pagode a clos cette journ\u00e9e festive aux rythmes d\u2019Am\u00e9rique du Sud et d\u2019Afrique.<br \/><br \/>Retour en vid\u00e9o de cette journ\u00e9e avec l&rsquo;Ispra<\/p>\t\t\t\t\t\t\t\t<\/div>\n\t\t\t\t<\/div>\n\t\t\t\t<div class=\"elementor-element elementor-element-5fdc13c elementor-widget elementor-widget-image\" data-id=\"5fdc13c\" data-element_type=\"widget\" data-e-type=\"widget\" data-widget_type=\"image.default\">\n\t\t\t\t<div class=\"elementor-widget-container\">\n\t\t\t\t\t\t\t\t\t\t\t\t\t\t\t<img fetchpriority=\"high\" decoding=\"async\" width=\"800\" height=\"568\" src=\"https:\/\/samba-resille.org\/site\/wp-content\/uploads\/2023\/02\/los-muertos.jpg\" class=\"attachment-large size-large wp-image-8922\" alt=\"\" srcset=\"https:\/\/samba-resille.org\/site\/wp-content\/uploads\/2023\/02\/los-muertos.jpg 822w, https:\/\/samba-resille.org\/site\/wp-content\/uploads\/2023\/02\/los-muertos-300x213.jpg 300w, https:\/\/samba-resille.org\/site\/wp-content\/uploads\/2023\/02\/los-muertos-768x546.jpg 768w, https:\/\/samba-resille.org\/site\/wp-content\/uploads\/2023\/02\/los-muertos-18x12.jpg 18w, https:\/\/samba-resille.org\/site\/wp-content\/uploads\/2023\/02\/los-muertos-48x34.jpg 48w\" sizes=\"(max-width: 800px) 100vw, 800px\" \/>\t\t\t\t\t\t\t\t\t\t\t\t\t\t\t<\/div>\n\t\t\t\t<\/div>\n\t\t\t\t\t<\/div>\n\t\t<\/div>\n\t\t\t\t\t<\/div>\n\t\t<\/section>\n\t\t\t\t<\/div>","protected":false},"excerpt":{"rendered":"<p>Retour en vid\u00e9o \u00e0 l&rsquo;occasion de l&rsquo;ouverture de la saison th\u00e9matique et de l&rsquo;exposition \u00ab\u00a0Momies\u00a0\u00bb du Mus\u00e9um de Toulouse qui a invit\u00e9 Samba R\u00e9sille \u00e0 une d\u00e9ambulation au jardin des plantes de la Parade De Los Muertos aux couleurs du Mexique. Un concert du Pagode a clos cette journ\u00e9e festive aux rythmes d\u2019Am\u00e9rique du Sud et d\u2019Afrique.<\/p>","protected":false},"author":3,"featured_media":8923,"comment_status":"closed","ping_status":"closed","sticky":false,"template":"","format":"standard","meta":{"footnotes":""},"categories":[22],"tags":[],"class_list":["post-8920","post","type-post","status-publish","format-standard","has-post-thumbnail","hentry","category-non-classe-fr"],"_links":{"self":[{"href":"https:\/\/samba-resille.org\/site\/en\/wp-json\/wp\/v2\/posts\/8920","targetHints":{"allow":["GET"]}}],"collection":[{"href":"https:\/\/samba-resille.org\/site\/en\/wp-json\/wp\/v2\/posts"}],"about":[{"href":"https:\/\/samba-resille.org\/site\/en\/wp-json\/wp\/v2\/types\/post"}],"author":[{"embeddable":true,"href":"https:\/\/samba-resille.org\/site\/en\/wp-json\/wp\/v2\/users\/3"}],"replies":[{"embeddable":true,"href":"https:\/\/samba-resille.org\/site\/en\/wp-json\/wp\/v2\/comments?post=8920"}],"version-history":[{"count":9,"href":"https:\/\/samba-resille.org\/site\/en\/wp-json\/wp\/v2\/posts\/8920\/revisions"}],"predecessor-version":[{"id":8932,"href":"https:\/\/samba-resille.org\/site\/en\/wp-json\/wp\/v2\/posts\/8920\/revisions\/8932"}],"wp:featuredmedia":[{"embeddable":true,"href":"https:\/\/samba-resille.org\/site\/en\/wp-json\/wp\/v2\/media\/8923"}],"wp:attachment":[{"href":"https:\/\/samba-resille.org\/site\/en\/wp-json\/wp\/v2\/media?parent=8920"}],"wp:term":[{"taxonomy":"category","embeddable":true,"href":"https:\/\/samba-resille.org\/site\/en\/wp-json\/wp\/v2\/categories?post=8920"},{"taxonomy":"post_tag","embeddable":true,"href":"https:\/\/samba-resille.org\/site\/en\/wp-json\/wp\/v2\/tags?post=8920"}],"curies":[{"name":"wp","href":"https:\/\/api.w.org\/{rel}","templated":true}]}}