{"id":11603,"date":"2024-04-30T12:53:49","date_gmt":"2024-04-30T10:53:49","guid":{"rendered":"https:\/\/samba-resille.org\/site\/?p=11603"},"modified":"2024-06-19T11:13:11","modified_gmt":"2024-06-19T09:13:11","slug":"chembe-mwanza","status":"publish","type":"post","link":"https:\/\/samba-resille.org\/site\/2024\/04\/30\/chembe-mwanza\/","title":{"rendered":"Chembe Mwanza"},"content":{"rendered":"\t\t<div data-elementor-type=\"wp-post\" data-elementor-id=\"11603\" class=\"elementor elementor-11603\" wpc-filter-elementor-widget=\"1\" data-elementor-post-type=\"post\">\n\t\t\t\t\t\t<section class=\"elementor-section elementor-top-section elementor-element elementor-element-a3afb7c elementor-section-boxed elementor-section-height-default elementor-section-height-default\" data-id=\"a3afb7c\" data-element_type=\"section\" data-e-type=\"section\">\n\t\t\t\t\t\t<div class=\"elementor-container elementor-column-gap-default\">\n\t\t\t\t\t<div class=\"elementor-column elementor-col-33 elementor-top-column elementor-element elementor-element-a0c1113\" data-id=\"a0c1113\" data-element_type=\"column\" data-e-type=\"column\">\n\t\t\t<div class=\"elementor-widget-wrap elementor-element-populated\">\n\t\t\t\t\t\t<div class=\"elementor-element elementor-element-a8ecbf0 elementor-widget elementor-widget-image\" data-id=\"a8ecbf0\" data-element_type=\"widget\" data-e-type=\"widget\" data-widget_type=\"image.default\">\n\t\t\t\t<div class=\"elementor-widget-container\">\n\t\t\t\t\t\t\t\t\t\t\t\t\t\t\t<img fetchpriority=\"high\" decoding=\"async\" width=\"800\" height=\"800\" src=\"https:\/\/samba-resille.org\/site\/wp-content\/uploads\/2024\/05\/chembe.jpg\" class=\"attachment-large size-large wp-image-11605\" alt=\"\" srcset=\"https:\/\/samba-resille.org\/site\/wp-content\/uploads\/2024\/05\/chembe.jpg 802w, https:\/\/samba-resille.org\/site\/wp-content\/uploads\/2024\/05\/chembe-300x300.jpg 300w, https:\/\/samba-resille.org\/site\/wp-content\/uploads\/2024\/05\/chembe-150x150.jpg 150w, https:\/\/samba-resille.org\/site\/wp-content\/uploads\/2024\/05\/chembe-768x768.jpg 768w, https:\/\/samba-resille.org\/site\/wp-content\/uploads\/2024\/05\/chembe-12x12.jpg 12w, https:\/\/samba-resille.org\/site\/wp-content\/uploads\/2024\/05\/chembe-48x48.jpg 48w\" sizes=\"(max-width: 800px) 100vw, 800px\" \/>\t\t\t\t\t\t\t\t\t\t\t\t\t\t\t<\/div>\n\t\t\t\t<\/div>\n\t\t\t\t\t<\/div>\n\t\t<\/div>\n\t\t\t\t<div class=\"elementor-column elementor-col-33 elementor-top-column elementor-element elementor-element-e0f03f5\" data-id=\"e0f03f5\" data-element_type=\"column\" data-e-type=\"column\">\n\t\t\t<div class=\"elementor-widget-wrap elementor-element-populated\">\n\t\t\t\t\t\t<div class=\"elementor-element elementor-element-b39353f elementor-widget elementor-widget-text-editor\" data-id=\"b39353f\" data-element_type=\"widget\" data-e-type=\"widget\" data-widget_type=\"text-editor.default\">\n\t\t\t\t<div class=\"elementor-widget-container\">\n\t\t\t\t\t\t\t\t\t<p>C&rsquo;est avec une grande affliction que toute l&rsquo;\u00e9quipe de Samba R\u00e9sille a re\u00e7u la nouvelle de la disparition de Chembe Mwanza, tragiquement d\u00e9c\u00e9d\u00e9 le 23 avril.<\/p>\n<p>Nous n&rsquo;oublierons pas la joie et la bienveillance de Chembe qu&rsquo;il a partag\u00e9 avec nous lors des <a href=\"https:\/\/samba-resille.org\/international-platform\/zambie-afrique-du-sud\/\" target=\"_blank\" rel=\"noopener\">coop\u00e9rations Erasmus+<\/a> mises en \u0153uvre avec l&rsquo;organisation <a href=\"https:\/\/barefeettheatre.org\/\" target=\"_blank\" rel=\"noopener\">Barefeet<\/a> dont il a \u00e9t\u00e9 l&rsquo;un des membres.<br>Lors des mobilit\u00e9s \u00e0 Lusaka, Cape Town ou Toulouse, nous avions pu d\u00e9couvrir Chembe dont le professionnalisme et la bonne humeur nous avaient profond\u00e9ment marqu\u00e9.<\/p>\n<p>C&rsquo;est un \u00eatre lumineux et rayonnant qui nous quitte et laisse dans une grande tristesse ses proches \u00e0 qui nous adressons toutes nos condol\u00e9ances.<\/p>\n<p>Une cagnotte a \u00e9t\u00e9 mise en ligne pour celles et ceux qui souhaitent soutenir dans cette \u00e9preuve les enfants de Chembe :&nbsp; <a href=\"https:\/\/gofund.me\/abbd8530\" target=\"_blank\" rel=\"noopener\">https:\/\/gofund.me\/abbd8530<\/a><\/p>\t\t\t\t\t\t\t\t<\/div>\n\t\t\t\t<\/div>\n\t\t\t\t\t<\/div>\n\t\t<\/div>\n\t\t\t\t<div class=\"elementor-column elementor-col-33 elementor-top-column elementor-element elementor-element-5b65e92\" data-id=\"5b65e92\" data-element_type=\"column\" data-e-type=\"column\">\n\t\t\t<div class=\"elementor-widget-wrap elementor-element-populated\">\n\t\t\t\t\t\t<div class=\"elementor-element elementor-element-0570853 elementor-widget elementor-widget-image\" data-id=\"0570853\" data-element_type=\"widget\" data-e-type=\"widget\" data-widget_type=\"image.default\">\n\t\t\t\t<div class=\"elementor-widget-container\">\n\t\t\t\t\t\t\t\t\t\t\t\t\t\t\t<img decoding=\"async\" width=\"700\" height=\"700\" src=\"https:\/\/samba-resille.org\/site\/wp-content\/uploads\/2024\/05\/chembe3.jpg\" class=\"attachment-large size-large wp-image-11606\" alt=\"\" srcset=\"https:\/\/samba-resille.org\/site\/wp-content\/uploads\/2024\/05\/chembe3.jpg 700w, https:\/\/samba-resille.org\/site\/wp-content\/uploads\/2024\/05\/chembe3-300x300.jpg 300w, https:\/\/samba-resille.org\/site\/wp-content\/uploads\/2024\/05\/chembe3-150x150.jpg 150w, https:\/\/samba-resille.org\/site\/wp-content\/uploads\/2024\/05\/chembe3-12x12.jpg 12w, https:\/\/samba-resille.org\/site\/wp-content\/uploads\/2024\/05\/chembe3-48x48.jpg 48w\" sizes=\"(max-width: 700px) 100vw, 700px\" \/>\t\t\t\t\t\t\t\t\t\t\t\t\t\t\t<\/div>\n\t\t\t\t<\/div>\n\t\t\t\t\t<\/div>\n\t\t<\/div>\n\t\t\t\t\t<\/div>\n\t\t<\/section>\n\t\t\t\t<\/div>\n\t\t","protected":false},"excerpt":{"rendered":"<p>C\u2019est avec une grande affliction que toute l\u2019\u00e9quipe de Samba R\u00e9sille a re\u00e7u la nouvelle de la disparition de Chembe Mwanza, tragiquement d\u00e9c\u00e9d\u00e9 le 23 avril.<\/p>\n<p>Nous n\u2019oublierons pas la joie et la bienveillance de Chembe qu\u2019il a partag\u00e9 avec nous lors des coop\u00e9rations Erasmus+ mises en \u0153uvre avec l\u2019organisation Barefeet dont il a \u00e9t\u00e9 l\u2019un des membres.<\/p>\n","protected":false},"author":3,"featured_media":11605,"comment_status":"closed","ping_status":"closed","sticky":false,"template":"","format":"standard","meta":{"footnotes":""},"categories":[22],"tags":[],"class_list":["post-11603","post","type-post","status-publish","format-standard","has-post-thumbnail","hentry","category-non-classe-fr"],"_links":{"self":[{"href":"https:\/\/samba-resille.org\/site\/wp-json\/wp\/v2\/posts\/11603","targetHints":{"allow":["GET"]}}],"collection":[{"href":"https:\/\/samba-resille.org\/site\/wp-json\/wp\/v2\/posts"}],"about":[{"href":"https:\/\/samba-resille.org\/site\/wp-json\/wp\/v2\/types\/post"}],"author":[{"embeddable":true,"href":"https:\/\/samba-resille.org\/site\/wp-json\/wp\/v2\/users\/3"}],"replies":[{"embeddable":true,"href":"https:\/\/samba-resille.org\/site\/wp-json\/wp\/v2\/comments?post=11603"}],"version-history":[{"count":18,"href":"https:\/\/samba-resille.org\/site\/wp-json\/wp\/v2\/posts\/11603\/revisions"}],"predecessor-version":[{"id":11683,"href":"https:\/\/samba-resille.org\/site\/wp-json\/wp\/v2\/posts\/11603\/revisions\/11683"}],"wp:featuredmedia":[{"embeddable":true,"href":"https:\/\/samba-resille.org\/site\/wp-json\/wp\/v2\/media\/11605"}],"wp:attachment":[{"href":"https:\/\/samba-resille.org\/site\/wp-json\/wp\/v2\/media?parent=11603"}],"wp:term":[{"taxonomy":"category","embeddable":true,"href":"https:\/\/samba-resille.org\/site\/wp-json\/wp\/v2\/categories?post=11603"},{"taxonomy":"post_tag","embeddable":true,"href":"https:\/\/samba-resille.org\/site\/wp-json\/wp\/v2\/tags?post=11603"}],"curies":[{"name":"wp","href":"https:\/\/api.w.org\/{rel}","templated":true}]}}