{"id":12137,"date":"2024-06-24T12:20:36","date_gmt":"2024-06-24T10:20:36","guid":{"rendered":"https:\/\/samba-resille.org\/site\/?p=12137"},"modified":"2024-07-10T14:59:35","modified_gmt":"2024-07-10T12:59:35","slug":"appel-a-participation-pour-un-stage-performance","status":"publish","type":"post","link":"https:\/\/samba-resille.org\/site\/2024\/06\/24\/appel-a-participation-pour-un-stage-performance\/","title":{"rendered":"Appel \u00e0 participation pour un stage \/ performance"},"content":{"rendered":"\t\t<div data-elementor-type=\"wp-post\" data-elementor-id=\"12137\" class=\"elementor elementor-12137\" wpc-filter-elementor-widget=\"1\" data-elementor-post-type=\"post\">\n\t\t\t\t\t\t<section class=\"elementor-section elementor-top-section elementor-element elementor-element-288f44d elementor-section-boxed elementor-section-height-default elementor-section-height-default\" data-id=\"288f44d\" data-element_type=\"section\" data-e-type=\"section\">\n\t\t\t\t\t\t<div class=\"elementor-container elementor-column-gap-default\">\n\t\t\t\t\t<div class=\"elementor-column elementor-col-50 elementor-top-column elementor-element elementor-element-65d4ec8\" data-id=\"65d4ec8\" data-element_type=\"column\" data-e-type=\"column\">\n\t\t\t<div class=\"elementor-widget-wrap elementor-element-populated\">\n\t\t\t\t\t\t<div class=\"elementor-element elementor-element-22274bc elementor-widget elementor-widget-image\" data-id=\"22274bc\" data-element_type=\"widget\" data-e-type=\"widget\" data-widget_type=\"image.default\">\n\t\t\t\t<div class=\"elementor-widget-container\">\n\t\t\t\t\t\t\t\t\t\t\t\t\t\t\t<img fetchpriority=\"high\" decoding=\"async\" width=\"792\" height=\"753\" src=\"https:\/\/samba-resille.org\/site\/wp-content\/uploads\/2024\/06\/balanc.jpg\" class=\"attachment-large size-large wp-image-12138\" alt=\"\" srcset=\"https:\/\/samba-resille.org\/site\/wp-content\/uploads\/2024\/06\/balanc.jpg 792w, https:\/\/samba-resille.org\/site\/wp-content\/uploads\/2024\/06\/balanc-300x285.jpg 300w, https:\/\/samba-resille.org\/site\/wp-content\/uploads\/2024\/06\/balanc-768x730.jpg 768w, https:\/\/samba-resille.org\/site\/wp-content\/uploads\/2024\/06\/balanc-13x12.jpg 13w, https:\/\/samba-resille.org\/site\/wp-content\/uploads\/2024\/06\/balanc-48x46.jpg 48w\" sizes=\"(max-width: 792px) 100vw, 792px\" \/>\t\t\t\t\t\t\t\t\t\t\t\t\t\t\t<\/div>\n\t\t\t\t<\/div>\n\t\t\t\t\t<\/div>\n\t\t<\/div>\n\t\t\t\t<div class=\"elementor-column elementor-col-50 elementor-top-column elementor-element elementor-element-000bbea\" data-id=\"000bbea\" data-element_type=\"column\" data-e-type=\"column\">\n\t\t\t<div class=\"elementor-widget-wrap elementor-element-populated\">\n\t\t\t\t\t\t<div class=\"elementor-element elementor-element-7c84483 elementor-widget elementor-widget-text-editor\" data-id=\"7c84483\" data-element_type=\"widget\" data-e-type=\"widget\" data-widget_type=\"text-editor.default\">\n\t\t\t\t<div class=\"elementor-widget-container\">\n\t\t\t\t\t\t\t\t\t<p>La<strong> compagnie Tanzparcours lance un Appel \u00e0 participation pour un stage \/ performance dans les Pyr\u00e9n\u00e9es en Ao\u00fbt 2024<\/strong><\/p>\n<p>Pour le projet international, interg\u00e9n\u00e9rationnel &amp; participatif balan\u00e7, nous recherchons de jeunes danseurs* et acrobates* pr\u00e9\/professionnels \u00e2g\u00e9s de 16 \u00e0 26 ans, ayant une bonne exp\u00e9rience de la danse contemporaine. <br \/>balan\u00e7 a pour but de donner une visibilit\u00e9 aux jeunes artistes en tant qu\u2019acteurs dans la soci\u00e9t\u00e9. Changer de perspective, transformer un lieu urbain en un espace de partage, ludique et respectueux. Pour cela nous allons travailler avec des balan\u00e7oires accroch\u00e9es aux arbres et trouver le lien du sol a l\u2019envol.<\/p>\n<p>Le travail artistique se construit en trois axes :<br \/>-Notre rapport a l\u2019environnement, le changement de climat et les influences notamment sur les jeunes. Pour vivre une vraie immersion, la recherche a lieu dans un endroit isol\u00e9 en montagne, qui permet une<br \/>exp\u00e9rience concr\u00e8te de la nature. -La vie et le travail en collectif, interg\u00e9n\u00e9rationnel, inclusif, d\u00e9passant<br \/>les barri\u00e8res culturelles et linguistiques. Notamment en cr\u00e9ent un langage de danse commun et en \u00e9tablissant des relations de respect et de confiance.<br \/>-Cr\u00e9er une performance participative, pour partager les exp\u00e9riences, d\u00e9couvertes et nouvelles perspectives et permettre ainsi un impact, et retour dans la soci\u00e9t\u00e9 \u00e0 travers les corps.<\/p>\t\t\t\t\t\t\t\t<\/div>\n\t\t\t\t<\/div>\n\t\t\t\t\t<\/div>\n\t\t<\/div>\n\t\t\t\t\t<\/div>\n\t\t<\/section>\n\t\t\t\t<section class=\"elementor-section elementor-top-section elementor-element elementor-element-26b686cc elementor-section-boxed elementor-section-height-default elementor-section-height-default\" data-id=\"26b686cc\" data-element_type=\"section\" data-e-type=\"section\">\n\t\t\t\t\t\t<div class=\"elementor-container elementor-column-gap-default\">\n\t\t\t\t\t<div class=\"elementor-column elementor-col-100 elementor-top-column elementor-element elementor-element-7001cfc2\" data-id=\"7001cfc2\" data-element_type=\"column\" data-e-type=\"column\">\n\t\t\t<div class=\"elementor-widget-wrap elementor-element-populated\">\n\t\t\t\t\t\t<div class=\"elementor-element elementor-element-3fb98268 elementor-widget elementor-widget-text-editor\" data-id=\"3fb98268\" data-element_type=\"widget\" data-e-type=\"widget\" data-widget_type=\"text-editor.default\">\n\t\t\t\t<div class=\"elementor-widget-container\">\n\t\t\t\t\t\t\t\t\t<p><\/p>\n<p><strong>Programme\u2026<\/strong><br \/>R\u00e9sidence aux Cabanes de l&rsquo;Espinal pr\u00e8s de Saurat en Ari\u00e8ge du 2 au 9 ao\u00fbt 2024, Temps de rencontre et de cr\u00e9ation. https:\/lescabanesdelespinal.jimdofree.com\/<br \/>Performance publique \u00e0 Foix le 9 ao\u00fbt 2024 sur les All\u00e9es de Villote.<br \/>Stage \/ Performance au studio de danse Varium \u00e0 Barcelone le 12 ao\u00fbt 2024.<br \/>Une repr\u00e9sentation publique est pr\u00e9vue \u00e0 Potsdam, en Allemagne, en juillet et\/o\u00f9 Septembre 2025. (Dates \u00e0 pr\u00e9ciser).<br \/>Avec ce projet, nous souhaitons promouvoir notre m\u00e9thode de travail p\u00e9renne et d\u00e9velopper des coop\u00e9rations professionnelles entre des villes de plusieurs pays. Les frais de pension, ainsi que les d\u00e9placements sont pris en charge ainsi que les frais concernant la direction artistique. (Une adh\u00e9sion \u00e0 l\u2019association l\u2019atelier Chor\u00e9graphique de l\u00b4Ari\u00e8ge est demand\u00e9e pour une somme de 20 Euro).<\/p>\n<p><\/p>\n<p><\/p>\n<p><\/p>\n<p><\/p>\n<p><strong>participer \u2026<\/strong><br \/>Les conditions de participation sont les suivantes :<br \/>&#8211; une pratique intensive et de longue date des techniques de mouvement contemporain, en particulier le contact\/improvisation, le partnering et \/ o\u00f9 l\u2019acrobatie. 6 heures de pratique quotidienne en plein air sont pr\u00e9vues pendant le projet, ce qui n\u00e9cessite une bonne condition physique.<br \/>&#8211; Solide exp\u00e9rience et de disponibilit\u00e9 dans le travail avec des techniques d&rsquo;improvisation, (il ne doit pas y avoir de probl\u00e8me pour danser spontan\u00e9ment un court solo \/ improviser dans un groupe ; recherche et d\u00e9veloppement autonome du mouvement).<br \/>&#8211; Ouverture au travail dans un groupe d\u2019 \u00e2ge mixte et volont\u00e9 de partager des comp\u00e9tences.<br \/>&#8211; Disposition \u00e0 renoncer au confort urbain habituel pour la dur\u00e9e de la r\u00e9p\u00e9tition dans les Pyr\u00e9n\u00e9es et \u00e0 s\u2019 adapter \u00e0 la vie dans la nature dans des conditions simples (nous cuisinons en plein air ; l&rsquo;h\u00e9bergement se<br \/>fait dans des tentes et des cabanes simples ; l&rsquo;\u00e9quipement sanitaire est tr\u00e8s simple et respecte les ressources de la nature).<br \/>&#8211; Renoncement conscient aux appareils \u00e9lectroniques individuels, aux t\u00e9l\u00e9phones portables, etc. ; le projet est accompagn\u00e9 et document\u00e9 professionnellement par une camerawoman.<br \/>&#8211; Motivation \u00e0 se d\u00e9velopper sur le plan de la danse et sur le plan personnel, dans le cadre de processus de r\u00e9p\u00e9tition participatifs et de la vie commune. Pour les mineurs, une \u00e9quipe d\u2019accompagnateurs* professionnels exp\u00e9riment\u00e9s* dans les \u00e9changes et parlant plusieurs langues, sera pr\u00e9sente en plus de l\u2019\u00e9quipe artistique.<\/p>\n<p><strong>Candidature :<\/strong><br \/>Envoi d\u00b4une courte lettre de motivation ainsi qu\u2019un bref CV avant le 10.07.24 par mail \u00e0 l.fourest@gmail.com.<br \/>Chaque candidat* sera contact\u00e9* pour un entretien individuel via zoom avec la direction artistique de Tanzparcours. Pour toute question vous pouvez nous joindre sur WhatsApp au +491795482696<\/p>\n<p><\/p>\t\t\t\t\t\t\t\t<\/div>\n\t\t\t\t<\/div>\n\t\t\t\t\t<\/div>\n\t\t<\/div>\n\t\t\t\t\t<\/div>\n\t\t<\/section>\n\t\t\t\t<\/div>\n\t\t","protected":false},"excerpt":{"rendered":"<p>La compagnie Tanzparcours lance un Appel \u00e0 participation pour un stage \/ performance dans les Pyr\u00e9n\u00e9es en Ao\u00fbt 2024 Pour le projet international, interg\u00e9n\u00e9rationnel &amp; participatif balan\u00e7, nous recherchons de jeunes danseurs* et acrobates* pr\u00e9\/professionnels \u00e2g\u00e9s de 16 \u00e0 26 ans, ayant une bonne exp\u00e9rience de la danse contemporaine. balan\u00e7 a pour but de donner [&hellip;]<\/p>\n","protected":false},"author":3,"featured_media":12138,"comment_status":"closed","ping_status":"closed","sticky":false,"template":"","format":"standard","meta":{"footnotes":""},"categories":[22],"tags":[],"class_list":["post-12137","post","type-post","status-publish","format-standard","has-post-thumbnail","hentry","category-non-classe-fr"],"_links":{"self":[{"href":"https:\/\/samba-resille.org\/site\/wp-json\/wp\/v2\/posts\/12137","targetHints":{"allow":["GET"]}}],"collection":[{"href":"https:\/\/samba-resille.org\/site\/wp-json\/wp\/v2\/posts"}],"about":[{"href":"https:\/\/samba-resille.org\/site\/wp-json\/wp\/v2\/types\/post"}],"author":[{"embeddable":true,"href":"https:\/\/samba-resille.org\/site\/wp-json\/wp\/v2\/users\/3"}],"replies":[{"embeddable":true,"href":"https:\/\/samba-resille.org\/site\/wp-json\/wp\/v2\/comments?post=12137"}],"version-history":[{"count":9,"href":"https:\/\/samba-resille.org\/site\/wp-json\/wp\/v2\/posts\/12137\/revisions"}],"predecessor-version":[{"id":12147,"href":"https:\/\/samba-resille.org\/site\/wp-json\/wp\/v2\/posts\/12137\/revisions\/12147"}],"wp:featuredmedia":[{"embeddable":true,"href":"https:\/\/samba-resille.org\/site\/wp-json\/wp\/v2\/media\/12138"}],"wp:attachment":[{"href":"https:\/\/samba-resille.org\/site\/wp-json\/wp\/v2\/media?parent=12137"}],"wp:term":[{"taxonomy":"category","embeddable":true,"href":"https:\/\/samba-resille.org\/site\/wp-json\/wp\/v2\/categories?post=12137"},{"taxonomy":"post_tag","embeddable":true,"href":"https:\/\/samba-resille.org\/site\/wp-json\/wp\/v2\/tags?post=12137"}],"curies":[{"name":"wp","href":"https:\/\/api.w.org\/{rel}","templated":true}]}}