{"id":16104,"date":"2026-01-09T15:04:45","date_gmt":"2026-01-09T14:04:45","guid":{"rendered":"https:\/\/samba-resille.org\/site\/?p=16104"},"modified":"2026-03-04T10:46:25","modified_gmt":"2026-03-04T09:46:25","slug":"toute-lequipe-vous-souhaite-une-belle-annee-2026","status":"publish","type":"post","link":"https:\/\/samba-resille.org\/site\/2026\/01\/09\/toute-lequipe-vous-souhaite-une-belle-annee-2026\/","title":{"rendered":"Toute l&rsquo;\u00e9quipe vous souhaite une belle ann\u00e9e 2026 !"},"content":{"rendered":"\t\t<div data-elementor-type=\"wp-post\" data-elementor-id=\"16104\" class=\"elementor elementor-16104\" wpc-filter-elementor-widget=\"1\" data-elementor-post-type=\"post\">\n\t\t\t\t\t\t<section class=\"elementor-section elementor-top-section elementor-element elementor-element-3de7e57 elementor-section-boxed elementor-section-height-default elementor-section-height-default\" data-id=\"3de7e57\" data-element_type=\"section\" data-e-type=\"section\">\n\t\t\t\t\t\t<div class=\"elementor-container elementor-column-gap-default\">\n\t\t\t\t\t<div class=\"elementor-column elementor-col-50 elementor-top-column elementor-element elementor-element-062b96a\" data-id=\"062b96a\" data-element_type=\"column\" data-e-type=\"column\">\n\t\t\t<div class=\"elementor-widget-wrap elementor-element-populated\">\n\t\t\t\t\t\t<div class=\"elementor-element elementor-element-adf7c23 elementor-widget__width-initial elementor-widget elementor-widget-image\" data-id=\"adf7c23\" data-element_type=\"widget\" data-e-type=\"widget\" data-widget_type=\"image.default\">\n\t\t\t\t<div class=\"elementor-widget-container\">\n\t\t\t\t\t\t\t\t\t\t\t\t\t\t\t<img fetchpriority=\"high\" decoding=\"async\" width=\"683\" height=\"1024\" src=\"https:\/\/samba-resille.org\/site\/wp-content\/uploads\/2026\/01\/carte-voeux-683x1024.jpg\" class=\"attachment-large size-large wp-image-16105\" alt=\"\" srcset=\"https:\/\/samba-resille.org\/site\/wp-content\/uploads\/2026\/01\/carte-voeux-683x1024.jpg 683w, https:\/\/samba-resille.org\/site\/wp-content\/uploads\/2026\/01\/carte-voeux-200x300.jpg 200w, https:\/\/samba-resille.org\/site\/wp-content\/uploads\/2026\/01\/carte-voeux-768x1152.jpg 768w, https:\/\/samba-resille.org\/site\/wp-content\/uploads\/2026\/01\/carte-voeux-1024x1536.jpg 1024w, https:\/\/samba-resille.org\/site\/wp-content\/uploads\/2026\/01\/carte-voeux-1366x2048.jpg 1366w, https:\/\/samba-resille.org\/site\/wp-content\/uploads\/2026\/01\/carte-voeux-8x12.jpg 8w, https:\/\/samba-resille.org\/site\/wp-content\/uploads\/2026\/01\/carte-voeux-32x48.jpg 32w, https:\/\/samba-resille.org\/site\/wp-content\/uploads\/2026\/01\/carte-voeux-scaled.jpg 1401w\" sizes=\"(max-width: 683px) 100vw, 683px\" \/>\t\t\t\t\t\t\t\t\t\t\t\t\t\t\t<\/div>\n\t\t\t\t<\/div>\n\t\t\t\t\t<\/div>\n\t\t<\/div>\n\t\t\t\t<div class=\"elementor-column elementor-col-50 elementor-top-column elementor-element elementor-element-15688c1\" data-id=\"15688c1\" data-element_type=\"column\" data-e-type=\"column\">\n\t\t\t<div class=\"elementor-widget-wrap elementor-element-populated\">\n\t\t\t\t\t\t<div class=\"elementor-element elementor-element-bf7fac4 elementor-widget__width-initial elementor-widget-tablet__width-initial elementor-widget elementor-widget-text-editor\" data-id=\"bf7fac4\" data-element_type=\"widget\" data-e-type=\"widget\" data-widget_type=\"text-editor.default\">\n\t\t\t\t<div class=\"elementor-widget-container\">\n\t\t\t\t\t\t\t\t\t<p><strong>Qu&rsquo;en cette nouvelle ann\u00e9e r\u00e9sonne encore davantage la diversit\u00e9 culturelle dans nos espaces collectifs et partag\u00e9s.<\/strong><\/p><p>Apr\u00e8s une ann\u00e9e richement nourrie par une saison Br\u00e9sil\/France qui a vu naitre et s\u2019\u00e9panouir des<strong> collaborations artistiques intenses telles que Super Onda, la Festa Tudo Bem puis Super Onda \u00e0 Rio de Janeiro<\/strong> en novembre dernier,\u00a0 2026 met le cap sur notre<strong> saison culturelle KAIROS<\/strong> pour continuer l\u2019\u00e9dification des futurs d\u00e9sirables dans nos travers\u00e9es collectives. Une 34<span style=\"font-size: xx-small;\">\u00e8me<\/span>\u00a0saison donc r\u00e9solument<strong> tourn\u00e9e vers la M\u00e9diterran\u00e9e\u00a0<\/strong>autour de caps qui interrogent \u00e0 la fois nos temporalit\u00e9s et nos h\u00e9ritages dans le contexte actuel d\u2019une M\u00e9diterran\u00e9e sous tension g\u00e9opolitique et environnementale et d&rsquo;un secteur culturel sinistr\u00e9&#8230; L&rsquo;<strong>exploration d&rsquo;opportunit\u00e9s<\/strong>, des collaborations interculturelles, avec\u00a0\u00e0 chacune de nos rencontres,\u00a0de nouvelles lunettes.<\/p><p>Embarquez avec nous en 2026 !<\/p><p><strong>Joyeuse ann\u00e9e \u00e0 toustes !<\/strong><\/p>\t\t\t\t\t\t\t\t<\/div>\n\t\t\t\t<\/div>\n\t\t\t\t\t<\/div>\n\t\t<\/div>\n\t\t\t\t\t<\/div>\n\t\t<\/section>\n\t\t\t\t<\/div>\n\t\t","protected":false},"excerpt":{"rendered":"<p>Qu\u2019en cette nouvelle ann\u00e9e r\u00e9sonne encore davantage la diversit\u00e9 culturelle dans nos espaces collectifs et partag\u00e9s.<\/p>\n<p>Apr\u00e8s une ann\u00e9e richement nourrie par une saison Br\u00e9sil\/France qui a vu naitre et s\u2019\u00e9panouir des collaborations artistiques intenses telles que Super Onda, la Festa Tudo Bem puis Super Onda \u00e0 Rio de Janeiro en novembre dernier,  2026 met le cap sur notre saison culturelle KAIROS pour continuer l\u2019\u00e9dification des futurs d\u00e9sirables dans nos travers\u00e9es collectives. Une 34\u00e8me saison donc r\u00e9solument tourn\u00e9e vers la M\u00e9diterran\u00e9e autour de caps qui interrogent \u00e0 la fois nos temporalit\u00e9s et nos h\u00e9ritages dans le contexte actuel d\u2019une M\u00e9diterran\u00e9e sous tension g\u00e9opolitique et environnementale et d\u2019un secteur culturel sinistr\u00e9\u2026 L\u2019exploration d\u2019opportunit\u00e9s, des collaborations interculturelles, avec \u00e0 chacune de nos rencontres, de nouvelles lunettes.<\/p>\n<p>Embarquez avec nous en 2026 !<\/p>\n<p>Joyeuse ann\u00e9e \u00e0 toustes !<\/p>\n","protected":false},"author":13,"featured_media":16109,"comment_status":"closed","ping_status":"closed","sticky":false,"template":"","format":"standard","meta":{"footnotes":""},"categories":[22],"tags":[],"class_list":["post-16104","post","type-post","status-publish","format-standard","has-post-thumbnail","hentry","category-non-classe-fr"],"_links":{"self":[{"href":"https:\/\/samba-resille.org\/site\/wp-json\/wp\/v2\/posts\/16104","targetHints":{"allow":["GET"]}}],"collection":[{"href":"https:\/\/samba-resille.org\/site\/wp-json\/wp\/v2\/posts"}],"about":[{"href":"https:\/\/samba-resille.org\/site\/wp-json\/wp\/v2\/types\/post"}],"author":[{"embeddable":true,"href":"https:\/\/samba-resille.org\/site\/wp-json\/wp\/v2\/users\/13"}],"replies":[{"embeddable":true,"href":"https:\/\/samba-resille.org\/site\/wp-json\/wp\/v2\/comments?post=16104"}],"version-history":[{"count":6,"href":"https:\/\/samba-resille.org\/site\/wp-json\/wp\/v2\/posts\/16104\/revisions"}],"predecessor-version":[{"id":16112,"href":"https:\/\/samba-resille.org\/site\/wp-json\/wp\/v2\/posts\/16104\/revisions\/16112"}],"wp:featuredmedia":[{"embeddable":true,"href":"https:\/\/samba-resille.org\/site\/wp-json\/wp\/v2\/media\/16109"}],"wp:attachment":[{"href":"https:\/\/samba-resille.org\/site\/wp-json\/wp\/v2\/media?parent=16104"}],"wp:term":[{"taxonomy":"category","embeddable":true,"href":"https:\/\/samba-resille.org\/site\/wp-json\/wp\/v2\/categories?post=16104"},{"taxonomy":"post_tag","embeddable":true,"href":"https:\/\/samba-resille.org\/site\/wp-json\/wp\/v2\/tags?post=16104"}],"curies":[{"name":"wp","href":"https:\/\/api.w.org\/{rel}","templated":true}]}}