{"id":16498,"date":"2026-04-27T17:27:34","date_gmt":"2026-04-27T15:27:34","guid":{"rendered":"https:\/\/samba-resille.org\/site\/?p=16498"},"modified":"2026-04-27T17:37:52","modified_gmt":"2026-04-27T15:37:52","slug":"en-attendant-rio-mundo-kanaval-30-mai","status":"publish","type":"post","link":"https:\/\/samba-resille.org\/site\/2026\/04\/27\/en-attendant-rio-mundo-kanaval-30-mai\/","title":{"rendered":"En attendant Rio : Mundo Kanaval &#8211; 30 mai"},"content":{"rendered":"\t\t<div data-elementor-type=\"wp-post\" data-elementor-id=\"16498\" class=\"elementor elementor-16498\" wpc-filter-elementor-widget=\"1\" data-elementor-post-type=\"post\">\n\t\t\t\t\t\t<section class=\"elementor-section elementor-top-section elementor-element elementor-element-ba00a05 elementor-section-boxed elementor-section-height-default elementor-section-height-default\" data-id=\"ba00a05\" data-element_type=\"section\" data-e-type=\"section\">\n\t\t\t\t\t\t<div class=\"elementor-container elementor-column-gap-default\">\n\t\t\t\t\t<div class=\"elementor-column elementor-col-50 elementor-top-column elementor-element elementor-element-b945910\" data-id=\"b945910\" data-element_type=\"column\" data-e-type=\"column\">\n\t\t\t<div class=\"elementor-widget-wrap elementor-element-populated\">\n\t\t\t\t\t\t<div class=\"elementor-element elementor-element-48956e6 elementor-widget elementor-widget-text-editor\" data-id=\"48956e6\" data-element_type=\"widget\" data-e-type=\"widget\" data-widget_type=\"text-editor.default\">\n\t\t\t\t<div class=\"elementor-widget-container\">\n\t\t\t\t\t\t\t\t\t<p>SAMEDI 30 MAI &#8211; 19h<a href=\"https:\/\/rio-loco.org\/programme\/?date=2026-05-30&amp;event=69d65a028caddf6b58d8f08b\" target=\"_blank\" rel=\"noopener\"><img decoding=\"async\" class=\"wp-image-14423 alignright\" src=\"https:\/\/samba-resille.org\/site\/wp-content\/uploads\/2025\/04\/rio-loco-300x83.png\" alt=\"\" width=\"202\" height=\"56\" srcset=\"https:\/\/samba-resille.org\/site\/wp-content\/uploads\/2025\/04\/rio-loco-300x83.png 300w, https:\/\/samba-resille.org\/site\/wp-content\/uploads\/2025\/04\/rio-loco-768x211.png 768w, https:\/\/samba-resille.org\/site\/wp-content\/uploads\/2025\/04\/rio-loco-18x5.png 18w, https:\/\/samba-resille.org\/site\/wp-content\/uploads\/2025\/04\/rio-loco-48x13.png 48w, https:\/\/samba-resille.org\/site\/wp-content\/uploads\/2025\/04\/rio-loco.png 908w\" sizes=\"(max-width: 202px) 100vw, 202px\" \/><\/a><br \/>concert &#8211; CARR\u00c9 DE LA MAOURINE<br \/>Place de la Maourine 31200 Toulouse<br \/>Gratuit<a href=\"https:\/\/rio-loco.org\/programme\/?date=2026-05-30&amp;event=69d65a028caddf6b58d8f08b\" target=\"_blank\" rel=\"noopener\"><img decoding=\"async\" class=\"wp-image-16151 alignright\" src=\"https:\/\/samba-resille.org\/site\/wp-content\/uploads\/2026\/02\/logo-mundo-kanaval-6-244x300.png\" alt=\"\" width=\"166\" height=\"204\" srcset=\"https:\/\/samba-resille.org\/site\/wp-content\/uploads\/2026\/02\/logo-mundo-kanaval-6-244x300.png 244w, https:\/\/samba-resille.org\/site\/wp-content\/uploads\/2026\/02\/logo-mundo-kanaval-6-833x1024.png 833w, https:\/\/samba-resille.org\/site\/wp-content\/uploads\/2026\/02\/logo-mundo-kanaval-6-768x944.png 768w, https:\/\/samba-resille.org\/site\/wp-content\/uploads\/2026\/02\/logo-mundo-kanaval-6-10x12.png 10w, https:\/\/samba-resille.org\/site\/wp-content\/uploads\/2026\/02\/logo-mundo-kanaval-6-39x48.png 39w, https:\/\/samba-resille.org\/site\/wp-content\/uploads\/2026\/02\/logo-mundo-kanaval-6.png 875w\" sizes=\"(max-width: 166px) 100vw, 166px\" \/><\/a><\/p><p>Plus d&rsquo;infos <a href=\"https:\/\/rio-loco.org\/programme\/?date=2026-05-30&amp;event=69d65a028caddf6b58d8f08b\" target=\"_blank\" rel=\"noopener\">&gt;&gt;&gt;<\/a><\/p><p>\u00a0<\/p>\t\t\t\t\t\t\t\t<\/div>\n\t\t\t\t<\/div>\n\t\t\t\t<div class=\"elementor-element elementor-element-607f5b4 elementor-widget elementor-widget-text-editor\" data-id=\"607f5b4\" data-element_type=\"widget\" data-e-type=\"widget\" data-widget_type=\"text-editor.default\">\n\t\t\t\t<div class=\"elementor-widget-container\">\n\t\t\t\t\t\t\t\t\t<p><strong>F\u00caTE DES FAMILLES \/ MUNDO KARNAVAL<\/strong><br \/>Cette ann\u00e9e encore, les acteurs et partenaires du quartier Izards-Trois Cocus-Borderouge organisent avant l\u2019\u00e9t\u00e9 une f\u00eate destin\u00e9e aux familles.<br \/>Au programme d\u00e8s 16 h, un spectacle jeune public, du maquillage, des animations et stands propos\u00e9s par les associations et structures du quartier, pour les enfants et leurs parents.<br \/>\u00e0 19h, avec <a href=\"https:\/\/collectif-fanfarnaum.fr\/mundo-kanaval\/\" target=\"_blank\" rel=\"noopener\">Fanfarna\u00fcm<\/a> et Samba R\u00e9sille pour le concert de Mundo Kanaval !<\/p><p><strong>Mundo Kanaval<\/strong> : <span class=\"ytAttributedStringHost ytAttributedStringWhiteSpacePreWrap\" dir=\"auto\"><span class=\"ytAttributedStringLinkInheritColor\" dir=\"auto\">Issu des exp\u00e9riences internationales de Samba R\u00e9sille, ce spectacle propose un voyage musical \u00e0 travers les carnavals et grandes traditions festives d\u2019Am\u00e9rique du Sud et d\u2019Afrique. Un grand collectif compos\u00e9 d\u2019une batucada, de chanteurs et d\u2019une section de cuivres interpr\u00e8te des morceaux du Br\u00e9sil, de Colombie, du Mexique, des Antilles, d\u2019Afrique du Sud, et plus encore \u00e0 l\u2019avenir, car le r\u00e9pertoire \u00e9volue au fil des projets de Samba R\u00e9sille. <\/span><\/span><\/p>\t\t\t\t\t\t\t\t<\/div>\n\t\t\t\t<\/div>\n\t\t\t\t\t<\/div>\n\t\t<\/div>\n\t\t\t\t<div class=\"elementor-column elementor-col-50 elementor-top-column elementor-element elementor-element-3047ccd\" data-id=\"3047ccd\" data-element_type=\"column\" data-e-type=\"column\">\n\t\t\t<div class=\"elementor-widget-wrap elementor-element-populated\">\n\t\t\t\t\t\t<div class=\"elementor-element elementor-element-5a49742 elementor-widget elementor-widget-image\" data-id=\"5a49742\" data-element_type=\"widget\" data-e-type=\"widget\" data-widget_type=\"image.default\">\n\t\t\t\t<div class=\"elementor-widget-container\">\n\t\t\t\t\t\t\t\t\t\t\t\t\t\t\t<img fetchpriority=\"high\" decoding=\"async\" width=\"800\" height=\"533\" src=\"https:\/\/samba-resille.org\/site\/wp-content\/uploads\/2025\/09\/WhatsApp-Image-2025-09-23-a-11.43.06_dcf1a3fe-1024x682.jpg\" class=\"attachment-large size-large wp-image-15426\" alt=\"\" srcset=\"https:\/\/samba-resille.org\/site\/wp-content\/uploads\/2025\/09\/WhatsApp-Image-2025-09-23-a-11.43.06_dcf1a3fe-1024x682.jpg 1024w, https:\/\/samba-resille.org\/site\/wp-content\/uploads\/2025\/09\/WhatsApp-Image-2025-09-23-a-11.43.06_dcf1a3fe-300x200.jpg 300w, https:\/\/samba-resille.org\/site\/wp-content\/uploads\/2025\/09\/WhatsApp-Image-2025-09-23-a-11.43.06_dcf1a3fe-768x512.jpg 768w, https:\/\/samba-resille.org\/site\/wp-content\/uploads\/2025\/09\/WhatsApp-Image-2025-09-23-a-11.43.06_dcf1a3fe-1536x1023.jpg 1536w, https:\/\/samba-resille.org\/site\/wp-content\/uploads\/2025\/09\/WhatsApp-Image-2025-09-23-a-11.43.06_dcf1a3fe-18x12.jpg 18w, https:\/\/samba-resille.org\/site\/wp-content\/uploads\/2025\/09\/WhatsApp-Image-2025-09-23-a-11.43.06_dcf1a3fe-48x32.jpg 48w, https:\/\/samba-resille.org\/site\/wp-content\/uploads\/2025\/09\/WhatsApp-Image-2025-09-23-a-11.43.06_dcf1a3fe.jpg 1600w\" sizes=\"(max-width: 800px) 100vw, 800px\" \/>\t\t\t\t\t\t\t\t\t\t\t\t\t\t\t<\/div>\n\t\t\t\t<\/div>\n\t\t\t\t<div class=\"elementor-element elementor-element-4672471 elementor-widget elementor-widget-video\" data-id=\"4672471\" data-element_type=\"widget\" data-e-type=\"widget\" data-settings=\"{&quot;youtube_url&quot;:&quot;https:\\\/\\\/www.youtube.com\\\/watch?v=_TvM9bja0-I&quot;,&quot;video_type&quot;:&quot;youtube&quot;,&quot;controls&quot;:&quot;yes&quot;}\" data-widget_type=\"video.default\">\n\t\t\t\t<div class=\"elementor-widget-container\">\n\t\t\t\t\t\t\t<div class=\"elementor-wrapper elementor-open-inline\">\n\t\t\t<div class=\"elementor-video\"><\/div>\t\t<\/div>\n\t\t\t\t\t\t<\/div>\n\t\t\t\t<\/div>\n\t\t\t\t\t<\/div>\n\t\t<\/div>\n\t\t\t\t\t<\/div>\n\t\t<\/section>\n\t\t\t\t<\/div>\n\t\t","protected":false},"excerpt":{"rendered":"<p>Retrouvez Fanfarnaum et Samba R\u00e9sille avec sa formule grand format musical : Mundo Kanaval<\/p>\n","protected":false},"author":3,"featured_media":15426,"comment_status":"closed","ping_status":"closed","sticky":false,"template":"","format":"standard","meta":{"footnotes":""},"categories":[38,40,6],"tags":[],"class_list":["post-16498","post","type-post","status-publish","format-standard","has-post-thumbnail","hentry","category-concert","category-evenement","category-news"],"_links":{"self":[{"href":"https:\/\/samba-resille.org\/site\/wp-json\/wp\/v2\/posts\/16498","targetHints":{"allow":["GET"]}}],"collection":[{"href":"https:\/\/samba-resille.org\/site\/wp-json\/wp\/v2\/posts"}],"about":[{"href":"https:\/\/samba-resille.org\/site\/wp-json\/wp\/v2\/types\/post"}],"author":[{"embeddable":true,"href":"https:\/\/samba-resille.org\/site\/wp-json\/wp\/v2\/users\/3"}],"replies":[{"embeddable":true,"href":"https:\/\/samba-resille.org\/site\/wp-json\/wp\/v2\/comments?post=16498"}],"version-history":[{"count":10,"href":"https:\/\/samba-resille.org\/site\/wp-json\/wp\/v2\/posts\/16498\/revisions"}],"predecessor-version":[{"id":16509,"href":"https:\/\/samba-resille.org\/site\/wp-json\/wp\/v2\/posts\/16498\/revisions\/16509"}],"wp:featuredmedia":[{"embeddable":true,"href":"https:\/\/samba-resille.org\/site\/wp-json\/wp\/v2\/media\/15426"}],"wp:attachment":[{"href":"https:\/\/samba-resille.org\/site\/wp-json\/wp\/v2\/media?parent=16498"}],"wp:term":[{"taxonomy":"category","embeddable":true,"href":"https:\/\/samba-resille.org\/site\/wp-json\/wp\/v2\/categories?post=16498"},{"taxonomy":"post_tag","embeddable":true,"href":"https:\/\/samba-resille.org\/site\/wp-json\/wp\/v2\/tags?post=16498"}],"curies":[{"name":"wp","href":"https:\/\/api.w.org\/{rel}","templated":true}]}}