{"id":16565,"date":"2026-04-29T15:18:37","date_gmt":"2026-04-29T13:18:37","guid":{"rendered":"https:\/\/samba-resille.org\/site\/?p=16565"},"modified":"2026-04-29T15:24:31","modified_gmt":"2026-04-29T13:24:31","slug":"exposition-sebastien-kinach-vernissage-jeudi-28-mai","status":"publish","type":"post","link":"https:\/\/samba-resille.org\/site\/2026\/04\/29\/exposition-sebastien-kinach-vernissage-jeudi-28-mai\/","title":{"rendered":"Exposition S\u00e9bastien Kinach &#8211; vernissage jeudi 28 mai"},"content":{"rendered":"\t\t<div data-elementor-type=\"wp-post\" data-elementor-id=\"16565\" class=\"elementor elementor-16565\" wpc-filter-elementor-widget=\"1\" data-elementor-post-type=\"post\">\n\t\t\t\t\t\t<section class=\"elementor-section elementor-top-section elementor-element elementor-element-7d3551a elementor-section-boxed elementor-section-height-default elementor-section-height-default\" data-id=\"7d3551a\" data-element_type=\"section\" data-e-type=\"section\">\n\t\t\t\t\t\t<div class=\"elementor-container elementor-column-gap-default\">\n\t\t\t\t\t<div class=\"elementor-column elementor-col-50 elementor-top-column elementor-element elementor-element-8fc3c71\" data-id=\"8fc3c71\" data-element_type=\"column\" data-e-type=\"column\">\n\t\t\t<div class=\"elementor-widget-wrap elementor-element-populated\">\n\t\t\t\t\t\t<div class=\"elementor-element elementor-element-4aadf6c elementor-widget elementor-widget-text-editor\" data-id=\"4aadf6c\" data-element_type=\"widget\" data-e-type=\"widget\" data-widget_type=\"text-editor.default\">\n\t\t\t\t<div class=\"elementor-widget-container\">\n\t\t\t\t\t\t\t\t\t<p><strong><em>\u00abBeaut\u00e9 brute de l\u2019oubli\u00bb<\/em> &#8211; Photographies<\/strong><br \/>Exposition du 28 mai au 30 septembre 2026<br \/>Vernissage le jeudi 28 mai \u00e0 18h30 en pr\u00e9sence de l&rsquo;artiste<\/p>\t\t\t\t\t\t\t\t<\/div>\n\t\t\t\t<\/div>\n\t\t\t\t<div class=\"elementor-element elementor-element-6c789b9 elementor-widget elementor-widget-text-editor\" data-id=\"6c789b9\" data-element_type=\"widget\" data-e-type=\"widget\" data-widget_type=\"text-editor.default\">\n\t\t\t\t<div class=\"elementor-widget-container\">\n\t\t\t\t\t\t\t\t\t<div class=\"moz-text-html\" lang=\"x-unicode\"><div class=\"elementToProof\"><em>Cette exposition explore une correspondance troublante entre deux formes de pr\u00e9sence fragilis\u00e9e : les arbres morts, fig\u00e9s en bordure de route, et les corps humains nus, d\u00e9pouill\u00e9s de tout artifice. \u00c0 travers cette s\u00e9rie d\u2019images, le photographe met en regard ces silhouettes v\u00e9g\u00e9tales et humaines, r\u00e9v\u00e9lant une proximit\u00e9 formelle et symbolique inattendue.<br \/><br \/><\/em><\/div><div class=\"elementToProof\"><em>Les troncs dess\u00e9ch\u00e9s, souvent ignor\u00e9s dans le paysage quotidien, deviennent ici des figures presque anthropomorphiques : torses bris\u00e9s, bras lev\u00e9s, postures d\u2019abandon ou de r\u00e9sistance. En \u00e9cho, les corps nus, photographi\u00e9s dans des positions sobres, parfois inconfortables, semblent eux aussi suspendus dans un \u00e9tat interm\u00e9diaire, entre force et vuln\u00e9rabilit\u00e9.<br \/><br \/><\/em><\/div><div class=\"elementToProof\"><em>L\u2019exposition interroge notre rapport au vivant, \u00e0 la disparition et \u00e0 la m\u00e9moire. L\u2019arbre mort, vestige d\u2019un cycle naturel, fait face au corps humain, porteur d\u2019une temporalit\u00e9 plus intime. Ensemble, ils composent un langage visuel o\u00f9 la mati\u00e8re, la texture et la posture remplacent les mots.<br \/><br \/><\/em><\/div><div class=\"elementToProof\"><em>Sans provocation ni \u00e9rotisation, la nudit\u00e9 est ici envisag\u00e9e comme un \u00e9tat brut, presque min\u00e9ral, qui rapproche l\u2019humain de son environnement. Le spectateur est invit\u00e9 \u00e0 ralentir, \u00e0 observer ces formes silencieuses et \u00e0 r\u00e9fl\u00e9chir \u00e0 ce qui subsiste apr\u00e8s le passage du temps : une trace, une posture, une pr\u00e9sence.<br \/><br \/><\/em><\/div><div class=\"elementToProof\"><em><b>\u00abBeaut\u00e9 brute de l\u2019oubli\u00bb<\/b>\u00a0propose ainsi une m\u00e9ditation visuelle sur la fragilit\u00e9 et la persistance, o\u00f9 l\u2019humain et le v\u00e9g\u00e9tal se rejoignent dans une m\u00eame po\u00e9sie de l\u2019\u00e9ph\u00e9m\u00e8re.<\/em><\/div><div dir=\"ltr\">S\u00e9bastien Kinach\u00a0<\/div><\/div>\t\t\t\t\t\t\t\t<\/div>\n\t\t\t\t<\/div>\n\t\t\t\t\t<\/div>\n\t\t<\/div>\n\t\t\t\t<div class=\"elementor-column elementor-col-50 elementor-top-column elementor-element elementor-element-e3ad595\" data-id=\"e3ad595\" data-element_type=\"column\" data-e-type=\"column\">\n\t\t\t<div class=\"elementor-widget-wrap elementor-element-populated\">\n\t\t\t\t\t\t<div class=\"elementor-element elementor-element-df2548f elementor-widget elementor-widget-image\" data-id=\"df2548f\" data-element_type=\"widget\" data-e-type=\"widget\" data-widget_type=\"image.default\">\n\t\t\t\t<div class=\"elementor-widget-container\">\n\t\t\t\t\t\t\t\t\t\t\t\t\t\t\t<img fetchpriority=\"high\" decoding=\"async\" width=\"763\" height=\"843\" src=\"https:\/\/samba-resille.org\/site\/wp-content\/uploads\/2026\/04\/arbre1.jpg\" class=\"attachment-large size-large wp-image-16566\" alt=\"\" srcset=\"https:\/\/samba-resille.org\/site\/wp-content\/uploads\/2026\/04\/arbre1.jpg 763w, https:\/\/samba-resille.org\/site\/wp-content\/uploads\/2026\/04\/arbre1-272x300.jpg 272w, https:\/\/samba-resille.org\/site\/wp-content\/uploads\/2026\/04\/arbre1-11x12.jpg 11w, https:\/\/samba-resille.org\/site\/wp-content\/uploads\/2026\/04\/arbre1-43x48.jpg 43w\" sizes=\"(max-width: 763px) 100vw, 763px\" \/>\t\t\t\t\t\t\t\t\t\t\t\t\t\t\t<\/div>\n\t\t\t\t<\/div>\n\t\t\t\t\t<\/div>\n\t\t<\/div>\n\t\t\t\t\t<\/div>\n\t\t<\/section>\n\t\t\t\t<section class=\"elementor-section elementor-top-section elementor-element elementor-element-2723f52 elementor-section-boxed elementor-section-height-default elementor-section-height-default\" data-id=\"2723f52\" data-element_type=\"section\" data-e-type=\"section\">\n\t\t\t\t\t\t<div class=\"elementor-container elementor-column-gap-default\">\n\t\t\t\t\t<div class=\"elementor-column elementor-col-50 elementor-top-column elementor-element elementor-element-7416ee7\" data-id=\"7416ee7\" data-element_type=\"column\" data-e-type=\"column\">\n\t\t\t<div class=\"elementor-widget-wrap elementor-element-populated\">\n\t\t\t\t\t\t<div class=\"elementor-element elementor-element-d6aced1 elementor-widget elementor-widget-text-editor\" data-id=\"d6aced1\" data-element_type=\"widget\" data-e-type=\"widget\" data-widget_type=\"text-editor.default\">\n\t\t\t\t<div class=\"elementor-widget-container\">\n\t\t\t\t\t\t\t\t\t<div class=\"moz-text-html\" lang=\"x-unicode\"><div class=\"elementToProof\"><p><strong>S\u00e9bastien Kinach<\/strong> est un photographe autodidacte toulousain dont le regard singulier explore les liens profonds entre le corps humain et la nature. Engag\u00e9 dans les luttes LGBTQI+, il d\u00e9veloppe depuis l\u2019\u00e2ge de 17 ans une pratique artistique sensible, \u00e0 la fois intime et politique, o\u00f9 l\u2019image devient un espace d\u2019expression et de r\u00e9appropriation. Nourri par de nombreux voyages, son travail s\u2019impr\u00e8gne de paysages vari\u00e9s, de cultures multiples et d\u2019une attention constante aux traces du vivant.<\/p><\/div><div class=\"elementToProof\"><p>Parall\u00e8lement \u00e0 sa pratique photographique, il est \u00e9galement ol\u00e9iculteur \u2014 une activit\u00e9 qui renforce encore son rapport organique \u00e0 la terre, au temps et aux cycles naturels. Cette double appartenance, entre cr\u00e9ation artistique et travail agricole, irrigue profond\u00e9ment son univers visuel. Il est aussi fondateur de l\u2019association BE ART TOULOUSE, qui \u0153uvre \u00e0 la lutte contre les discriminations touchant les artistes plasticiens, affirmant ainsi son engagement concret en faveur d\u2019une sc\u00e8ne artistique plus inclusive.<\/p><\/div><div dir=\"ltr\">\u00a0<\/div><\/div>\t\t\t\t\t\t\t\t<\/div>\n\t\t\t\t<\/div>\n\t\t\t\t\t<\/div>\n\t\t<\/div>\n\t\t\t\t<div class=\"elementor-column elementor-col-50 elementor-top-column elementor-element elementor-element-bc4e738\" data-id=\"bc4e738\" data-element_type=\"column\" data-e-type=\"column\">\n\t\t\t<div class=\"elementor-widget-wrap elementor-element-populated\">\n\t\t\t\t\t\t<div class=\"elementor-element elementor-element-44205fd elementor-widget elementor-widget-text-editor\" data-id=\"44205fd\" data-element_type=\"widget\" data-e-type=\"widget\" data-widget_type=\"text-editor.default\">\n\t\t\t\t<div class=\"elementor-widget-container\">\n\t\t\t\t\t\t\t\t\t<div class=\"elementToProof\">Dans cette exposition, il tisse un dialogue saisissant entre des arbres morts et des corps nus. Ces formes, \u00e0 premi\u00e8re vue oppos\u00e9es, se rejoignent pourtant dans une m\u00eame po\u00e9sie du vivant et de l\u2019\u00e9ph\u00e9m\u00e8re. Les troncs dess\u00e9ch\u00e9s, marqu\u00e9s par le temps, font \u00e9cho aux corps expos\u00e9s sans artifice : vuln\u00e9rables, puissants, libres. En rapprochant ces deux pr\u00e9sences, S\u00e9bastien Kinach interroge la transformation, la m\u00e9moire et la r\u00e9silience.<br \/><br \/><\/div><div class=\"elementToProof\">Son travail questionne \u00e9galement les normes de repr\u00e9sentation du corps, en proposant une vision affranchie des cadres traditionnels. Les corps photographi\u00e9s ne sont ni id\u00e9alis\u00e9s ni dissimul\u00e9s : ils existent pleinement, dans leur diversit\u00e9 et leur v\u00e9rit\u00e9. \u00c0 travers cette approche, le photographe affirme une esth\u00e9tique engag\u00e9e, o\u00f9 la nudit\u00e9 devient un langage, un acte de visibilit\u00e9 et de revendication.<br \/><br \/><\/div><div class=\"elementToProof\">Entre fragilit\u00e9 et force, disparition et renaissance, cette s\u00e9rie invite le regardeur \u00e0 reconsid\u00e9rer sa relation au corps, \u00e0 la nature et aux identit\u00e9s. Elle propose un espace de contemplation, mais aussi de r\u00e9flexion, o\u00f9 chaque image porte en elle une tension entre finitude et renouveau.<\/div><div dir=\"ltr\">\u00a0<\/div>\t\t\t\t\t\t\t\t<\/div>\n\t\t\t\t<\/div>\n\t\t\t\t\t<\/div>\n\t\t<\/div>\n\t\t\t\t\t<\/div>\n\t\t<\/section>\n\t\t\t\t<\/div>\n\t\t","protected":false},"excerpt":{"rendered":"<p>Exposition \u00ab\u00a0Beaut\u00e9 brute de l&rsquo;oubli\u00a0\u00bb &#8211; photographies du 28 mai au 30 septembre<\/p>\n","protected":false},"author":3,"featured_media":16566,"comment_status":"closed","ping_status":"closed","sticky":false,"template":"","format":"standard","meta":{"footnotes":""},"categories":[39,6],"tags":[],"class_list":["post-16565","post","type-post","status-publish","format-standard","has-post-thumbnail","hentry","category-exposition","category-news"],"_links":{"self":[{"href":"https:\/\/samba-resille.org\/site\/wp-json\/wp\/v2\/posts\/16565","targetHints":{"allow":["GET"]}}],"collection":[{"href":"https:\/\/samba-resille.org\/site\/wp-json\/wp\/v2\/posts"}],"about":[{"href":"https:\/\/samba-resille.org\/site\/wp-json\/wp\/v2\/types\/post"}],"author":[{"embeddable":true,"href":"https:\/\/samba-resille.org\/site\/wp-json\/wp\/v2\/users\/3"}],"replies":[{"embeddable":true,"href":"https:\/\/samba-resille.org\/site\/wp-json\/wp\/v2\/comments?post=16565"}],"version-history":[{"count":4,"href":"https:\/\/samba-resille.org\/site\/wp-json\/wp\/v2\/posts\/16565\/revisions"}],"predecessor-version":[{"id":16570,"href":"https:\/\/samba-resille.org\/site\/wp-json\/wp\/v2\/posts\/16565\/revisions\/16570"}],"wp:featuredmedia":[{"embeddable":true,"href":"https:\/\/samba-resille.org\/site\/wp-json\/wp\/v2\/media\/16566"}],"wp:attachment":[{"href":"https:\/\/samba-resille.org\/site\/wp-json\/wp\/v2\/media?parent=16565"}],"wp:term":[{"taxonomy":"category","embeddable":true,"href":"https:\/\/samba-resille.org\/site\/wp-json\/wp\/v2\/categories?post=16565"},{"taxonomy":"post_tag","embeddable":true,"href":"https:\/\/samba-resille.org\/site\/wp-json\/wp\/v2\/tags?post=16565"}],"curies":[{"name":"wp","href":"https:\/\/api.w.org\/{rel}","templated":true}]}}