{"id":8953,"date":"2023-02-15T12:48:12","date_gmt":"2023-02-15T11:48:12","guid":{"rendered":"https:\/\/samba-resille.org\/site\/?p=8953"},"modified":"2023-02-24T10:39:59","modified_gmt":"2023-02-24T09:39:59","slug":"inscription-stage-vacances-de-fevrier-faites-partie-dun-orchestre-de-percussions","status":"publish","type":"post","link":"https:\/\/samba-resille.org\/site\/2023\/02\/15\/inscription-stage-vacances-de-fevrier-faites-partie-dun-orchestre-de-percussions\/","title":{"rendered":"Inscription stage vacances de f\u00e9vrier &#8211; Faites partie d&rsquo;un orchestre de percussions !"},"content":{"rendered":"\t\t<div data-elementor-type=\"wp-post\" data-elementor-id=\"8953\" class=\"elementor elementor-8953\" wpc-filter-elementor-widget=\"1\" data-elementor-post-type=\"post\">\n\t\t\t\t\t\t<section class=\"elementor-section elementor-top-section elementor-element elementor-element-38526cf elementor-section-boxed elementor-section-height-default elementor-section-height-default\" data-id=\"38526cf\" data-element_type=\"section\" data-e-type=\"section\">\n\t\t\t\t\t\t<div class=\"elementor-container elementor-column-gap-default\">\n\t\t\t\t\t<div class=\"elementor-column elementor-col-50 elementor-top-column elementor-element elementor-element-ea92fe6\" data-id=\"ea92fe6\" data-element_type=\"column\" data-e-type=\"column\">\n\t\t\t<div class=\"elementor-widget-wrap elementor-element-populated\">\n\t\t\t\t\t\t<div class=\"elementor-element elementor-element-65244af elementor-widget elementor-widget-image\" data-id=\"65244af\" data-element_type=\"widget\" data-e-type=\"widget\" data-widget_type=\"image.default\">\n\t\t\t\t<div class=\"elementor-widget-container\">\n\t\t\t\t\t\t\t\t\t\t\t\t\t\t\t<img fetchpriority=\"high\" decoding=\"async\" width=\"724\" height=\"1024\" src=\"https:\/\/samba-resille.org\/site\/wp-content\/uploads\/2023\/02\/Batuc-ados-stage-fevrier-2023-724x1024.jpg\" class=\"attachment-large size-large wp-image-8954\" alt=\"\" srcset=\"https:\/\/samba-resille.org\/site\/wp-content\/uploads\/2023\/02\/Batuc-ados-stage-fevrier-2023-724x1024.jpg 724w, https:\/\/samba-resille.org\/site\/wp-content\/uploads\/2023\/02\/Batuc-ados-stage-fevrier-2023-212x300.jpg 212w, https:\/\/samba-resille.org\/site\/wp-content\/uploads\/2023\/02\/Batuc-ados-stage-fevrier-2023-768x1086.jpg 768w, https:\/\/samba-resille.org\/site\/wp-content\/uploads\/2023\/02\/Batuc-ados-stage-fevrier-2023-1086x1536.jpg 1086w, https:\/\/samba-resille.org\/site\/wp-content\/uploads\/2023\/02\/Batuc-ados-stage-fevrier-2023-8x12.jpg 8w, https:\/\/samba-resille.org\/site\/wp-content\/uploads\/2023\/02\/Batuc-ados-stage-fevrier-2023-34x48.jpg 34w, https:\/\/samba-resille.org\/site\/wp-content\/uploads\/2023\/02\/Batuc-ados-stage-fevrier-2023.jpg 1240w\" sizes=\"(max-width: 724px) 100vw, 724px\" \/>\t\t\t\t\t\t\t\t\t\t\t\t\t\t\t<\/div>\n\t\t\t\t<\/div>\n\t\t\t\t\t<\/div>\n\t\t<\/div>\n\t\t\t\t<div class=\"elementor-column elementor-col-50 elementor-top-column elementor-element elementor-element-57c0192\" data-id=\"57c0192\" data-element_type=\"column\" data-e-type=\"column\">\n\t\t\t<div class=\"elementor-widget-wrap elementor-element-populated\">\n\t\t\t\t\t\t<div class=\"elementor-element elementor-element-858043c elementor-widget elementor-widget-text-editor\" data-id=\"858043c\" data-element_type=\"widget\" data-e-type=\"widget\" data-widget_type=\"text-editor.default\">\n\t\t\t\t<div class=\"elementor-widget-container\">\n\t\t\t\t\t\t\t\t\t<div>Vacances de f\u00e9vrier &#8211; Faites partie d&rsquo;un orchestre de percussions !<\/div><div>\u00a0<\/div><div>Ce stage s&rsquo;adresse aux jeunes de 12 \u00e0 17 ans qui veulent s&rsquo;essayer aux percussions collectives &#8211; la batucada!<\/div><div>\u00a0<\/div><div><b>La batucada c&rsquo;est quoi ?<\/b><\/div><div>\u00a0<\/div><div>Vous voyez ce qu&rsquo;est le Carnaval de Rio ? Les chars, les plumes, les danses, les costumes, et surtout la musique !<\/div><div>Et bien<span id=\"m_-7176495996994574712gmail-page3R_mcid15\"><span dir=\"ltr\" role=\"presentation\">\u00a0la batucada<\/span><span dir=\"ltr\" role=\"presentation\">\u00a0<\/span><span dir=\"ltr\" role=\"presentation\">&#8211;<\/span><span dir=\"ltr\" role=\"presentation\">\u00a0<\/span><span dir=\"ltr\" role=\"presentation\">du mot<\/span><span dir=\"ltr\" role=\"presentation\">\u00a0<\/span><span dir=\"ltr\" role=\"presentation\">batuque<\/span><span dir=\"ltr\" role=\"presentation\">\u00a0<\/span><span dir=\"ltr\" role=\"presentation\">qui signifie \u00ab<\/span><span dir=\"ltr\" role=\"presentation\">\u00a0<\/span><span dir=\"ltr\" role=\"presentation\">battre en<\/span>\u00a0<\/span><span id=\"m_-7176495996994574712gmail-page3R_mcid15\"><span dir=\"ltr\" role=\"presentation\">rythme<\/span><span dir=\"ltr\" role=\"presentation\">\u00a0<\/span><span dir=\"ltr\" role=\"presentation\">\u00bb<\/span><span dir=\"ltr\" role=\"presentation\">\u00a0<\/span><span dir=\"ltr\" role=\"presentation\">&#8211;<\/span><span dir=\"ltr\" role=\"presentation\">\u00a0<\/span><span dir=\"ltr\" role=\"presentation\">est<\/span><span dir=\"ltr\" role=\"presentation\">\u00a0le nom donn\u00e9 en France pour\u00a0<\/span><span dir=\"ltr\" role=\"presentation\">la<\/span><span dir=\"ltr\" role=\"presentation\">\u00a0<\/span>partie\u00a0<span dir=\"ltr\" role=\"presentation\">percussive<\/span><span dir=\"ltr\" role=\"presentation\">\u00a0<\/span><span dir=\"ltr\" role=\"presentation\">du<\/span>\u00a0<span dir=\"ltr\" role=\"presentation\">samba* &#8211; la musique du carnaval de Rio.<br \/><\/span><\/span><\/div><div><span id=\"m_-7176495996994574712gmail-page3R_mcid15\"><span dir=\"ltr\" role=\"presentation\">Elle est<\/span><span dir=\"ltr\" role=\"presentation\">\u00a0jou\u00e9e,<\/span><span dir=\"ltr\" role=\"presentation\">\u00a0<\/span><span dir=\"ltr\" role=\"presentation\">v\u00e9cue<\/span><span dir=\"ltr\" role=\"presentation\">\u00a0<\/span><span dir=\"ltr\" role=\"presentation\">et<\/span><span dir=\"ltr\" role=\"presentation\">\u00a0<\/span><span dir=\"ltr\" role=\"presentation\">reconnue<\/span><span dir=\"ltr\" role=\"presentation\">\u00a0<\/span><span dir=\"ltr\" role=\"presentation\">dans<\/span><span dir=\"ltr\" role=\"presentation\">\u00a0<\/span><span dir=\"ltr\" role=\"presentation\">tout<\/span><span dir=\"ltr\" role=\"presentation\">\u00a0<\/span><span dir=\"ltr\" role=\"presentation\">le<\/span><span dir=\"ltr\" role=\"presentation\">\u00a0<\/span><span dir=\"ltr\" role=\"presentation\">Br\u00e9sil, p<\/span><span dir=\"ltr\" role=\"presentation\">articuli\u00e8rement par les<\/span><span dir=\"ltr\" role=\"presentation\">\u00a0<\/span><span dir=\"ltr\" role=\"presentation\">classes populaires<\/span><span dir=\"ltr\" role=\"presentation\">, mais touche<\/span>\u00a0<span dir=\"ltr\" role=\"presentation\">n\u00e9anmoins<\/span><span dir=\"ltr\" role=\"presentation\">\u00a0<\/span><span dir=\"ltr\" role=\"presentation\">toutes<\/span><span dir=\"ltr\" role=\"presentation\">\u00a0<\/span><span dir=\"ltr\" role=\"presentation\">les<\/span><span dir=\"ltr\" role=\"presentation\">\u00a0<\/span><span dir=\"ltr\" role=\"presentation\">couches<\/span><span dir=\"ltr\" role=\"presentation\">\u00a0<\/span><span dir=\"ltr\" role=\"presentation\">sociales<\/span><span dir=\"ltr\" role=\"presentation\">\u00a0<\/span><span dir=\"ltr\" role=\"presentation\">de<\/span><span dir=\"ltr\" role=\"presentation\">\u00a0<\/span><span dir=\"ltr\" role=\"presentation\">la<\/span><span dir=\"ltr\" role=\"presentation\">\u00a0<\/span><span dir=\"ltr\" role=\"presentation\">soci\u00e9t\u00e9\u00a0<\/span><span dir=\"ltr\" role=\"presentation\">br\u00e9silienne.<\/span><\/span><\/div><div><span id=\"m_-7176495996994574712gmail-page3R_mcid15\"><span dir=\"ltr\" role=\"presentation\">\u00a0<\/span><\/span><\/div><div><b><span id=\"m_-7176495996994574712gmail-page3R_mcid15\"><span dir=\"ltr\" role=\"presentation\">Qui peut participer ?<\/span><\/span><\/b><\/div><div><span id=\"m_-7176495996994574712gmail-page3R_mcid15\"><span dir=\"ltr\" role=\"presentation\">\u00a0<\/span><\/span><\/div><div><span id=\"m_-7176495996994574712gmail-page3R_mcid15\"><span dir=\"ltr\" role=\"presentation\">Tout le monde ! Il n&rsquo;y a pas de pr\u00e9requis musical, la pratique est accessible \u00e0 tous.<\/span><\/span><\/div><div><span id=\"m_-7176495996994574712gmail-page3R_mcid15\"><span dir=\"ltr\" role=\"presentation\">L&rsquo;association Samba R\u00e9sille met \u00e0 disposition tout le mat\u00e9riel n\u00e9cessaire &#8211; instruments et protections auditives.<\/span><\/span><\/div><div><span id=\"m_-7176495996994574712gmail-page3R_mcid15\"><span dir=\"ltr\" role=\"presentation\">\u00a0<\/span><\/span><\/div><div><b><span id=\"m_-7176495996994574712gmail-page3R_mcid15\"><span dir=\"ltr\" role=\"presentation\">C&rsquo;est quand et comment ?<\/span><\/span><\/b><\/div><div><span id=\"m_-7176495996994574712gmail-page3R_mcid15\"><span dir=\"ltr\" role=\"presentation\">\u00a0<\/span><\/span><\/div><div><span id=\"m_-7176495996994574712gmail-page3R_mcid15\"><span dir=\"ltr\" role=\"presentation\">Tous les apr\u00e8s-midi, du 27 f\u00e9vrier au 3 mars, de 14h \u00e0 17h.<\/span><\/span><\/div><div><span id=\"m_-7176495996994574712gmail-page3R_mcid15\"><span dir=\"ltr\" role=\"presentation\">Au local de Samba R\u00e9sille &#8211; 38 rue Roquelaine &#8211; dans notre studio insonoris\u00e9 adapt\u00e9 \u00e0 accueillir de grands groupes de percussions.<br \/><\/span><\/span><\/div><div><span id=\"m_-7176495996994574712gmail-page3R_mcid15\"><span dir=\"ltr\" role=\"presentation\">\u00a0<\/span><\/span><\/div><div><b><span id=\"m_-7176495996994574712gmail-page3R_mcid15\"><span dir=\"ltr\" role=\"presentation\">Vous voulez en savoir plus ?<\/span><\/span><\/b><\/div><div><span id=\"m_-7176495996994574712gmail-page3R_mcid15\"><span dir=\"ltr\" role=\"presentation\">\u00a0<\/span><\/span><\/div><div><span id=\"m_-7176495996994574712gmail-page3R_mcid15\"><span dir=\"ltr\" role=\"presentation\">Contactez-nous au 05 34 416 216 ou par mail &#8211;\u00a0<a href=\"mailto:greg@samba-resille.org\" target=\"_blank\" rel=\"noopener\">greg@samba-resille.org<\/a><\/span><\/span><\/div>\t\t\t\t\t\t\t\t<\/div>\n\t\t\t\t<\/div>\n\t\t\t\t\t<\/div>\n\t\t<\/div>\n\t\t\t\t\t<\/div>\n\t\t<\/section>\n\t\t\t\t<section class=\"elementor-section elementor-top-section elementor-element elementor-element-e02843c elementor-section-boxed elementor-section-height-default elementor-section-height-default\" data-id=\"e02843c\" data-element_type=\"section\" data-e-type=\"section\">\n\t\t\t\t\t\t<div class=\"elementor-container elementor-column-gap-default\">\n\t\t\t\t\t<div class=\"elementor-column elementor-col-100 elementor-top-column elementor-element elementor-element-1917e8a\" data-id=\"1917e8a\" data-element_type=\"column\" data-e-type=\"column\">\n\t\t\t<div class=\"elementor-widget-wrap elementor-element-populated\">\n\t\t\t\t\t\t<div class=\"elementor-element elementor-element-5651ba8 elementor-widget elementor-widget-text-editor\" data-id=\"5651ba8\" data-element_type=\"widget\" data-e-type=\"widget\" data-widget_type=\"text-editor.default\">\n\t\t\t\t<div class=\"elementor-widget-container\">\n\t\t\t\t\t\t\t\t\t<h3>Inscrivez-vous d\u00e8s maintenant &gt;&gt;&gt;<\/h3>\t\t\t\t\t\t\t\t<\/div>\n\t\t\t\t<\/div>\n\t\t\t\t\t<\/div>\n\t\t<\/div>\n\t\t\t\t\t<\/div>\n\t\t<\/section>\n\t\t\t\t<section class=\"elementor-section elementor-top-section elementor-element elementor-element-75db2b8 elementor-section-boxed elementor-section-height-default elementor-section-height-default\" data-id=\"75db2b8\" data-element_type=\"section\" data-e-type=\"section\">\n\t\t\t\t\t\t<div class=\"elementor-container elementor-column-gap-default\">\n\t\t\t\t\t<div class=\"elementor-column elementor-col-100 elementor-top-column elementor-element elementor-element-e8f0ea3\" data-id=\"e8f0ea3\" data-element_type=\"column\" data-e-type=\"column\">\n\t\t\t<div class=\"elementor-widget-wrap elementor-element-populated\">\n\t\t\t\t\t\t<div class=\"elementor-element elementor-element-33ae1c5 elementor-widget elementor-widget-text-editor\" data-id=\"33ae1c5\" data-element_type=\"widget\" data-e-type=\"widget\" data-widget_type=\"text-editor.default\">\n\t\t\t\t<div class=\"elementor-widget-container\">\n\t\t\t\t\t\t\t\t\t<iframe src=\"https:\/\/docs.google.com\/forms\/d\/e\/1FAIpQLSdb6oB1mdnmg7k2eCA5wQYaVZ_8r2klDJ_H_9A_4_B4JPjjbw\/viewform?embedded=true\" width=\"640\" height=\"2366\" frameborder=\"0\" marginheight=\"0\" marginwidth=\"0\">Chargement\u2026<\/iframe>\t\t\t\t\t\t\t\t<\/div>\n\t\t\t\t<\/div>\n\t\t\t\t\t<\/div>\n\t\t<\/div>\n\t\t\t\t\t<\/div>\n\t\t<\/section>\n\t\t\t\t<\/div>\n\t\t","protected":false},"excerpt":{"rendered":"<p>Vacances de f\u00e9vrier &#8211; Faites partie d&rsquo;un orchestre de percussions !&nbsp;Ce stage s&rsquo;adresse aux jeunes de 12 \u00e0 17 ans qui veulent s&rsquo;essayer aux percussions collectives &#8211; la batucada!&nbsp;La batucada c&rsquo;est quoi ?&nbsp;Vous voyez ce qu&rsquo;est le Carnaval de Rio ? Les chars, les plumes, les danses, les costumes, et surtout la musique !Et bien&nbsp;la [&hellip;]<\/p>\n","protected":false},"author":5,"featured_media":8954,"comment_status":"closed","ping_status":"closed","sticky":false,"template":"","format":"standard","meta":{"footnotes":""},"categories":[22],"tags":[],"class_list":["post-8953","post","type-post","status-publish","format-standard","has-post-thumbnail","hentry","category-non-classe-fr"],"_links":{"self":[{"href":"https:\/\/samba-resille.org\/site\/wp-json\/wp\/v2\/posts\/8953","targetHints":{"allow":["GET"]}}],"collection":[{"href":"https:\/\/samba-resille.org\/site\/wp-json\/wp\/v2\/posts"}],"about":[{"href":"https:\/\/samba-resille.org\/site\/wp-json\/wp\/v2\/types\/post"}],"author":[{"embeddable":true,"href":"https:\/\/samba-resille.org\/site\/wp-json\/wp\/v2\/users\/5"}],"replies":[{"embeddable":true,"href":"https:\/\/samba-resille.org\/site\/wp-json\/wp\/v2\/comments?post=8953"}],"version-history":[{"count":5,"href":"https:\/\/samba-resille.org\/site\/wp-json\/wp\/v2\/posts\/8953\/revisions"}],"predecessor-version":[{"id":8959,"href":"https:\/\/samba-resille.org\/site\/wp-json\/wp\/v2\/posts\/8953\/revisions\/8959"}],"wp:featuredmedia":[{"embeddable":true,"href":"https:\/\/samba-resille.org\/site\/wp-json\/wp\/v2\/media\/8954"}],"wp:attachment":[{"href":"https:\/\/samba-resille.org\/site\/wp-json\/wp\/v2\/media?parent=8953"}],"wp:term":[{"taxonomy":"category","embeddable":true,"href":"https:\/\/samba-resille.org\/site\/wp-json\/wp\/v2\/categories?post=8953"},{"taxonomy":"post_tag","embeddable":true,"href":"https:\/\/samba-resille.org\/site\/wp-json\/wp\/v2\/tags?post=8953"}],"curies":[{"name":"wp","href":"https:\/\/api.w.org\/{rel}","templated":true}]}}