{"id":9697,"date":"2023-07-07T12:54:59","date_gmt":"2023-07-07T10:54:59","guid":{"rendered":"https:\/\/samba-resille.org\/site\/?p=9697"},"modified":"2024-06-19T11:24:18","modified_gmt":"2024-06-19T09:24:18","slug":"depart-pour-bruxelles-formation-aux-rythmes-balkans","status":"publish","type":"post","link":"https:\/\/samba-resille.org\/site\/2023\/07\/07\/depart-pour-bruxelles-formation-aux-rythmes-balkans\/","title":{"rendered":"D\u00e9part pour Bruxelles &#8211; Formation aux rythmes Balkans"},"content":{"rendered":"\t\t<div data-elementor-type=\"wp-post\" data-elementor-id=\"9697\" class=\"elementor elementor-9697\" wpc-filter-elementor-widget=\"1\" data-elementor-post-type=\"post\">\n\t\t\t\t\t\t<section class=\"elementor-section elementor-top-section elementor-element elementor-element-2ba2bd6 elementor-section-boxed elementor-section-height-default elementor-section-height-default\" data-id=\"2ba2bd6\" data-element_type=\"section\" data-e-type=\"section\">\n\t\t\t\t\t\t<div class=\"elementor-container elementor-column-gap-default\">\n\t\t\t\t\t<div class=\"elementor-column elementor-col-50 elementor-top-column elementor-element elementor-element-dd676de\" data-id=\"dd676de\" data-element_type=\"column\" data-e-type=\"column\">\n\t\t\t<div class=\"elementor-widget-wrap elementor-element-populated\">\n\t\t\t\t\t\t<div class=\"elementor-element elementor-element-3695627 elementor-widget__width-initial e-transform e-transform elementor-widget elementor-widget-image\" data-id=\"3695627\" data-element_type=\"widget\" data-e-type=\"widget\" data-settings=\"{&quot;_transform_translateX_effect&quot;:{&quot;unit&quot;:&quot;px&quot;,&quot;size&quot;:21,&quot;sizes&quot;:[]},&quot;_transform_translateY_effect&quot;:{&quot;unit&quot;:&quot;px&quot;,&quot;size&quot;:80,&quot;sizes&quot;:[]},&quot;_transform_scale_effect&quot;:{&quot;unit&quot;:&quot;px&quot;,&quot;size&quot;:1.6,&quot;sizes&quot;:[]},&quot;_transform_translateX_effect_tablet&quot;:{&quot;unit&quot;:&quot;px&quot;,&quot;size&quot;:&quot;&quot;,&quot;sizes&quot;:[]},&quot;_transform_translateX_effect_mobile&quot;:{&quot;unit&quot;:&quot;px&quot;,&quot;size&quot;:&quot;&quot;,&quot;sizes&quot;:[]},&quot;_transform_translateY_effect_tablet&quot;:{&quot;unit&quot;:&quot;px&quot;,&quot;size&quot;:&quot;&quot;,&quot;sizes&quot;:[]},&quot;_transform_translateY_effect_mobile&quot;:{&quot;unit&quot;:&quot;px&quot;,&quot;size&quot;:&quot;&quot;,&quot;sizes&quot;:[]},&quot;_transform_scale_effect_tablet&quot;:{&quot;unit&quot;:&quot;px&quot;,&quot;size&quot;:&quot;&quot;,&quot;sizes&quot;:[]},&quot;_transform_scale_effect_mobile&quot;:{&quot;unit&quot;:&quot;px&quot;,&quot;size&quot;:&quot;&quot;,&quot;sizes&quot;:[]}}\" data-widget_type=\"image.default\">\n\t\t\t\t<div class=\"elementor-widget-container\">\n\t\t\t\t\t\t\t\t\t\t\t\t\t\t\t<img fetchpriority=\"high\" decoding=\"async\" width=\"800\" height=\"600\" src=\"https:\/\/samba-resille.org\/site\/wp-content\/uploads\/2023\/07\/P2240856-1024x768.jpg\" class=\"attachment-large size-large wp-image-9698\" alt=\"\" srcset=\"https:\/\/samba-resille.org\/site\/wp-content\/uploads\/2023\/07\/P2240856-1024x768.jpg 1024w, https:\/\/samba-resille.org\/site\/wp-content\/uploads\/2023\/07\/P2240856-300x225.jpg 300w, https:\/\/samba-resille.org\/site\/wp-content\/uploads\/2023\/07\/P2240856-768x576.jpg 768w, https:\/\/samba-resille.org\/site\/wp-content\/uploads\/2023\/07\/P2240856-1536x1152.jpg 1536w, https:\/\/samba-resille.org\/site\/wp-content\/uploads\/2023\/07\/P2240856-2048x1536.jpg 2048w, https:\/\/samba-resille.org\/site\/wp-content\/uploads\/2023\/07\/P2240856-16x12.jpg 16w, https:\/\/samba-resille.org\/site\/wp-content\/uploads\/2023\/07\/P2240856-48x36.jpg 48w\" sizes=\"(max-width: 800px) 100vw, 800px\" \/>\t\t\t\t\t\t\t\t\t\t\t\t\t\t\t<\/div>\n\t\t\t\t<\/div>\n\t\t\t\t\t<\/div>\n\t\t<\/div>\n\t\t\t\t<div class=\"elementor-column elementor-col-50 elementor-top-column elementor-element elementor-element-e7bd9ae\" data-id=\"e7bd9ae\" data-element_type=\"column\" data-e-type=\"column\">\n\t\t\t<div class=\"elementor-widget-wrap elementor-element-populated\">\n\t\t\t\t\t\t<div class=\"elementor-element elementor-element-31dad9b elementor-widget__width-initial elementor-widget elementor-widget-text-editor\" data-id=\"31dad9b\" data-element_type=\"widget\" data-e-type=\"widget\" data-widget_type=\"text-editor.default\">\n\t\t\t\t<div class=\"elementor-widget-container\">\n\t\t\t\t\t\t\t\t\t<p>Cette mobilit\u00e9 p\u00e9dagogique s&rsquo;inscrit dans le projet musical interdisciplinaire \u00ab\u00a0Carnavals du Monde\u00a0\u00bb (batucada\/chant\/fanfare) et s&rsquo;adresse donc \u00e0 tous les adh\u00e9rents de l&rsquo;association. Il vise l&rsquo;acquisition d&rsquo;au moins deux morceaux de musique des Balkans construits sur une nouveaut\u00e9 rythmique pour Samba R\u00e9sille, les fameux rythmes impairs employ\u00e9s dans de nombreux r\u00e9pertoires (Balkans, Turquie, Inde, etc).<\/p><p>\u00a0<\/p><p><strong><em>Suivez les aventures de la mobilit\u00e9 sur nos r\u00e9seaux sociaux !<\/em><\/strong><\/p>\t\t\t\t\t\t\t\t<\/div>\n\t\t\t\t<\/div>\n\t\t\t\t\t<\/div>\n\t\t<\/div>\n\t\t\t\t\t<\/div>\n\t\t<\/section>\n\t\t\t\t<\/div>\n\t\t","protected":false},"excerpt":{"rendered":"<p>Cette mobilit\u00e9 p\u00e9dagogique s&rsquo;inscrit dans le projet musical interdisciplinaire \u00ab\u00a0Carnavals du Monde\u00a0\u00bb (batucada\/chant\/fanfare) et s&rsquo;adresse donc \u00e0 tous les adh\u00e9rents de l&rsquo;association. Il vise l&rsquo;acquisition d&rsquo;au moins deux morceaux de musique des Balkans construits sur une nouveaut\u00e9 rythmique pour Samba R\u00e9sille, les fameux rythmes impairs employ\u00e9s dans de nombreux r\u00e9pertoires (Balkans, Turquie, Inde, etc). \u00a0 [&hellip;]<\/p>\n","protected":false},"author":5,"featured_media":9698,"comment_status":"closed","ping_status":"closed","sticky":false,"template":"","format":"standard","meta":{"footnotes":""},"categories":[40,44],"tags":[],"class_list":["post-9697","post","type-post","status-publish","format-standard","has-post-thumbnail","hentry","category-evenement","category-international"],"_links":{"self":[{"href":"https:\/\/samba-resille.org\/site\/wp-json\/wp\/v2\/posts\/9697","targetHints":{"allow":["GET"]}}],"collection":[{"href":"https:\/\/samba-resille.org\/site\/wp-json\/wp\/v2\/posts"}],"about":[{"href":"https:\/\/samba-resille.org\/site\/wp-json\/wp\/v2\/types\/post"}],"author":[{"embeddable":true,"href":"https:\/\/samba-resille.org\/site\/wp-json\/wp\/v2\/users\/5"}],"replies":[{"embeddable":true,"href":"https:\/\/samba-resille.org\/site\/wp-json\/wp\/v2\/comments?post=9697"}],"version-history":[{"count":10,"href":"https:\/\/samba-resille.org\/site\/wp-json\/wp\/v2\/posts\/9697\/revisions"}],"predecessor-version":[{"id":9714,"href":"https:\/\/samba-resille.org\/site\/wp-json\/wp\/v2\/posts\/9697\/revisions\/9714"}],"wp:featuredmedia":[{"embeddable":true,"href":"https:\/\/samba-resille.org\/site\/wp-json\/wp\/v2\/media\/9698"}],"wp:attachment":[{"href":"https:\/\/samba-resille.org\/site\/wp-json\/wp\/v2\/media?parent=9697"}],"wp:term":[{"taxonomy":"category","embeddable":true,"href":"https:\/\/samba-resille.org\/site\/wp-json\/wp\/v2\/categories?post=9697"},{"taxonomy":"post_tag","embeddable":true,"href":"https:\/\/samba-resille.org\/site\/wp-json\/wp\/v2\/tags?post=9697"}],"curies":[{"name":"wp","href":"https:\/\/api.w.org\/{rel}","templated":true}]}}